{"id":24726,"date":"2019-09-10T19:27:31","date_gmt":"2019-09-10T19:27:31","guid":{"rendered":"https:\/\/www.achimbrueckner.de\/dxradio\/php\/wordpress\/?p=24726"},"modified":"2019-09-10T19:27:31","modified_gmt":"2019-09-10T19:27:31","slug":"digitalbranche-steckt-in-ihrer-grosten-krise-warum-vertrauen-mehr-sein-muss-als-nur-ein-nettes-messe-motto","status":"publish","type":"post","link":"https:\/\/www.achimbrueckner.de\/dxradio\/php\/wordpress\/?p=24726","title":{"rendered":"\u201cDigitalbranche steckt in ihrer gr\u00f6\u00dften Krise\u201d: Warum Vertrauen mehr sein muss als nur ein nettes Messe-Motto"},"content":{"rendered":"<p><a href=\"https:\/\/meedia.de\/2019\/09\/10\/digitalbranche-steckt-in-ihrer-groessten-krise-warum-vertrauen-mehr-sein-muss-als-nur-ein-nettes-motto\/\" rel=\"noopener noreferrer\" target=\"_blank\">https:\/\/meedia.de\/2019\/09\/10\/digitalbranche-steckt-in-ihrer-groessten-krise-warum-vertrauen-mehr-sein-muss-als-nur-ein-nettes-motto\/<\/a><\/p>\n","protected":false},"excerpt":{"rendered":"<p>https:\/\/meedia.de\/2019\/09\/10\/digitalbranche-steckt-in-ihrer-groessten-krise-warum-vertrauen-mehr-sein-muss-als-nur-ein-nettes-motto\/<\/p>\n","protected":false},"author":1,"featured_media":0,"comment_status":"closed","ping_status":"open","sticky":false,"template":"","format":"standard","meta":{"_jetpack_memberships_contains_paid_content":false,"footnotes":"","jetpack_publicize_message":"","jetpack_publicize_feature_enabled":true,"jetpack_social_post_already_shared":true,"jetpack_social_options":{"image_generator_settings":{"template":"highway","default_image_id":0,"font":"","enabled":false},"version":2}},"categories":[1],"tags":[],"class_list":["post-24726","post","type-post","status-publish","format-standard","hentry","category-deutsch"],"jetpack_publicize_connections":[],"jetpack_featured_media_url":"","jetpack_sharing_enabled":true,"jetpack_shortlink":"https:\/\/wp.me\/p5CDmr-6qO","jetpack-related-posts":[{"id":5893,"url":"https:\/\/www.achimbrueckner.de\/dxradio\/php\/wordpress\/?p=5893","url_meta":{"origin":24726,"position":0},"title":"Quoten-Flops und \u00c4rger ums Geld: Der WDR steckt in der Krise","author":"Administrator","date":"September 11, 2015","format":false,"excerpt":"http:\/\/www.derwesten.de\/politik\/warum-der-wdr-in-der-krise-steckt-id11078260.html","rel":"","context":"In &quot;Deutsch&quot;","block_context":{"text":"Deutsch","link":"https:\/\/www.achimbrueckner.de\/dxradio\/php\/wordpress\/?cat=1"},"img":{"alt_text":"","src":"","width":0,"height":0},"classes":[]},{"id":15262,"url":"https:\/\/www.achimbrueckner.de\/dxradio\/php\/wordpress\/?p=15262","url_meta":{"origin":24726,"position":1},"title":"Steckt das lineare Fernsehen in der Krise ?","author":"Administrator","date":"October 31, 2017","format":false,"excerpt":"http:\/\/www.digitalfernsehen.de\/Steckt-das-lineare-Fernsehen-in-der-Krise.158371.0.html","rel":"","context":"In &quot;Deutsch&quot;","block_context":{"text":"Deutsch","link":"https:\/\/www.achimbrueckner.de\/dxradio\/php\/wordpress\/?cat=1"},"img":{"alt_text":"","src":"","width":0,"height":0},"classes":[]},{"id":27749,"url":"https:\/\/www.achimbrueckner.de\/dxradio\/php\/wordpress\/?p=27749","url_meta":{"origin":24726,"position":2},"title":"Diesen Medien vertrauen die Menschen in der Krise","author":"Administrator","date":"March 25, 2020","format":false,"excerpt":"https:\/\/www.wuv.de\/medien\/diesen_medien_vertrauen_die_menschen_in_der_krise","rel":"","context":"In &quot;Deutsch&quot;","block_context":{"text":"Deutsch","link":"https:\/\/www.achimbrueckner.de\/dxradio\/php\/wordpress\/?cat=1"},"img":{"alt_text":"","src":"","width":0,"height":0},"classes":[]},{"id":30681,"url":"https:\/\/www.achimbrueckner.de\/dxradio\/php\/wordpress\/?p=30681","url_meta":{"origin":24726,"position":3},"title":"Der Pop im Programm muss mehr als nur \u201epopul\u00e4r\u201c sein","author":"Administrator","date":"November 4, 2020","format":false,"excerpt":"https:\/\/www.radioszene.de\/149237\/puls-christoph-lindemann-interview.html","rel":"","context":"In &quot;Deutsch&quot;","block_context":{"text":"Deutsch","link":"https:\/\/www.achimbrueckner.de\/dxradio\/php\/wordpress\/?cat=1"},"img":{"alt_text":"","src":"","width":0,"height":0},"classes":[]},{"id":26611,"url":"https:\/\/www.achimbrueckner.de\/dxradio\/php\/wordpress\/?p=26611","url_meta":{"origin":24726,"position":4},"title":"\u00d6ffentlich-Rechtliche in der Krise Warum die Oma im H\u00fchnerstall Motorrad f\u00e4hrt","author":"Administrator","date":"January 10, 2020","format":false,"excerpt":"https:\/\/www.tagesspiegel.de\/gesellschaft\/medien\/oeffentlich-rechtliche-in-der-krise-warum-die-oma-im-huehnerstall-motorrad-faehrt\/25420954.html","rel":"","context":"In &quot;Deutsch&quot;","block_context":{"text":"Deutsch","link":"https:\/\/www.achimbrueckner.de\/dxradio\/php\/wordpress\/?cat=1"},"img":{"alt_text":"","src":"","width":0,"height":0},"classes":[]},{"id":41658,"url":"https:\/\/www.achimbrueckner.de\/dxradio\/php\/wordpress\/?p=41658","url_meta":{"origin":24726,"position":5},"title":"Aussterbende ihrer Art? Warum es in Kiel immer noch Funkamateure gibt","author":"Administrator","date":"September 3, 2024","format":false,"excerpt":"https:\/\/www.kn-online.de\/lokales\/kiel\/funkamateur-in-kiel-warum-david-hengst-sein-hobby-so-liebt-CISZZVGNXNHX5MKJXI4FQA5X2U.html","rel":"","context":"In &quot;Deutsch&quot;","block_context":{"text":"Deutsch","link":"https:\/\/www.achimbrueckner.de\/dxradio\/php\/wordpress\/?cat=1"},"img":{"alt_text":"","src":"","width":0,"height":0},"classes":[]}],"_links":{"self":[{"href":"https:\/\/www.achimbrueckner.de\/dxradio\/php\/wordpress\/index.php?rest_route=\/wp\/v2\/posts\/24726","targetHints":{"allow":["GET"]}}],"collection":[{"href":"https:\/\/www.achimbrueckner.de\/dxradio\/php\/wordpress\/index.php?rest_route=\/wp\/v2\/posts"}],"about":[{"href":"https:\/\/www.achimbrueckner.de\/dxradio\/php\/wordpress\/index.php?rest_route=\/wp\/v2\/types\/post"}],"author":[{"embeddable":true,"href":"https:\/\/www.achimbrueckner.de\/dxradio\/php\/wordpress\/index.php?rest_route=\/wp\/v2\/users\/1"}],"replies":[{"embeddable":true,"href":"https:\/\/www.achimbrueckner.de\/dxradio\/php\/wordpress\/index.php?rest_route=%2Fwp%2Fv2%2Fcomments&post=24726"}],"version-history":[{"count":0,"href":"https:\/\/www.achimbrueckner.de\/dxradio\/php\/wordpress\/index.php?rest_route=\/wp\/v2\/posts\/24726\/revisions"}],"wp:attachment":[{"href":"https:\/\/www.achimbrueckner.de\/dxradio\/php\/wordpress\/index.php?rest_route=%2Fwp%2Fv2%2Fmedia&parent=24726"}],"wp:term":[{"taxonomy":"category","embeddable":true,"href":"https:\/\/www.achimbrueckner.de\/dxradio\/php\/wordpress\/index.php?rest_route=%2Fwp%2Fv2%2Fcategories&post=24726"},{"taxonomy":"post_tag","embeddable":true,"href":"https:\/\/www.achimbrueckner.de\/dxradio\/php\/wordpress\/index.php?rest_route=%2Fwp%2Fv2%2Ftags&post=24726"}],"curies":[{"name":"wp","href":"https:\/\/api.w.org\/{rel}","templated":true}]}}