{"id":24737,"date":"2019-09-11T16:20:39","date_gmt":"2019-09-11T16:20:39","guid":{"rendered":"https:\/\/www.achimbrueckner.de\/dxradio\/php\/wordpress\/?p=24737"},"modified":"2019-09-11T16:20:39","modified_gmt":"2019-09-11T16:20:39","slug":"ifa-2019-zahlt-245-000-besucher","status":"publish","type":"post","link":"https:\/\/www.achimbrueckner.de\/dxradio\/php\/wordpress\/?p=24737","title":{"rendered":"IFA 2019 z\u00e4hlt 245.000 Besucher"},"content":{"rendered":"<p><a href=\"https:\/\/www.infosat.de\/entertainment\/ifa-2019-z-hlt-245000-besucher\" rel=\"noopener noreferrer\" target=\"_blank\">https:\/\/www.infosat.de\/entertainment\/ifa-2019-z-hlt-245000-besucher<\/a><\/p>\n","protected":false},"excerpt":{"rendered":"<p>https:\/\/www.infosat.de\/entertainment\/ifa-2019-z-hlt-245000-besucher<\/p>\n","protected":false},"author":1,"featured_media":0,"comment_status":"closed","ping_status":"open","sticky":false,"template":"","format":"standard","meta":{"_jetpack_memberships_contains_paid_content":false,"footnotes":"","jetpack_publicize_message":"","jetpack_publicize_feature_enabled":true,"jetpack_social_post_already_shared":true,"jetpack_social_options":{"image_generator_settings":{"template":"highway","default_image_id":0,"font":"","enabled":false},"version":2}},"categories":[1],"tags":[],"class_list":["post-24737","post","type-post","status-publish","format-standard","hentry","category-deutsch"],"jetpack_publicize_connections":[],"jetpack_featured_media_url":"","jetpack_sharing_enabled":true,"jetpack_shortlink":"https:\/\/wp.me\/p5CDmr-6qZ","jetpack-related-posts":[{"id":40055,"url":"https:\/\/www.achimbrueckner.de\/dxradio\/php\/wordpress\/?p=40055","url_meta":{"origin":24737,"position":0},"title":"IFA 2023: Diese Produkt-Highlights erwarten die Besucher","author":"Administrator","date":"August 24, 2023","format":false,"excerpt":"https:\/\/www.teltarif.de\/ifa-2023-neuheiten-samsung-lg\/news\/92839.html","rel":"","context":"In &quot;Deutsch&quot;","block_context":{"text":"Deutsch","link":"https:\/\/www.achimbrueckner.de\/dxradio\/php\/wordpress\/?cat=1"},"img":{"alt_text":"","src":"","width":0,"height":0},"classes":[]},{"id":4820,"url":"https:\/\/www.achimbrueckner.de\/dxradio\/php\/wordpress\/?p=4820","url_meta":{"origin":24737,"position":1},"title":"Medienanstalten auf dem Kirchentag \u2013 Besucher k\u00f6nnen selbst Radio machen","author":"Administrator","date":"June 5, 2015","format":false,"excerpt":"https:\/\/www.infosat.de\/entertainment\/medienanstalten-auf-dem-kirchentag-besucher-k-nnen-selbst-radio-machen","rel":"","context":"In &quot;Deutsch&quot;","block_context":{"text":"Deutsch","link":"https:\/\/www.achimbrueckner.de\/dxradio\/php\/wordpress\/?cat=1"},"img":{"alt_text":"","src":"","width":0,"height":0},"classes":[]},{"id":18675,"url":"https:\/\/www.achimbrueckner.de\/dxradio\/php\/wordpress\/?p=18675","url_meta":{"origin":24737,"position":2},"title":"IFA+ Summit 2018: Mit Technologie die Zukunft gestalten","author":"Administrator","date":"August 2, 2018","format":false,"excerpt":"https:\/\/www.infosat.de\/entertainment\/ifa-summit-2018-mit-technologie-die-zukunft-gestalten","rel":"","context":"In &quot;Deutsch&quot;","block_context":{"text":"Deutsch","link":"https:\/\/www.achimbrueckner.de\/dxradio\/php\/wordpress\/?cat=1"},"img":{"alt_text":"","src":"","width":0,"height":0},"classes":[]},{"id":24635,"url":"https:\/\/www.achimbrueckner.de\/dxradio\/php\/wordpress\/?p=24635","url_meta":{"origin":24737,"position":3},"title":"Mehr Pixel und Kan\u00e4le: Die Fernseh-Trends der IFA","author":"Administrator","date":"September 5, 2019","format":false,"excerpt":"https:\/\/www.infosat.de\/entertainment\/mehr-pixel-und-kan-le-die-fernseh-trends-der-ifa","rel":"","context":"In &quot;Deutsch&quot;","block_context":{"text":"Deutsch","link":"https:\/\/www.achimbrueckner.de\/dxradio\/php\/wordpress\/?cat=1"},"img":{"alt_text":"","src":"","width":0,"height":0},"classes":[]},{"id":18925,"url":"https:\/\/www.achimbrueckner.de\/dxradio\/php\/wordpress\/?p=18925","url_meta":{"origin":24737,"position":4},"title":"IFA Treffen 2018 &#8211; zur Erinnerung Fr + Sa (aber mit getauschten \u00d6rtlichkeiten)","author":"Administrator","date":"August 26, 2018","format":false,"excerpt":"1.) https:\/\/www.fading.de\/termine\/ifa-radiotreffen \"....Dieses traditionelle Radiotreffen zur Internationalen Funkausstellung in Berlin (IFA) findet in diesem Jahr bereits am Freitag, den 31. August 2018 statt.\" \"....Wie schon in fr\u00fcheren Jahren nutzen wir dazu die R\u00e4ume des Preu\u00dfischen Landwirtshauses gleich in der N\u00e4he des Messegel\u00e4ndes (Flatowallee 23, in 14055 Berlin, http:\/\/www.preussisches-landwirtshaus.de). Los geht's\u2026","rel":"","context":"In &quot;Deutsch&quot;","block_context":{"text":"Deutsch","link":"https:\/\/www.achimbrueckner.de\/dxradio\/php\/wordpress\/?cat=1"},"img":{"alt_text":"","src":"","width":0,"height":0},"classes":[]},{"id":24688,"url":"https:\/\/www.achimbrueckner.de\/dxradio\/php\/wordpress\/?p=24688","url_meta":{"origin":24737,"position":5},"title":"Das war die IFA 2019","author":"Administrator","date":"September 8, 2019","format":false,"excerpt":"https:\/\/www.smartphonefan.de\/2019\/09\/08\/das-war-die-ifa-2019\/","rel":"","context":"In &quot;Deutsch&quot;","block_context":{"text":"Deutsch","link":"https:\/\/www.achimbrueckner.de\/dxradio\/php\/wordpress\/?cat=1"},"img":{"alt_text":"","src":"","width":0,"height":0},"classes":[]}],"_links":{"self":[{"href":"https:\/\/www.achimbrueckner.de\/dxradio\/php\/wordpress\/index.php?rest_route=\/wp\/v2\/posts\/24737","targetHints":{"allow":["GET"]}}],"collection":[{"href":"https:\/\/www.achimbrueckner.de\/dxradio\/php\/wordpress\/index.php?rest_route=\/wp\/v2\/posts"}],"about":[{"href":"https:\/\/www.achimbrueckner.de\/dxradio\/php\/wordpress\/index.php?rest_route=\/wp\/v2\/types\/post"}],"author":[{"embeddable":true,"href":"https:\/\/www.achimbrueckner.de\/dxradio\/php\/wordpress\/index.php?rest_route=\/wp\/v2\/users\/1"}],"replies":[{"embeddable":true,"href":"https:\/\/www.achimbrueckner.de\/dxradio\/php\/wordpress\/index.php?rest_route=%2Fwp%2Fv2%2Fcomments&post=24737"}],"version-history":[{"count":0,"href":"https:\/\/www.achimbrueckner.de\/dxradio\/php\/wordpress\/index.php?rest_route=\/wp\/v2\/posts\/24737\/revisions"}],"wp:attachment":[{"href":"https:\/\/www.achimbrueckner.de\/dxradio\/php\/wordpress\/index.php?rest_route=%2Fwp%2Fv2%2Fmedia&parent=24737"}],"wp:term":[{"taxonomy":"category","embeddable":true,"href":"https:\/\/www.achimbrueckner.de\/dxradio\/php\/wordpress\/index.php?rest_route=%2Fwp%2Fv2%2Fcategories&post=24737"},{"taxonomy":"post_tag","embeddable":true,"href":"https:\/\/www.achimbrueckner.de\/dxradio\/php\/wordpress\/index.php?rest_route=%2Fwp%2Fv2%2Ftags&post=24737"}],"curies":[{"name":"wp","href":"https:\/\/api.w.org\/{rel}","templated":true}]}}