{"id":24759,"date":"2019-09-12T16:11:30","date_gmt":"2019-09-12T16:11:30","guid":{"rendered":"https:\/\/www.achimbrueckner.de\/dxradio\/php\/wordpress\/?p=24759"},"modified":"2019-09-12T16:11:30","modified_gmt":"2019-09-12T16:11:30","slug":"technisat-dab-radios-auf-der-iaa","status":"publish","type":"post","link":"https:\/\/www.achimbrueckner.de\/dxradio\/php\/wordpress\/?p=24759","title":{"rendered":"TechniSat DAB+ Radios auf der IAA"},"content":{"rendered":"<p><a href=\"https:\/\/www.eifelzeitung.de\/medien\/technisat-dab-radios-auf-der-iaa-223154\/\" rel=\"noopener noreferrer\" target=\"_blank\">https:\/\/www.eifelzeitung.de\/medien\/technisat-dab-radios-auf-der-iaa-223154\/<\/a><\/p>\n","protected":false},"excerpt":{"rendered":"<p>https:\/\/www.eifelzeitung.de\/medien\/technisat-dab-radios-auf-der-iaa-223154\/<\/p>\n","protected":false},"author":1,"featured_media":0,"comment_status":"closed","ping_status":"open","sticky":false,"template":"","format":"standard","meta":{"_jetpack_memberships_contains_paid_content":false,"footnotes":"","jetpack_publicize_message":"","jetpack_publicize_feature_enabled":true,"jetpack_social_post_already_shared":true,"jetpack_social_options":{"image_generator_settings":{"template":"highway","default_image_id":0,"font":"","enabled":false},"version":2}},"categories":[1,15],"tags":[31,45],"class_list":["post-24759","post","type-post","status-publish","format-standard","hentry","category-deutsch","category-medien","tag-dab","tag-medien"],"jetpack_publicize_connections":[],"jetpack_featured_media_url":"","jetpack_sharing_enabled":true,"jetpack_shortlink":"https:\/\/wp.me\/p5CDmr-6rl","jetpack-related-posts":[{"id":23713,"url":"https:\/\/www.achimbrueckner.de\/dxradio\/php\/wordpress\/?p=23713","url_meta":{"origin":24759,"position":0},"title":"Umstieg von UKW auf DAB+ F\u00fcr das Privatradio geht es ums \u00dcberleben","author":"Administrator","date":"July 9, 2019","format":false,"excerpt":"https:\/\/www.faz.net\/aktuell\/feuilleton\/medien\/private-radios-umstieg-von-ukw-auf-dab-nicht-leicht-16274812.html","rel":"","context":"In &quot;Deutsch&quot;","block_context":{"text":"Deutsch","link":"https:\/\/www.achimbrueckner.de\/dxradio\/php\/wordpress\/?cat=1"},"img":{"alt_text":"","src":"","width":0,"height":0},"classes":[]},{"id":17686,"url":"https:\/\/www.achimbrueckner.de\/dxradio\/php\/wordpress\/?p=17686","url_meta":{"origin":24759,"position":1},"title":"Der VfL Bochum 1848 erh\u00e4lt ein eigenes Editionsmodell des DIGITRADIO 1 von TechniSat.","author":"Administrator","date":"May 9, 2018","format":false,"excerpt":"http:\/\/www.eifelzeitung.de\/medien\/der-vfl-bochum-1848-erhaelt-ein-eigenes-editionsmodell-des-digitradio-1-von-technisat-176684\/","rel":"","context":"In &quot;Deutsch&quot;","block_context":{"text":"Deutsch","link":"https:\/\/www.achimbrueckner.de\/dxradio\/php\/wordpress\/?cat=1"},"img":{"alt_text":"","src":"","width":0,"height":0},"classes":[]},{"id":604,"url":"https:\/\/www.achimbrueckner.de\/dxradio\/php\/wordpress\/?p=604","url_meta":{"origin":24759,"position":2},"title":"Deutschlandradio mu\u00df auf DAB bleiben","author":"Administrator","date":"October 19, 2009","format":false,"excerpt":"Offener Brief des Technisat-Gesch\u00e4ftsf\u00fchrers and den Deutschlandradio-Intendanten: Deutschlandradio mu\u00df auf DAB bleiben: http:\/\/rein-hoeren.de\/?q=content\/deutschlandradio-muss-auf-dab-bleiben http:\/\/www.eifelzeitung.de\/?artikel=50924 Info via A-DX","rel":"","context":"In &quot;Deutsch&quot;","block_context":{"text":"Deutsch","link":"https:\/\/www.achimbrueckner.de\/dxradio\/php\/wordpress\/?cat=1"},"img":{"alt_text":"","src":"","width":0,"height":0},"classes":[]},{"id":37556,"url":"https:\/\/www.achimbrueckner.de\/dxradio\/php\/wordpress\/?p=37556","url_meta":{"origin":24759,"position":3},"title":"Outdoor- und Tischradio: Neue DAB+-Radios von TechniSat","author":"Administrator","date":"September 24, 2022","format":false,"excerpt":"https:\/\/www.teltarif.de\/technisat-digitalradio-dab-plus\/news\/89451.html","rel":"","context":"In &quot;Deutsch&quot;","block_context":{"text":"Deutsch","link":"https:\/\/www.achimbrueckner.de\/dxradio\/php\/wordpress\/?cat=1"},"img":{"alt_text":"","src":"","width":0,"height":0},"classes":[]},{"id":23914,"url":"https:\/\/www.achimbrueckner.de\/dxradio\/php\/wordpress\/?p=23914","url_meta":{"origin":24759,"position":4},"title":"Umstellung auf DAB+ UKW-Abschalttermin h\u00e4ngt von Einigkeit der Branche ab","author":"Administrator","date":"July 22, 2019","format":false,"excerpt":"https:\/\/www.persoenlich.com\/medien\/ukw-abschalttermin-hangt-von-einigkeit-der-branche-ab","rel":"","context":"In &quot;Deutsch&quot;","block_context":{"text":"Deutsch","link":"https:\/\/www.achimbrueckner.de\/dxradio\/php\/wordpress\/?cat=1"},"img":{"alt_text":"","src":"","width":0,"height":0},"classes":[]},{"id":24058,"url":"https:\/\/www.achimbrueckner.de\/dxradio\/php\/wordpress\/?p=24058","url_meta":{"origin":24759,"position":5},"title":"Die Zukunft des digitalen Radios","author":"Administrator","date":"August 1, 2019","format":false,"excerpt":"https:\/\/www.faz.net\/aktuell\/feuilleton\/medien\/niedersachsen-ohne-dab-die-zukunft-des-digitalen-radios-16308454.html","rel":"","context":"In &quot;Deutsch&quot;","block_context":{"text":"Deutsch","link":"https:\/\/www.achimbrueckner.de\/dxradio\/php\/wordpress\/?cat=1"},"img":{"alt_text":"","src":"","width":0,"height":0},"classes":[]}],"_links":{"self":[{"href":"https:\/\/www.achimbrueckner.de\/dxradio\/php\/wordpress\/index.php?rest_route=\/wp\/v2\/posts\/24759","targetHints":{"allow":["GET"]}}],"collection":[{"href":"https:\/\/www.achimbrueckner.de\/dxradio\/php\/wordpress\/index.php?rest_route=\/wp\/v2\/posts"}],"about":[{"href":"https:\/\/www.achimbrueckner.de\/dxradio\/php\/wordpress\/index.php?rest_route=\/wp\/v2\/types\/post"}],"author":[{"embeddable":true,"href":"https:\/\/www.achimbrueckner.de\/dxradio\/php\/wordpress\/index.php?rest_route=\/wp\/v2\/users\/1"}],"replies":[{"embeddable":true,"href":"https:\/\/www.achimbrueckner.de\/dxradio\/php\/wordpress\/index.php?rest_route=%2Fwp%2Fv2%2Fcomments&post=24759"}],"version-history":[{"count":0,"href":"https:\/\/www.achimbrueckner.de\/dxradio\/php\/wordpress\/index.php?rest_route=\/wp\/v2\/posts\/24759\/revisions"}],"wp:attachment":[{"href":"https:\/\/www.achimbrueckner.de\/dxradio\/php\/wordpress\/index.php?rest_route=%2Fwp%2Fv2%2Fmedia&parent=24759"}],"wp:term":[{"taxonomy":"category","embeddable":true,"href":"https:\/\/www.achimbrueckner.de\/dxradio\/php\/wordpress\/index.php?rest_route=%2Fwp%2Fv2%2Fcategories&post=24759"},{"taxonomy":"post_tag","embeddable":true,"href":"https:\/\/www.achimbrueckner.de\/dxradio\/php\/wordpress\/index.php?rest_route=%2Fwp%2Fv2%2Ftags&post=24759"}],"curies":[{"name":"wp","href":"https:\/\/api.w.org\/{rel}","templated":true}]}}