{"id":24776,"date":"2019-09-14T12:32:28","date_gmt":"2019-09-14T12:32:28","guid":{"rendered":"https:\/\/www.achimbrueckner.de\/dxradio\/php\/wordpress\/?p=24776"},"modified":"2019-09-14T12:32:28","modified_gmt":"2019-09-14T12:32:28","slug":"unterhaltungschef-zeitzeugengesprach-ernst-grissemanngrunder-von-o3-horfunkintendant-landesintendant-in-tirol-ernst-grissemann","status":"publish","type":"post","link":"https:\/\/www.achimbrueckner.de\/dxradio\/php\/wordpress\/?p=24776","title":{"rendered":"Unterhaltungschef, Zeitzeugengespr\u00e4ch Ernst GrissemannGr\u00fcnder von \u00d63, H\u00f6rfunkintendant, Landesintendant in Tirol \u2013 Ernst Grissemann"},"content":{"rendered":"<p><a href=\"https:\/\/www.digiandi.de\/zeitzeugen\/ernst-grissemann\/\" rel=\"noopener noreferrer\" target=\"_blank\">https:\/\/www.digiandi.de\/zeitzeugen\/ernst-grissemann\/<\/a><\/p>\n","protected":false},"excerpt":{"rendered":"<p>https:\/\/www.digiandi.de\/zeitzeugen\/ernst-grissemann\/<\/p>\n","protected":false},"author":1,"featured_media":0,"comment_status":"closed","ping_status":"open","sticky":false,"template":"","format":"standard","meta":{"_jetpack_memberships_contains_paid_content":false,"footnotes":"","jetpack_publicize_message":"","jetpack_publicize_feature_enabled":true,"jetpack_social_post_already_shared":true,"jetpack_social_options":{"image_generator_settings":{"template":"highway","default_image_id":0,"font":"","enabled":false},"version":2}},"categories":[1],"tags":[25],"class_list":["post-24776","post","type-post","status-publish","format-standard","hentry","category-deutsch","tag-horfunk"],"jetpack_publicize_connections":[],"jetpack_featured_media_url":"","jetpack_sharing_enabled":true,"jetpack_shortlink":"https:\/\/wp.me\/p5CDmr-6rC","jetpack-related-posts":[{"id":38506,"url":"https:\/\/www.achimbrueckner.de\/dxradio\/php\/wordpress\/?p=38506","url_meta":{"origin":24776,"position":0},"title":"1934-2023  Radiomacher Ernst Grissemann ist tot","author":"Administrator","date":"January 7, 2023","format":false,"excerpt":"https:\/\/oe1.orf.at\/artikel\/699877\/Radiomacher-Ernst-Grissemann-ist-tot https:\/\/www.digiandi.de\/zeitzeugen\/ernst-grissemann\/ Info via A-DX","rel":"","context":"In &quot;Deutsch&quot;","block_context":{"text":"Deutsch","link":"https:\/\/www.achimbrueckner.de\/dxradio\/php\/wordpress\/?cat=1"},"img":{"alt_text":"","src":"","width":0,"height":0},"classes":[]},{"id":38512,"url":"https:\/\/www.achimbrueckner.de\/dxradio\/php\/wordpress\/?p=38512","url_meta":{"origin":24776,"position":1},"title":"ORF-Radiolegende Ernst Grissemann ist tot","author":"Administrator","date":"January 7, 2023","format":false,"excerpt":"https:\/\/www.radioszene.de\/170167\/ernst-grissemann-tot.html","rel":"","context":"In &quot;Deutsch&quot;","block_context":{"text":"Deutsch","link":"https:\/\/www.achimbrueckner.de\/dxradio\/php\/wordpress\/?cat=1"},"img":{"alt_text":"","src":"","width":0,"height":0},"classes":[]},{"id":14848,"url":"https:\/\/www.achimbrueckner.de\/dxradio\/php\/wordpress\/?p=14848","url_meta":{"origin":24776,"position":2},"title":"Ernst und Christoph Grissemann","author":"Administrator","date":"October 3, 2017","format":false,"excerpt":"http:\/\/oe1.orf.at\/programm\/20171001\/488449","rel":"","context":"In &quot;Deutsch&quot;","block_context":{"text":"Deutsch","link":"https:\/\/www.achimbrueckner.de\/dxradio\/php\/wordpress\/?cat=1"},"img":{"alt_text":"","src":"","width":0,"height":0},"classes":[]},{"id":29319,"url":"https:\/\/www.achimbrueckner.de\/dxradio\/php\/wordpress\/?p=29319","url_meta":{"origin":24776,"position":3},"title":"Zeitzeugen Ernst Dohlus","author":"Administrator","date":"July 5, 2020","format":false,"excerpt":"https:\/\/www.digiandi.de\/zeitzeugen\/ernst-dohlus\/","rel":"","context":"In &quot;Deutsch&quot;","block_context":{"text":"Deutsch","link":"https:\/\/www.achimbrueckner.de\/dxradio\/php\/wordpress\/?cat=1"},"img":{"alt_text":"","src":"","width":0,"height":0},"classes":[]},{"id":20772,"url":"https:\/\/www.achimbrueckner.de\/dxradio\/php\/wordpress\/?p=20772","url_meta":{"origin":24776,"position":4},"title":"Swf3 &#8211; Michael Ernst 1987","author":"Administrator","date":"January 5, 2019","format":false,"excerpt":"https:\/\/soundcloud.com\/user-181242763\/swf3-michael-ernst-1987","rel":"","context":"In &quot;Deutsch&quot;","block_context":{"text":"Deutsch","link":"https:\/\/www.achimbrueckner.de\/dxradio\/php\/wordpress\/?cat=1"},"img":{"alt_text":"","src":"","width":0,"height":0},"classes":[]},{"id":41663,"url":"https:\/\/www.achimbrueckner.de\/dxradio\/php\/wordpress\/?p=41663","url_meta":{"origin":24776,"position":5},"title":"BR macht Ernst mit der UKW-Abschaltung","author":"Administrator","date":"September 5, 2024","format":false,"excerpt":"https:\/\/www.radioblog.eu\/2024\/09\/05\/br-macht-ernst-mit-der-ukw-abschaltung\/","rel":"","context":"In &quot;Deutsch&quot;","block_context":{"text":"Deutsch","link":"https:\/\/www.achimbrueckner.de\/dxradio\/php\/wordpress\/?cat=1"},"img":{"alt_text":"","src":"","width":0,"height":0},"classes":[]}],"_links":{"self":[{"href":"https:\/\/www.achimbrueckner.de\/dxradio\/php\/wordpress\/index.php?rest_route=\/wp\/v2\/posts\/24776","targetHints":{"allow":["GET"]}}],"collection":[{"href":"https:\/\/www.achimbrueckner.de\/dxradio\/php\/wordpress\/index.php?rest_route=\/wp\/v2\/posts"}],"about":[{"href":"https:\/\/www.achimbrueckner.de\/dxradio\/php\/wordpress\/index.php?rest_route=\/wp\/v2\/types\/post"}],"author":[{"embeddable":true,"href":"https:\/\/www.achimbrueckner.de\/dxradio\/php\/wordpress\/index.php?rest_route=\/wp\/v2\/users\/1"}],"replies":[{"embeddable":true,"href":"https:\/\/www.achimbrueckner.de\/dxradio\/php\/wordpress\/index.php?rest_route=%2Fwp%2Fv2%2Fcomments&post=24776"}],"version-history":[{"count":0,"href":"https:\/\/www.achimbrueckner.de\/dxradio\/php\/wordpress\/index.php?rest_route=\/wp\/v2\/posts\/24776\/revisions"}],"wp:attachment":[{"href":"https:\/\/www.achimbrueckner.de\/dxradio\/php\/wordpress\/index.php?rest_route=%2Fwp%2Fv2%2Fmedia&parent=24776"}],"wp:term":[{"taxonomy":"category","embeddable":true,"href":"https:\/\/www.achimbrueckner.de\/dxradio\/php\/wordpress\/index.php?rest_route=%2Fwp%2Fv2%2Fcategories&post=24776"},{"taxonomy":"post_tag","embeddable":true,"href":"https:\/\/www.achimbrueckner.de\/dxradio\/php\/wordpress\/index.php?rest_route=%2Fwp%2Fv2%2Ftags&post=24776"}],"curies":[{"name":"wp","href":"https:\/\/api.w.org\/{rel}","templated":true}]}}