{"id":24779,"date":"2019-09-14T12:36:49","date_gmt":"2019-09-14T12:36:49","guid":{"rendered":"https:\/\/www.achimbrueckner.de\/dxradio\/php\/wordpress\/?p=24779"},"modified":"2019-09-14T12:36:49","modified_gmt":"2019-09-14T12:36:49","slug":"fm-bandscan-in-andorra-by-dario-monferini","status":"publish","type":"post","link":"https:\/\/www.achimbrueckner.de\/dxradio\/php\/wordpress\/?p=24779","title":{"rendered":"FM: Bandscan in Andorra by Dario Monferini"},"content":{"rendered":"<p><a href=\"https:\/\/playdxblog.blogspot.com\/2019\/09\/fm-bandscan-in-andorra-by-dario.html\" rel=\"noopener noreferrer\" target=\"_blank\">https:\/\/playdxblog.blogspot.com\/2019\/09\/fm-bandscan-in-andorra-by-dario.html<\/a><\/p>\n","protected":false},"excerpt":{"rendered":"<p>https:\/\/playdxblog.blogspot.com\/2019\/09\/fm-bandscan-in-andorra-by-dario.html<\/p>\n","protected":false},"author":1,"featured_media":0,"comment_status":"closed","ping_status":"open","sticky":false,"template":"","format":"standard","meta":{"_jetpack_memberships_contains_paid_content":false,"footnotes":"","jetpack_publicize_message":"","jetpack_publicize_feature_enabled":true,"jetpack_social_post_already_shared":true,"jetpack_social_options":{"image_generator_settings":{"template":"highway","default_image_id":0,"font":"","enabled":false},"version":2}},"categories":[14,2],"tags":[40,28],"class_list":["post-24779","post","type-post","status-publish","format-standard","hentry","category-dx","category-english","tag-dx","tag-fm"],"jetpack_publicize_connections":[],"jetpack_featured_media_url":"","jetpack_sharing_enabled":true,"jetpack_shortlink":"https:\/\/wp.me\/p5CDmr-6rF","jetpack-related-posts":[{"id":24172,"url":"https:\/\/www.achimbrueckner.de\/dxradio\/php\/wordpress\/?p=24172","url_meta":{"origin":24779,"position":0},"title":"FM Bandscan: Cala Millor Balearic Islands","author":"Administrator","date":"August 10, 2019","format":false,"excerpt":"https:\/\/playdxblog.blogspot.com\/2019\/08\/fm-bandscan-cala-millor-balearic-islands.html","rel":"","context":"In &quot;dx&quot;","block_context":{"text":"dx","link":"https:\/\/www.achimbrueckner.de\/dxradio\/php\/wordpress\/?cat=14"},"img":{"alt_text":"","src":"","width":0,"height":0},"classes":[]},{"id":24749,"url":"https:\/\/www.achimbrueckner.de\/dxradio\/php\/wordpress\/?p=24749","url_meta":{"origin":24779,"position":1},"title":"EDXC 2019 Andorra 5-9 September &#8211; The Report","author":"Administrator","date":"September 12, 2019","format":false,"excerpt":"https:\/\/playdxblog.blogspot.com\/2019\/09\/edxc-2019-andorra-5-9-september-report.html","rel":"","context":"In &quot;Deutsch&quot;","block_context":{"text":"Deutsch","link":"https:\/\/www.achimbrueckner.de\/dxradio\/php\/wordpress\/?cat=1"},"img":{"alt_text":"","src":"","width":0,"height":0},"classes":[]},{"id":44359,"url":"https:\/\/www.achimbrueckner.de\/dxradio\/php\/wordpress\/?p=44359","url_meta":{"origin":24779,"position":2},"title":"MILAN, DX MEETING 2025 TO REMEMBER DARIO MONFERINI AND DAVID RICQUISH","author":"Administrator","date":"November 23, 2025","format":false,"excerpt":"https:\/\/swli05639fr.blogspot.com\/2025\/11\/milan-dx-meeting-2025-to-remember-dario.html","rel":"","context":"In &quot;English&quot;","block_context":{"text":"English","link":"https:\/\/www.achimbrueckner.de\/dxradio\/php\/wordpress\/?cat=2"},"img":{"alt_text":"","src":"","width":0,"height":0},"classes":[]},{"id":2522,"url":"https:\/\/www.achimbrueckner.de\/dxradio\/php\/wordpress\/?p=2522","url_meta":{"origin":24779,"position":3},"title":"AM- und UKW-Empfang in Seoul aus Nordkorea","author":"Administrator","date":"July 11, 2013","format":false,"excerpt":"Durch das ukwtv.de-Forum bin ich soeben auf einen interessanten Artikel gesto\u00dfen. Die Webseite nknews.org besch\u00e4ftigt sich heute mit dem Empfang von nordkoreanischen Sendern in S\u00fcdkorea, durch s\u00fcdkoreanisches Jamming ist das gar nicht so einfach. Die Artikel sind mit interessanten H\u00f6rbeispielen erg\u00e4nzt worden: Teil 1: AM-Empfang http:\/\/www.nknews.org\/2013\/07\/seouls-north-korean-jamming-am-and-shortwave\/ Teil 2: UKW-Empfang http:\/\/www.nknews.org\/2013\/07\/seouls-north-korean-jamming-catching-fm-stations\/\u2026","rel":"","context":"In &quot;Empfang&quot;","block_context":{"text":"Empfang","link":"https:\/\/www.achimbrueckner.de\/dxradio\/php\/wordpress\/?cat=3"},"img":{"alt_text":"","src":"","width":0,"height":0},"classes":[]},{"id":32585,"url":"https:\/\/www.achimbrueckner.de\/dxradio\/php\/wordpress\/?p=32585","url_meta":{"origin":24779,"position":4},"title":"Short Wave log: La Monta\u00f1a, Radio 208, City FM, Voice of Tibet","author":"Administrator","date":"April 29, 2021","format":false,"excerpt":"https:\/\/playdxblog.blogspot.com\/2021\/04\/short-wave-log-la-montana-radio-208.html","rel":"","context":"In &quot;dx&quot;","block_context":{"text":"dx","link":"https:\/\/www.achimbrueckner.de\/dxradio\/php\/wordpress\/?cat=14"},"img":{"alt_text":"","src":"","width":0,"height":0},"classes":[]},{"id":4644,"url":"https:\/\/www.achimbrueckner.de\/dxradio\/php\/wordpress\/?p=4644","url_meta":{"origin":24779,"position":5},"title":"FM Bandscan London","author":"Administrator","date":"May 17, 2015","format":false,"excerpt":"https:\/\/www.youtube.com\/watch?v=Qj5Kr281ChY","rel":"","context":"In &quot;English&quot;","block_context":{"text":"English","link":"https:\/\/www.achimbrueckner.de\/dxradio\/php\/wordpress\/?cat=2"},"img":{"alt_text":"","src":"","width":0,"height":0},"classes":[]}],"_links":{"self":[{"href":"https:\/\/www.achimbrueckner.de\/dxradio\/php\/wordpress\/index.php?rest_route=\/wp\/v2\/posts\/24779","targetHints":{"allow":["GET"]}}],"collection":[{"href":"https:\/\/www.achimbrueckner.de\/dxradio\/php\/wordpress\/index.php?rest_route=\/wp\/v2\/posts"}],"about":[{"href":"https:\/\/www.achimbrueckner.de\/dxradio\/php\/wordpress\/index.php?rest_route=\/wp\/v2\/types\/post"}],"author":[{"embeddable":true,"href":"https:\/\/www.achimbrueckner.de\/dxradio\/php\/wordpress\/index.php?rest_route=\/wp\/v2\/users\/1"}],"replies":[{"embeddable":true,"href":"https:\/\/www.achimbrueckner.de\/dxradio\/php\/wordpress\/index.php?rest_route=%2Fwp%2Fv2%2Fcomments&post=24779"}],"version-history":[{"count":0,"href":"https:\/\/www.achimbrueckner.de\/dxradio\/php\/wordpress\/index.php?rest_route=\/wp\/v2\/posts\/24779\/revisions"}],"wp:attachment":[{"href":"https:\/\/www.achimbrueckner.de\/dxradio\/php\/wordpress\/index.php?rest_route=%2Fwp%2Fv2%2Fmedia&parent=24779"}],"wp:term":[{"taxonomy":"category","embeddable":true,"href":"https:\/\/www.achimbrueckner.de\/dxradio\/php\/wordpress\/index.php?rest_route=%2Fwp%2Fv2%2Fcategories&post=24779"},{"taxonomy":"post_tag","embeddable":true,"href":"https:\/\/www.achimbrueckner.de\/dxradio\/php\/wordpress\/index.php?rest_route=%2Fwp%2Fv2%2Ftags&post=24779"}],"curies":[{"name":"wp","href":"https:\/\/api.w.org\/{rel}","templated":true}]}}