{"id":24782,"date":"2019-09-14T13:11:06","date_gmt":"2019-09-14T13:11:06","guid":{"rendered":"https:\/\/www.achimbrueckner.de\/dxradio\/php\/wordpress\/?p=24782"},"modified":"2019-09-14T13:11:06","modified_gmt":"2019-09-14T13:11:06","slug":"funkamateure-im-deutschen-amateur-radio-club-darc-funkten-am-letzten-wochenende-rund-um-die-erde","status":"publish","type":"post","link":"https:\/\/www.achimbrueckner.de\/dxradio\/php\/wordpress\/?p=24782","title":{"rendered":"Funkamateure im Deutschen Amateur Radio Club (DARC) funkten am letzten Wochenende rund um die Erde"},"content":{"rendered":"<p><a href=\"http:\/\/www.garbsen-city-news.de\/2019\/09\/funkamateure-im-deutschen-amateur-radio-club-darc-funkten-am-letzten-wochenende-rund-um-die-erde\/\" rel=\"noopener noreferrer\" target=\"_blank\">http:\/\/www.garbsen-city-news.de\/2019\/09\/funkamateure-im-deutschen-amateur-radio-club-darc-funkten-am-letzten-wochenende-rund-um-die-erde\/<\/a><\/p>\n","protected":false},"excerpt":{"rendered":"<p>http:\/\/www.garbsen-city-news.de\/2019\/09\/funkamateure-im-deutschen-amateur-radio-club-darc-funkten-am-letzten-wochenende-rund-um-die-erde\/<\/p>\n","protected":false},"author":1,"featured_media":0,"comment_status":"closed","ping_status":"open","sticky":false,"template":"","format":"standard","meta":{"_jetpack_memberships_contains_paid_content":false,"footnotes":"","jetpack_publicize_message":"","jetpack_publicize_feature_enabled":true,"jetpack_social_post_already_shared":true,"jetpack_social_options":{"image_generator_settings":{"template":"highway","default_image_id":0,"font":"","enabled":false},"version":2}},"categories":[1],"tags":[24],"class_list":["post-24782","post","type-post","status-publish","format-standard","hentry","category-deutsch","tag-am"],"jetpack_publicize_connections":[],"jetpack_featured_media_url":"","jetpack_sharing_enabled":true,"jetpack_shortlink":"https:\/\/wp.me\/p5CDmr-6rI","jetpack-related-posts":[{"id":12838,"url":"https:\/\/www.achimbrueckner.de\/dxradio\/php\/wordpress\/?p=12838","url_meta":{"origin":24782,"position":0},"title":"Kurzwellen-Sondersendungen von der 24. IARU-Region 1-Konferenz","author":"Administrator","date":"April 13, 2017","format":false,"excerpt":"RADIO DARC berichtet in Kurzwellen-Sondersendungen von der 24. IARU-Region 1-Konferenz aus Landshut Vom 16. bis 22. September 2017 findet in Landshut bei M\u00fcnchen die IARU-Region-1-Konferenz statt. Deutschland war 1958 das letzte Mal Gastgeber dieser Veranstaltung der Internationalen Amateur-Radio-Union. 130 Delegierte von vielen der 96 Mitgliedsverb\u00e4nden werden dort Fragen rund um\u2026","rel":"","context":"In &quot;Deutsch&quot;","block_context":{"text":"Deutsch","link":"https:\/\/www.achimbrueckner.de\/dxradio\/php\/wordpress\/?cat=1"},"img":{"alt_text":"","src":"","width":0,"height":0},"classes":[]},{"id":7826,"url":"https:\/\/www.achimbrueckner.de\/dxradio\/php\/wordpress\/?p=7826","url_meta":{"origin":24782,"position":1},"title":"HAM Radio 2017 (!) verschoben","author":"Administrator","date":"March 15, 2016","format":false,"excerpt":"Messe Friedrichshafen und DARC fixieren den Messetermin f\u00fcr 2017 \u2013 Funkamateure treffen sich vom 14. bis 16. Juli 2017 am Bodensee Neue Terminierung: Messe Ham Radio findet im Jahr 2017 im Juli in Friedrichshafen statt Friedrichshafen \u2013 Die Ham Radio zieht es in den Sommer. Die Veranstalter der Messe Friedrichshafen\u2026","rel":"","context":"In &quot;camps&quot;","block_context":{"text":"camps","link":"https:\/\/www.achimbrueckner.de\/dxradio\/php\/wordpress\/?cat=5"},"img":{"alt_text":"","src":"","width":0,"height":0},"classes":[]},{"id":20403,"url":"https:\/\/www.achimbrueckner.de\/dxradio\/php\/wordpress\/?p=20403","url_meta":{"origin":24782,"position":2},"title":"RADIO DARC sendet seine 200. Sendung","author":"Administrator","date":"December 14, 2018","format":false,"excerpt":"Radiostimme des DARC e.V. RADIO DARC sendet seine 200. Sendung \"Die Sendung am kommenden Sonntag den 16.12.18 ist unser Jubil\u00e4um, es ist genau das 200. Programm\" so Chefredakteur Rainer Englert DF2NU. Gestartet am 22. M\u00e4rz 2015 hat sich der Deutsche Amateur Radio Club e.V. mit einen regelm\u00e4\u00dfigen Kurzwellen- und Funktechnik-Magazinen\u2026","rel":"","context":"In &quot;Deutsch&quot;","block_context":{"text":"Deutsch","link":"https:\/\/www.achimbrueckner.de\/dxradio\/php\/wordpress\/?cat=1"},"img":{"alt_text":"","src":"","width":0,"height":0},"classes":[]},{"id":26710,"url":"https:\/\/www.achimbrueckner.de\/dxradio\/php\/wordpress\/?p=26710","url_meta":{"origin":24782,"position":3},"title":"Southgate Amateur Radio News: H\u00f6rfunksendung f\u00fcr Funkamateure","author":"Administrator","date":"January 19, 2020","format":false,"excerpt":"Wie der FUNKAMATEUR meldet, sendet das Informationsportal des Southgate Amateur Radio Club (SARC) nun einmal w\u00f6chentlich Amateurfunknachrichten in englischer Sprache \u00fcber die Kurzwellensender von Shortwave Radio. Ausgestrahlt wird das Programm immer sonntags ab 1000 UTC auf 3975 kHz im 75-m-Band und auf 6160 kHz im 49-m-Band (Wiederholungen folgen am gleichen\u2026","rel":"","context":"In &quot;Deutsch&quot;","block_context":{"text":"Deutsch","link":"https:\/\/www.achimbrueckner.de\/dxradio\/php\/wordpress\/?cat=1"},"img":{"alt_text":"","src":"","width":0,"height":0},"classes":[]},{"id":24853,"url":"https:\/\/www.achimbrueckner.de\/dxradio\/php\/wordpress\/?p=24853","url_meta":{"origin":24782,"position":4},"title":"Radio Festival","author":"Administrator","date":"September 18, 2019","format":false,"excerpt":"die heutige Ausgabe der Bremerhavener Nordsee-Zeitung k\u00fcndigt f\u00fcr kommendes Wochenende ein dreit\u00e4giges Radio Festival im Deutschen Schifffahrtsmuseum (DSM) am Hans-Scharoun-Platz 1, in 27568 Bremerhaven an. Die \u00d6ffnungszeiten: Fr. 20.9. 1700 \u2013 2200 Uhr, Sa. 21.9. 1500 \u2013 2200 Uhr, So. 22.9. 1000 \u2013 1500 Uhr. Im Zeitungstext hei\u00dft es u.\u2026","rel":"","context":"In &quot;Deutsch&quot;","block_context":{"text":"Deutsch","link":"https:\/\/www.achimbrueckner.de\/dxradio\/php\/wordpress\/?cat=1"},"img":{"alt_text":"","src":"","width":0,"height":0},"classes":[]},{"id":29515,"url":"https:\/\/www.achimbrueckner.de\/dxradio\/php\/wordpress\/?p=29515","url_meta":{"origin":24782,"position":5},"title":"Mittags-Talk mit dem Deutschen Amateur-Radio-Club (DARC) eV","author":"Administrator","date":"July 21, 2020","format":false,"excerpt":"https:\/\/www.osradio.de\/2020\/07\/16\/mittags-talk-mit-dem-deutschen-amateur-radio-club-darc-e-v\/","rel":"","context":"In &quot;Deutsch&quot;","block_context":{"text":"Deutsch","link":"https:\/\/www.achimbrueckner.de\/dxradio\/php\/wordpress\/?cat=1"},"img":{"alt_text":"","src":"","width":0,"height":0},"classes":[]}],"_links":{"self":[{"href":"https:\/\/www.achimbrueckner.de\/dxradio\/php\/wordpress\/index.php?rest_route=\/wp\/v2\/posts\/24782","targetHints":{"allow":["GET"]}}],"collection":[{"href":"https:\/\/www.achimbrueckner.de\/dxradio\/php\/wordpress\/index.php?rest_route=\/wp\/v2\/posts"}],"about":[{"href":"https:\/\/www.achimbrueckner.de\/dxradio\/php\/wordpress\/index.php?rest_route=\/wp\/v2\/types\/post"}],"author":[{"embeddable":true,"href":"https:\/\/www.achimbrueckner.de\/dxradio\/php\/wordpress\/index.php?rest_route=\/wp\/v2\/users\/1"}],"replies":[{"embeddable":true,"href":"https:\/\/www.achimbrueckner.de\/dxradio\/php\/wordpress\/index.php?rest_route=%2Fwp%2Fv2%2Fcomments&post=24782"}],"version-history":[{"count":0,"href":"https:\/\/www.achimbrueckner.de\/dxradio\/php\/wordpress\/index.php?rest_route=\/wp\/v2\/posts\/24782\/revisions"}],"wp:attachment":[{"href":"https:\/\/www.achimbrueckner.de\/dxradio\/php\/wordpress\/index.php?rest_route=%2Fwp%2Fv2%2Fmedia&parent=24782"}],"wp:term":[{"taxonomy":"category","embeddable":true,"href":"https:\/\/www.achimbrueckner.de\/dxradio\/php\/wordpress\/index.php?rest_route=%2Fwp%2Fv2%2Fcategories&post=24782"},{"taxonomy":"post_tag","embeddable":true,"href":"https:\/\/www.achimbrueckner.de\/dxradio\/php\/wordpress\/index.php?rest_route=%2Fwp%2Fv2%2Ftags&post=24782"}],"curies":[{"name":"wp","href":"https:\/\/api.w.org\/{rel}","templated":true}]}}