{"id":24840,"date":"2019-09-18T15:20:04","date_gmt":"2019-09-18T15:20:04","guid":{"rendered":"https:\/\/www.achimbrueckner.de\/dxradio\/php\/wordpress\/?p=24840"},"modified":"2019-09-18T15:20:04","modified_gmt":"2019-09-18T15:20:04","slug":"detlef-kuschka-das-radio-hat-sich-in-den-vergangenen-jahren-zu-sehr-als-begleitmedium-verstanden","status":"publish","type":"post","link":"https:\/\/www.achimbrueckner.de\/dxradio\/php\/wordpress\/?p=24840","title":{"rendered":"Detlef Kuschka: \u201eDas Radio hat sich in den vergangenen Jahren zu sehr als Begleitmedium verstanden\u201c"},"content":{"rendered":"<p><a href=\"http:\/\/www.quotenmeter.de\/n\/112128\/detlef-kuschka-das-radio-hat-sich-in-den-vergangenen-jahren-zu-sehr-als-begleitmedium-verstanden\" rel=\"noopener noreferrer\" target=\"_blank\">http:\/\/www.quotenmeter.de\/n\/112128\/detlef-kuschka-das-radio-hat-sich-in-den-vergangenen-jahren-zu-sehr-als-begleitmedium-verstanden<\/a><\/p>\n","protected":false},"excerpt":{"rendered":"<p>http:\/\/www.quotenmeter.de\/n\/112128\/detlef-kuschka-das-radio-hat-sich-in-den-vergangenen-jahren-zu-sehr-als-begleitmedium-verstanden<\/p>\n","protected":false},"author":1,"featured_media":0,"comment_status":"closed","ping_status":"open","sticky":false,"template":"","format":"standard","meta":{"_jetpack_memberships_contains_paid_content":false,"footnotes":"","jetpack_publicize_message":"","jetpack_publicize_feature_enabled":true,"jetpack_social_post_already_shared":true,"jetpack_social_options":{"image_generator_settings":{"template":"highway","default_image_id":0,"font":"","enabled":false},"version":2}},"categories":[1],"tags":[],"class_list":["post-24840","post","type-post","status-publish","format-standard","hentry","category-deutsch"],"jetpack_publicize_connections":[],"jetpack_featured_media_url":"","jetpack_sharing_enabled":true,"jetpack_shortlink":"https:\/\/wp.me\/p5CDmr-6sE","jetpack-related-posts":[{"id":29069,"url":"https:\/\/www.achimbrueckner.de\/dxradio\/php\/wordpress\/?p=29069","url_meta":{"origin":24840,"position":0},"title":"Beim Pendeln, beim Hausputz, zum Einschlafen \u2013 Podcasts sind das neue Begleitmedium","author":"Administrator","date":"June 13, 2020","format":false,"excerpt":"https:\/\/www.nzz.ch\/feuilleton\/podcasts-legten-eine-steile-karriere-hin-was-erklaert-den-erfolg-ld.1559769","rel":"","context":"In &quot;Deutsch&quot;","block_context":{"text":"Deutsch","link":"https:\/\/www.achimbrueckner.de\/dxradio\/php\/wordpress\/?cat=1"},"img":{"alt_text":"","src":"","width":0,"height":0},"classes":[]},{"id":30292,"url":"https:\/\/www.achimbrueckner.de\/dxradio\/php\/wordpress\/?p=30292","url_meta":{"origin":24840,"position":1},"title":"Ausstellung \u201eOn Air \u2013 100 Jahre Radio\u201c Leitmedium und Begleitmedium","author":"Administrator","date":"October 2, 2020","format":false,"excerpt":"https:\/\/www.deutschlandfunkkultur.de\/ausstellung-on-air-100-jahre-radio-leitmedium-und.1013.de.html?dram:article_id=485094","rel":"","context":"In &quot;Deutsch&quot;","block_context":{"text":"Deutsch","link":"https:\/\/www.achimbrueckner.de\/dxradio\/php\/wordpress\/?cat=1"},"img":{"alt_text":"","src":"","width":0,"height":0},"classes":[]},{"id":487,"url":"https:\/\/www.achimbrueckner.de\/dxradio\/php\/wordpress\/?p=487","url_meta":{"origin":24840,"position":2},"title":"KBS H\u00f6rertreffen IFA Berlin","author":"Administrator","date":"August 8, 2009","format":false,"excerpt":"KBS-H\u00f6rertreffen \"Liebe H\u00f6rerfreundin, Lieber H\u00f6rerfreund, Am 28.August 2009 ist es wieder soweit, die Internationale Funkausstellung \u00f6ffnet in Berlin ihre Pforten und aus diesem Anlass findet zum 5.Mal das KBS-H\u00f6rertreffen statt. Sehr gerne lade ich Euch zu diesem Treffen ein. Wie auch in den vergangenen Jahren stellt uns die Kulturabteilung der\u2026","rel":"","context":"In &quot;camps&quot;","block_context":{"text":"camps","link":"https:\/\/www.achimbrueckner.de\/dxradio\/php\/wordpress\/?cat=5"},"img":{"alt_text":"","src":"","width":0,"height":0},"classes":[]},{"id":37347,"url":"https:\/\/www.achimbrueckner.de\/dxradio\/php\/wordpress\/?p=37347","url_meta":{"origin":24840,"position":3},"title":"Radio Menschen und Geschichten 28 August 2022","author":"Administrator","date":"August 26, 2022","format":false,"excerpt":"Nach knapp 2 Jahren gibt's noch einmal(?) eine Ausgabe von \"Radio. Menschen & Geschichten\". Reduziert auf 30 Minuten, daf\u00fcr mit allen wichtigen Inhaltsstoffen f\u00fcr eine hoffentlich ausgewogene Ohr-Kost ohne Massenausw\u00fcrfe mit folgenden Themen: * Tag 186 des russischen Angriffskrieges auf die Ukraine \u2013 und er geht auch nicht am Rundfunk\u2026","rel":"","context":"In &quot;Deutsch&quot;","block_context":{"text":"Deutsch","link":"https:\/\/www.achimbrueckner.de\/dxradio\/php\/wordpress\/?cat=1"},"img":{"alt_text":"","src":"","width":0,"height":0},"classes":[]},{"id":29738,"url":"https:\/\/www.achimbrueckner.de\/dxradio\/php\/wordpress\/?p=29738","url_meta":{"origin":24840,"position":4},"title":"Radio. Menschen und Geschichten am 16. August 2020","author":"Administrator","date":"August 12, 2020","format":false,"excerpt":"Werte H\u00f6rende, Kleider machen Leute, Ereignisse machen Sendungen. Nach l\u00e4ngerer Pause treibt es das Rundfunkballett Eifel wieder auf die Bretter, die die Welt bedeuten. Da Ballett im Radio \u00e4hnlich spannend ist, wie Zeitunglesen unter Wasser, verdingen sich die Prachtelf:Innen dieses H\u00f6rfunkelaborats sprechenderweise an kommenden Sonntag (16.08.2020) Hier schon mal 2\u2026","rel":"","context":"In &quot;Deutsch&quot;","block_context":{"text":"Deutsch","link":"https:\/\/www.achimbrueckner.de\/dxradio\/php\/wordpress\/?cat=1"},"img":{"alt_text":"","src":"","width":0,"height":0},"classes":[]},{"id":28751,"url":"https:\/\/www.achimbrueckner.de\/dxradio\/php\/wordpress\/?p=28751","url_meta":{"origin":24840,"position":5},"title":"Detlef Heiermann erf\u00fcllt als Radio-DJ Oldiopie jeden Musikwunsch","author":"Administrator","date":"May 20, 2020","format":false,"excerpt":"https:\/\/www.rheinpfalz.de\/lokal\/kreis-kusel_artikel,-detlef-heiermann-erf%C3%BCllt-als-radio-dj-oldiopie-jeden-musikwunsch-_arid,5066684.html?reduced=true","rel":"","context":"In &quot;Deutsch&quot;","block_context":{"text":"Deutsch","link":"https:\/\/www.achimbrueckner.de\/dxradio\/php\/wordpress\/?cat=1"},"img":{"alt_text":"","src":"","width":0,"height":0},"classes":[]}],"_links":{"self":[{"href":"https:\/\/www.achimbrueckner.de\/dxradio\/php\/wordpress\/index.php?rest_route=\/wp\/v2\/posts\/24840","targetHints":{"allow":["GET"]}}],"collection":[{"href":"https:\/\/www.achimbrueckner.de\/dxradio\/php\/wordpress\/index.php?rest_route=\/wp\/v2\/posts"}],"about":[{"href":"https:\/\/www.achimbrueckner.de\/dxradio\/php\/wordpress\/index.php?rest_route=\/wp\/v2\/types\/post"}],"author":[{"embeddable":true,"href":"https:\/\/www.achimbrueckner.de\/dxradio\/php\/wordpress\/index.php?rest_route=\/wp\/v2\/users\/1"}],"replies":[{"embeddable":true,"href":"https:\/\/www.achimbrueckner.de\/dxradio\/php\/wordpress\/index.php?rest_route=%2Fwp%2Fv2%2Fcomments&post=24840"}],"version-history":[{"count":0,"href":"https:\/\/www.achimbrueckner.de\/dxradio\/php\/wordpress\/index.php?rest_route=\/wp\/v2\/posts\/24840\/revisions"}],"wp:attachment":[{"href":"https:\/\/www.achimbrueckner.de\/dxradio\/php\/wordpress\/index.php?rest_route=%2Fwp%2Fv2%2Fmedia&parent=24840"}],"wp:term":[{"taxonomy":"category","embeddable":true,"href":"https:\/\/www.achimbrueckner.de\/dxradio\/php\/wordpress\/index.php?rest_route=%2Fwp%2Fv2%2Fcategories&post=24840"},{"taxonomy":"post_tag","embeddable":true,"href":"https:\/\/www.achimbrueckner.de\/dxradio\/php\/wordpress\/index.php?rest_route=%2Fwp%2Fv2%2Ftags&post=24840"}],"curies":[{"name":"wp","href":"https:\/\/api.w.org\/{rel}","templated":true}]}}