{"id":24843,"date":"2019-09-18T15:24:59","date_gmt":"2019-09-18T15:24:59","guid":{"rendered":"https:\/\/www.achimbrueckner.de\/dxradio\/php\/wordpress\/?p=24843"},"modified":"2019-09-18T15:24:59","modified_gmt":"2019-09-18T15:24:59","slug":"dab-im-saarland-lms-weist-ubertragungskapazitaten-aus","status":"publish","type":"post","link":"https:\/\/www.achimbrueckner.de\/dxradio\/php\/wordpress\/?p=24843","title":{"rendered":"DAB+ im Saarland: LMS weist \u00dcbertragungskapazit\u00e4ten aus"},"content":{"rendered":"<p><a href=\"https:\/\/www.dabplus.de\/2019\/09\/16\/dab-im-saarland-lms-weist-uebertragungskapazitaeten-aus\/\" rel=\"noopener noreferrer\" target=\"_blank\">https:\/\/www.dabplus.de\/2019\/09\/16\/dab-im-saarland-lms-weist-uebertragungskapazitaeten-aus\/<\/a><\/p>\n","protected":false},"excerpt":{"rendered":"<p>https:\/\/www.dabplus.de\/2019\/09\/16\/dab-im-saarland-lms-weist-uebertragungskapazitaeten-aus\/<\/p>\n","protected":false},"author":1,"featured_media":0,"comment_status":"closed","ping_status":"open","sticky":false,"template":"","format":"standard","meta":{"_jetpack_memberships_contains_paid_content":false,"footnotes":"","jetpack_publicize_message":"","jetpack_publicize_feature_enabled":true,"jetpack_social_post_already_shared":true,"jetpack_social_options":{"image_generator_settings":{"template":"highway","default_image_id":0,"font":"","enabled":false},"version":2}},"categories":[1],"tags":[31],"class_list":["post-24843","post","type-post","status-publish","format-standard","hentry","category-deutsch","tag-dab"],"jetpack_publicize_connections":[],"jetpack_featured_media_url":"","jetpack_sharing_enabled":true,"jetpack_shortlink":"https:\/\/wp.me\/p5CDmr-6sH","jetpack-related-posts":[{"id":22747,"url":"https:\/\/www.achimbrueckner.de\/dxradio\/php\/wordpress\/?p=22747","url_meta":{"origin":24843,"position":0},"title":"LMS schreibt landesweite DAB+-\u00dcbertragungskapazit\u00e4ten im Saarland aus","author":"Administrator","date":"April 16, 2019","format":false,"excerpt":"https:\/\/www.satellifax.de\/mlesen.php?id=c5bd7a5196c78f85c85f4fb0b38bdae2","rel":"","context":"In &quot;Deutsch&quot;","block_context":{"text":"Deutsch","link":"https:\/\/www.achimbrueckner.de\/dxradio\/php\/wordpress\/?cat=1"},"img":{"alt_text":"","src":"","width":0,"height":0},"classes":[]},{"id":14364,"url":"https:\/\/www.achimbrueckner.de\/dxradio\/php\/wordpress\/?p=14364","url_meta":{"origin":24843,"position":1},"title":"LMS startet Interessensbekundungsverfahren zu DAB+","author":"Administrator","date":"September 1, 2017","format":false,"excerpt":"http:\/\/www.radiowoche.de\/lms-startet-interessensbekundungsverfahren-zu-dab\/","rel":"","context":"In &quot;Deutsch&quot;","block_context":{"text":"Deutsch","link":"https:\/\/www.achimbrueckner.de\/dxradio\/php\/wordpress\/?cat=1"},"img":{"alt_text":"","src":"","width":0,"height":0},"classes":[]},{"id":23126,"url":"https:\/\/www.achimbrueckner.de\/dxradio\/php\/wordpress\/?p=23126","url_meta":{"origin":24843,"position":2},"title":"Gro\u00dfes Interesse an DAB+ -\u00dcbertragungskapazit\u00e4ten im Saarland","author":"Administrator","date":"May 16, 2019","format":false,"excerpt":"https:\/\/www.radioszene.de\/133145\/dab-digitalradio-saarland-bewerber.html","rel":"","context":"In &quot;Deutsch&quot;","block_context":{"text":"Deutsch","link":"https:\/\/www.achimbrueckner.de\/dxradio\/php\/wordpress\/?cat=1"},"img":{"alt_text":"","src":"","width":0,"height":0},"classes":[]},{"id":39034,"url":"https:\/\/www.achimbrueckner.de\/dxradio\/php\/wordpress\/?p=39034","url_meta":{"origin":24843,"position":3},"title":"Neues Programm im Saarland \u00fcber DAB+","author":"Administrator","date":"March 11, 2023","format":false,"excerpt":"https:\/\/www.radiowoche.de\/neues-programm-im-saarland-ueber-dab\/","rel":"","context":"In &quot;Deutsch&quot;","block_context":{"text":"Deutsch","link":"https:\/\/www.achimbrueckner.de\/dxradio\/php\/wordpress\/?cat=1"},"img":{"alt_text":"","src":"","width":0,"height":0},"classes":[]},{"id":31057,"url":"https:\/\/www.achimbrueckner.de\/dxradio\/php\/wordpress\/?p=31057","url_meta":{"origin":24843,"position":4},"title":"DAB+: Flop im Saarland, top in Baden-W\u00fcrttemberg","author":"Administrator","date":"December 7, 2020","format":false,"excerpt":"https:\/\/www.teltarif.de\/saarland-dab-plus-radio-digitalradio\/news\/82800.html","rel":"","context":"In &quot;Deutsch&quot;","block_context":{"text":"Deutsch","link":"https:\/\/www.achimbrueckner.de\/dxradio\/php\/wordpress\/?cat=1"},"img":{"alt_text":"","src":"","width":0,"height":0},"classes":[]},{"id":41222,"url":"https:\/\/www.achimbrueckner.de\/dxradio\/php\/wordpress\/?p=41222","url_meta":{"origin":24843,"position":5},"title":"RPR1. auf DAB+ im Saarland gestartet","author":"Administrator","date":"May 3, 2024","format":false,"excerpt":"https:\/\/www.radioblog.eu\/2024\/05\/03\/rpr1-auf-dab-im-saarland-gestartet\/","rel":"","context":"In &quot;Deutsch&quot;","block_context":{"text":"Deutsch","link":"https:\/\/www.achimbrueckner.de\/dxradio\/php\/wordpress\/?cat=1"},"img":{"alt_text":"","src":"","width":0,"height":0},"classes":[]}],"_links":{"self":[{"href":"https:\/\/www.achimbrueckner.de\/dxradio\/php\/wordpress\/index.php?rest_route=\/wp\/v2\/posts\/24843","targetHints":{"allow":["GET"]}}],"collection":[{"href":"https:\/\/www.achimbrueckner.de\/dxradio\/php\/wordpress\/index.php?rest_route=\/wp\/v2\/posts"}],"about":[{"href":"https:\/\/www.achimbrueckner.de\/dxradio\/php\/wordpress\/index.php?rest_route=\/wp\/v2\/types\/post"}],"author":[{"embeddable":true,"href":"https:\/\/www.achimbrueckner.de\/dxradio\/php\/wordpress\/index.php?rest_route=\/wp\/v2\/users\/1"}],"replies":[{"embeddable":true,"href":"https:\/\/www.achimbrueckner.de\/dxradio\/php\/wordpress\/index.php?rest_route=%2Fwp%2Fv2%2Fcomments&post=24843"}],"version-history":[{"count":0,"href":"https:\/\/www.achimbrueckner.de\/dxradio\/php\/wordpress\/index.php?rest_route=\/wp\/v2\/posts\/24843\/revisions"}],"wp:attachment":[{"href":"https:\/\/www.achimbrueckner.de\/dxradio\/php\/wordpress\/index.php?rest_route=%2Fwp%2Fv2%2Fmedia&parent=24843"}],"wp:term":[{"taxonomy":"category","embeddable":true,"href":"https:\/\/www.achimbrueckner.de\/dxradio\/php\/wordpress\/index.php?rest_route=%2Fwp%2Fv2%2Fcategories&post=24843"},{"taxonomy":"post_tag","embeddable":true,"href":"https:\/\/www.achimbrueckner.de\/dxradio\/php\/wordpress\/index.php?rest_route=%2Fwp%2Fv2%2Ftags&post=24843"}],"curies":[{"name":"wp","href":"https:\/\/api.w.org\/{rel}","templated":true}]}}