{"id":24874,"date":"2019-09-20T14:45:40","date_gmt":"2019-09-20T14:45:40","guid":{"rendered":"https:\/\/www.achimbrueckner.de\/dxradio\/php\/wordpress\/?p=24874"},"modified":"2019-09-20T14:45:40","modified_gmt":"2019-09-20T14:45:40","slug":"fusball-em-2024-nicht-bei-ard-und-zdf","status":"publish","type":"post","link":"https:\/\/www.achimbrueckner.de\/dxradio\/php\/wordpress\/?p=24874","title":{"rendered":"Fu\u00dfball-EM 2024 nicht bei ARD und ZDF"},"content":{"rendered":"<p><a href=\"https:\/\/www.teltarif.de\/fussball-fm-uebertragungsrechte-uefa\/news\/78068.html\" rel=\"noopener noreferrer\" target=\"_blank\">https:\/\/www.teltarif.de\/fussball-fm-uebertragungsrechte-uefa\/news\/78068.html<\/a><\/p>\n","protected":false},"excerpt":{"rendered":"<p>https:\/\/www.teltarif.de\/fussball-fm-uebertragungsrechte-uefa\/news\/78068.html<\/p>\n","protected":false},"author":1,"featured_media":0,"comment_status":"closed","ping_status":"open","sticky":false,"template":"","format":"standard","meta":{"_jetpack_memberships_contains_paid_content":false,"footnotes":"","jetpack_publicize_message":"","jetpack_publicize_feature_enabled":true,"jetpack_social_post_already_shared":true,"jetpack_social_options":{"image_generator_settings":{"template":"highway","default_image_id":0,"font":"","enabled":false},"version":2}},"categories":[1],"tags":[28],"class_list":["post-24874","post","type-post","status-publish","format-standard","hentry","category-deutsch","tag-fm"],"jetpack_publicize_connections":[],"jetpack_featured_media_url":"","jetpack_sharing_enabled":true,"jetpack_shortlink":"https:\/\/wp.me\/p5CDmr-6tc","jetpack-related-posts":[{"id":13455,"url":"https:\/\/www.achimbrueckner.de\/dxradio\/php\/wordpress\/?p=13455","url_meta":{"origin":24874,"position":0},"title":"Offiziell: Fu\u00dfball-Bundesliga nicht mehr komplett bei Sky","author":"Administrator","date":"June 15, 2017","format":false,"excerpt":"https:\/\/www.teltarif.de\/bundesliga-champions-league-uebertragungsrechte\/news\/68987.html","rel":"","context":"In &quot;Deutsch&quot;","block_context":{"text":"Deutsch","link":"https:\/\/www.achimbrueckner.de\/dxradio\/php\/wordpress\/?cat=1"},"img":{"alt_text":"","src":"","width":0,"height":0},"classes":[]},{"id":32837,"url":"https:\/\/www.achimbrueckner.de\/dxradio\/php\/wordpress\/?p=32837","url_meta":{"origin":24874,"position":1},"title":"Die Fu\u00dfball-EM im Radio und in Podcasts h\u00f6ren","author":"Administrator","date":"June 7, 2021","format":false,"excerpt":"https:\/\/www.teltarif.de\/fussball-em-uefa-euro-2020-radio-podcast\/news\/84725.html","rel":"","context":"In &quot;Deutsch&quot;","block_context":{"text":"Deutsch","link":"https:\/\/www.achimbrueckner.de\/dxradio\/php\/wordpress\/?cat=1"},"img":{"alt_text":"","src":"","width":0,"height":0},"classes":[]},{"id":38065,"url":"https:\/\/www.achimbrueckner.de\/dxradio\/php\/wordpress\/?p=38065","url_meta":{"origin":24874,"position":2},"title":"Fu\u00dfball-WM: Sind die Einschaltquoten wirklich so schlecht?","author":"Administrator","date":"November 30, 2022","format":false,"excerpt":"https:\/\/www.teltarif.de\/fussball-wm-katar-ard-zdf-magenta-tv\/news\/90137.html","rel":"","context":"In &quot;Deutsch&quot;","block_context":{"text":"Deutsch","link":"https:\/\/www.achimbrueckner.de\/dxradio\/php\/wordpress\/?cat=1"},"img":{"alt_text":"","src":"","width":0,"height":0},"classes":[]},{"id":14573,"url":"https:\/\/www.achimbrueckner.de\/dxradio\/php\/wordpress\/?p=14573","url_meta":{"origin":24874,"position":3},"title":"Sport1.fm startet heute als Eventradio neu","author":"Administrator","date":"September 12, 2017","format":false,"excerpt":"https:\/\/www.teltarif.de\/sport1fm-neustart-radio-fussball-digitalradio\/news\/70005.html","rel":"","context":"In &quot;Deutsch&quot;","block_context":{"text":"Deutsch","link":"https:\/\/www.achimbrueckner.de\/dxradio\/php\/wordpress\/?cat=1"},"img":{"alt_text":"","src":"","width":0,"height":0},"classes":[]},{"id":44358,"url":"https:\/\/www.achimbrueckner.de\/dxradio\/php\/wordpress\/?p=44358","url_meta":{"origin":24874,"position":4},"title":"Fu\u00dfball im TV bald unbezahlbar: So viele Abos sind k\u00fcnftig f\u00e4llig (Update)","author":"Administrator","date":"November 22, 2025","format":false,"excerpt":"https:\/\/www.teltarif.de\/championsleague-uebertragungsrechte-paramountplus\/news\/100666.html","rel":"","context":"In &quot;Deutsch&quot;","block_context":{"text":"Deutsch","link":"https:\/\/www.achimbrueckner.de\/dxradio\/php\/wordpress\/?cat=1"},"img":{"alt_text":"","src":"","width":0,"height":0},"classes":[]},{"id":32876,"url":"https:\/\/www.achimbrueckner.de\/dxradio\/php\/wordpress\/?p=32876","url_meta":{"origin":24874,"position":5},"title":"Telekom mit Startschwierigkeiten bei Fu\u00dfball-EM-Streaming","author":"Administrator","date":"June 14, 2021","format":false,"excerpt":"https:\/\/www.teltarif.de\/magentatv-fussball-em-probleme\/news\/84795.html","rel":"","context":"In &quot;Deutsch&quot;","block_context":{"text":"Deutsch","link":"https:\/\/www.achimbrueckner.de\/dxradio\/php\/wordpress\/?cat=1"},"img":{"alt_text":"","src":"","width":0,"height":0},"classes":[]}],"_links":{"self":[{"href":"https:\/\/www.achimbrueckner.de\/dxradio\/php\/wordpress\/index.php?rest_route=\/wp\/v2\/posts\/24874","targetHints":{"allow":["GET"]}}],"collection":[{"href":"https:\/\/www.achimbrueckner.de\/dxradio\/php\/wordpress\/index.php?rest_route=\/wp\/v2\/posts"}],"about":[{"href":"https:\/\/www.achimbrueckner.de\/dxradio\/php\/wordpress\/index.php?rest_route=\/wp\/v2\/types\/post"}],"author":[{"embeddable":true,"href":"https:\/\/www.achimbrueckner.de\/dxradio\/php\/wordpress\/index.php?rest_route=\/wp\/v2\/users\/1"}],"replies":[{"embeddable":true,"href":"https:\/\/www.achimbrueckner.de\/dxradio\/php\/wordpress\/index.php?rest_route=%2Fwp%2Fv2%2Fcomments&post=24874"}],"version-history":[{"count":0,"href":"https:\/\/www.achimbrueckner.de\/dxradio\/php\/wordpress\/index.php?rest_route=\/wp\/v2\/posts\/24874\/revisions"}],"wp:attachment":[{"href":"https:\/\/www.achimbrueckner.de\/dxradio\/php\/wordpress\/index.php?rest_route=%2Fwp%2Fv2%2Fmedia&parent=24874"}],"wp:term":[{"taxonomy":"category","embeddable":true,"href":"https:\/\/www.achimbrueckner.de\/dxradio\/php\/wordpress\/index.php?rest_route=%2Fwp%2Fv2%2Fcategories&post=24874"},{"taxonomy":"post_tag","embeddable":true,"href":"https:\/\/www.achimbrueckner.de\/dxradio\/php\/wordpress\/index.php?rest_route=%2Fwp%2Fv2%2Ftags&post=24874"}],"curies":[{"name":"wp","href":"https:\/\/api.w.org\/{rel}","templated":true}]}}