{"id":24988,"date":"2019-09-26T17:49:35","date_gmt":"2019-09-26T17:49:35","guid":{"rendered":"https:\/\/www.achimbrueckner.de\/dxradio\/php\/wordpress\/?p=24988"},"modified":"2019-09-26T17:49:35","modified_gmt":"2019-09-26T17:49:35","slug":"das-medium-radio-baut-sehr-schnell-sehr-hohe-reichweiten-auf","status":"publish","type":"post","link":"https:\/\/www.achimbrueckner.de\/dxradio\/php\/wordpress\/?p=24988","title":{"rendered":"&#8220;Das Medium Radio baut sehr schnell sehr hohe Reichweiten auf.&#8221;"},"content":{"rendered":"<p><a href=\"https:\/\/www.ard-werbung.de\/unternehmen\/brancheninterviews\/ralf-heuel\/\" rel=\"noopener noreferrer\" target=\"_blank\">https:\/\/www.ard-werbung.de\/unternehmen\/brancheninterviews\/ralf-heuel\/<\/a><\/p>\n","protected":false},"excerpt":{"rendered":"<p>https:\/\/www.ard-werbung.de\/unternehmen\/brancheninterviews\/ralf-heuel\/<\/p>\n","protected":false},"author":1,"featured_media":0,"comment_status":"closed","ping_status":"open","sticky":false,"template":"","format":"standard","meta":{"_jetpack_memberships_contains_paid_content":false,"footnotes":"","jetpack_publicize_message":"","jetpack_publicize_feature_enabled":true,"jetpack_social_post_already_shared":true,"jetpack_social_options":{"image_generator_settings":{"template":"highway","default_image_id":0,"font":"","enabled":false},"version":2}},"categories":[1],"tags":[],"class_list":["post-24988","post","type-post","status-publish","format-standard","hentry","category-deutsch"],"jetpack_publicize_connections":[],"jetpack_featured_media_url":"","jetpack_sharing_enabled":true,"jetpack_shortlink":"https:\/\/wp.me\/p5CDmr-6v2","jetpack-related-posts":[{"id":4424,"url":"https:\/\/www.achimbrueckner.de\/dxradio\/php\/wordpress\/?p=4424","url_meta":{"origin":24988,"position":0},"title":"SAT- und DX\u00e9r Magazins der SATzentrale 21.04.2015","author":"Administrator","date":"April 20, 2015","format":false,"excerpt":"Hallo liebe Radio und DX\u00e9r Freunde, am 21.04.2015 ist es wieder soweit. An diesem Tag l\u00e4uft um 21:00 Uhr MEZ eine neue Ausgabe des SAT- und DX\u00e9r Magazins der SATzentrale. In der mittlerweile 13. Ausgabe gibt es wieder interessante Themen: Im Mai und Juni finden wieder zahlreiche DX\u00e9r Treffen statt.\u2026","rel":"","context":"In &quot;Deutsch&quot;","block_context":{"text":"Deutsch","link":"https:\/\/www.achimbrueckner.de\/dxradio\/php\/wordpress\/?cat=1"},"img":{"alt_text":"","src":"","width":0,"height":0},"classes":[]},{"id":38438,"url":"https:\/\/www.achimbrueckner.de\/dxradio\/php\/wordpress\/?p=38438","url_meta":{"origin":24988,"position":1},"title":"Meine Radios des Jahres 2022","author":"Administrator","date":"January 2, 2023","format":false,"excerpt":"Meine Radios des Jahres 2022 FIP aus Frankreich, das eklektische Musikprogramm, das jederzeit sehr stimmige Musik bietet - zu h\u00f6ren via http:\/\/icecast.radiofrance.fr\/fip-midfi.mp3 Couleur 3 - die (viel) bessere Alternative zu SRF3\/DRS3. Couleur 3 spielt Musik verschiedener Sparten, auch Klassik-Rock geh\u00f6rt zum regelm\u00e4ssigen Repertoire dieses in der Schweiz terrestrisch empfangbaren Programms;\u2026","rel":"","context":"In &quot;Deutsch&quot;","block_context":{"text":"Deutsch","link":"https:\/\/www.achimbrueckner.de\/dxradio\/php\/wordpress\/?cat=1"},"img":{"alt_text":"","src":"","width":0,"height":0},"classes":[]},{"id":22006,"url":"https:\/\/www.achimbrueckner.de\/dxradio\/php\/wordpress\/?p=22006","url_meta":{"origin":24988,"position":2},"title":"Bernhard Bahners: Spotify hat erstmals sehr klar seinen Angriff auf das klassische Radio formuliert","author":"Administrator","date":"March 7, 2019","format":false,"excerpt":"https:\/\/www.radioszene.de\/131170\/bernhard-bahners-webradio-spotify.html","rel":"","context":"In &quot;Deutsch&quot;","block_context":{"text":"Deutsch","link":"https:\/\/www.achimbrueckner.de\/dxradio\/php\/wordpress\/?cat=1"},"img":{"alt_text":"","src":"","width":0,"height":0},"classes":[]},{"id":39476,"url":"https:\/\/www.achimbrueckner.de\/dxradio\/php\/wordpress\/?p=39476","url_meta":{"origin":24988,"position":3},"title":"Radio: Das minimalinvasive Medium. Nah. Regional. Mit linearer Zukunft!","author":"Administrator","date":"May 11, 2023","format":false,"excerpt":"https:\/\/www.swr.de\/unternehmen\/audiolab\/100-jahre-radio-sandra-mueller-100.html","rel":"","context":"In &quot;Deutsch&quot;","block_context":{"text":"Deutsch","link":"https:\/\/www.achimbrueckner.de\/dxradio\/php\/wordpress\/?cat=1"},"img":{"alt_text":"","src":"","width":0,"height":0},"classes":[]},{"id":24840,"url":"https:\/\/www.achimbrueckner.de\/dxradio\/php\/wordpress\/?p=24840","url_meta":{"origin":24988,"position":4},"title":"Detlef Kuschka: \u201eDas Radio hat sich in den vergangenen Jahren zu sehr als Begleitmedium verstanden\u201c","author":"Administrator","date":"September 18, 2019","format":false,"excerpt":"http:\/\/www.quotenmeter.de\/n\/112128\/detlef-kuschka-das-radio-hat-sich-in-den-vergangenen-jahren-zu-sehr-als-begleitmedium-verstanden","rel":"","context":"In &quot;Deutsch&quot;","block_context":{"text":"Deutsch","link":"https:\/\/www.achimbrueckner.de\/dxradio\/php\/wordpress\/?cat=1"},"img":{"alt_text":"","src":"","width":0,"height":0},"classes":[]},{"id":29738,"url":"https:\/\/www.achimbrueckner.de\/dxradio\/php\/wordpress\/?p=29738","url_meta":{"origin":24988,"position":5},"title":"Radio. Menschen und Geschichten am 16. August 2020","author":"Administrator","date":"August 12, 2020","format":false,"excerpt":"Werte H\u00f6rende, Kleider machen Leute, Ereignisse machen Sendungen. Nach l\u00e4ngerer Pause treibt es das Rundfunkballett Eifel wieder auf die Bretter, die die Welt bedeuten. Da Ballett im Radio \u00e4hnlich spannend ist, wie Zeitunglesen unter Wasser, verdingen sich die Prachtelf:Innen dieses H\u00f6rfunkelaborats sprechenderweise an kommenden Sonntag (16.08.2020) Hier schon mal 2\u2026","rel":"","context":"In &quot;Deutsch&quot;","block_context":{"text":"Deutsch","link":"https:\/\/www.achimbrueckner.de\/dxradio\/php\/wordpress\/?cat=1"},"img":{"alt_text":"","src":"","width":0,"height":0},"classes":[]}],"_links":{"self":[{"href":"https:\/\/www.achimbrueckner.de\/dxradio\/php\/wordpress\/index.php?rest_route=\/wp\/v2\/posts\/24988","targetHints":{"allow":["GET"]}}],"collection":[{"href":"https:\/\/www.achimbrueckner.de\/dxradio\/php\/wordpress\/index.php?rest_route=\/wp\/v2\/posts"}],"about":[{"href":"https:\/\/www.achimbrueckner.de\/dxradio\/php\/wordpress\/index.php?rest_route=\/wp\/v2\/types\/post"}],"author":[{"embeddable":true,"href":"https:\/\/www.achimbrueckner.de\/dxradio\/php\/wordpress\/index.php?rest_route=\/wp\/v2\/users\/1"}],"replies":[{"embeddable":true,"href":"https:\/\/www.achimbrueckner.de\/dxradio\/php\/wordpress\/index.php?rest_route=%2Fwp%2Fv2%2Fcomments&post=24988"}],"version-history":[{"count":0,"href":"https:\/\/www.achimbrueckner.de\/dxradio\/php\/wordpress\/index.php?rest_route=\/wp\/v2\/posts\/24988\/revisions"}],"wp:attachment":[{"href":"https:\/\/www.achimbrueckner.de\/dxradio\/php\/wordpress\/index.php?rest_route=%2Fwp%2Fv2%2Fmedia&parent=24988"}],"wp:term":[{"taxonomy":"category","embeddable":true,"href":"https:\/\/www.achimbrueckner.de\/dxradio\/php\/wordpress\/index.php?rest_route=%2Fwp%2Fv2%2Fcategories&post=24988"},{"taxonomy":"post_tag","embeddable":true,"href":"https:\/\/www.achimbrueckner.de\/dxradio\/php\/wordpress\/index.php?rest_route=%2Fwp%2Fv2%2Ftags&post=24988"}],"curies":[{"name":"wp","href":"https:\/\/api.w.org\/{rel}","templated":true}]}}