{"id":24991,"date":"2019-09-26T17:52:33","date_gmt":"2019-09-26T17:52:33","guid":{"rendered":"https:\/\/www.achimbrueckner.de\/dxradio\/php\/wordpress\/?p=24991"},"modified":"2019-09-26T17:52:33","modified_gmt":"2019-09-26T17:52:33","slug":"radio-zwischen-nationalen-regeln-und-internationaler-digitalisierung","status":"publish","type":"post","link":"https:\/\/www.achimbrueckner.de\/dxradio\/php\/wordpress\/?p=24991","title":{"rendered":"Radio: Zwischen nationalen Regeln und internationaler Digitalisierung"},"content":{"rendered":"<p><a href=\"https:\/\/www.horizont.at\/home\/news\/detail\/radio-zwischen-nationalen-regeln-und-internationaler-digitalisierung.html\" rel=\"noopener noreferrer\" target=\"_blank\">https:\/\/www.horizont.at\/home\/news\/detail\/radio-zwischen-nationalen-regeln-und-internationaler-digitalisierung.html<\/a><\/p>\n","protected":false},"excerpt":{"rendered":"<p>https:\/\/www.horizont.at\/home\/news\/detail\/radio-zwischen-nationalen-regeln-und-internationaler-digitalisierung.html<\/p>\n","protected":false},"author":1,"featured_media":0,"comment_status":"closed","ping_status":"open","sticky":false,"template":"","format":"standard","meta":{"_jetpack_memberships_contains_paid_content":false,"footnotes":"","jetpack_publicize_message":"","jetpack_publicize_feature_enabled":true,"jetpack_social_post_already_shared":true,"jetpack_social_options":{"image_generator_settings":{"template":"highway","default_image_id":0,"font":"","enabled":false},"version":2}},"categories":[1],"tags":[],"class_list":["post-24991","post","type-post","status-publish","format-standard","hentry","category-deutsch"],"jetpack_publicize_connections":[],"jetpack_featured_media_url":"","jetpack_sharing_enabled":true,"jetpack_shortlink":"https:\/\/wp.me\/p5CDmr-6v5","jetpack-related-posts":[{"id":26209,"url":"https:\/\/www.achimbrueckner.de\/dxradio\/php\/wordpress\/?p=26209","url_meta":{"origin":24991,"position":0},"title":"&#8216;Auf der Wacht fuer den Frieden&#8217; Neujahrsgruesse von Radio DDR an die Soldaten der NVA Nationalen Volksarmee. Rundfunk der DDR 1957.","author":"Administrator","date":"December 15, 2019","format":false,"excerpt":"DLF Programmheft Dezember 2019. 28. Dezember Deutschlandfunk Kultur 05.05-06.00 Uhr CET - Aus den Archiven. 'Auf der Wacht fuer den Frieden' Neujahrsgruesse von Radio DDR an die Soldaten der NVA Nationalen Volksarmee. Rundfunk der DDR 1957. Anschliessend 'Pinsel und Schnorchel in der Skihuette' Ein satirischer Blick auf Sylvester in der\u2026","rel":"","context":"In &quot;Deutsch&quot;","block_context":{"text":"Deutsch","link":"https:\/\/www.achimbrueckner.de\/dxradio\/php\/wordpress\/?cat=1"},"img":{"alt_text":"","src":"","width":0,"height":0},"classes":[]},{"id":13312,"url":"https:\/\/www.achimbrueckner.de\/dxradio\/php\/wordpress\/?p=13312","url_meta":{"origin":24991,"position":1},"title":"Radio Bulgarien stellt Sprachdienste ein, u.a. Deutsch","author":"Administrator","date":"May 31, 2017","format":false,"excerpt":"Leider m\u00fcssen wir Ihnen eine unerfreuliche Nachricht mitteilen. Auf Beschluss der Intendanz des Bulgarischen Nationalen Rundfunks werden ab dem 1. Juni dieses Jahres die Audio-Programme von Radio Bulgarien eingestellt. Die einzelnen Tages-Beitr\u00e4ge erscheinen in den kommenden Wochen wie gewohnt in den jeweiligen Rubriken. Wir w\u00fcrden uns freuen, wenn Sie weiterhin\u2026","rel":"","context":"In &quot;audio&quot;","block_context":{"text":"audio","link":"https:\/\/www.achimbrueckner.de\/dxradio\/php\/wordpress\/?cat=47"},"img":{"alt_text":"","src":"","width":0,"height":0},"classes":[]},{"id":12573,"url":"https:\/\/www.achimbrueckner.de\/dxradio\/php\/wordpress\/?p=12573","url_meta":{"origin":24991,"position":2},"title":"Auf der Kurzwelle zu nationalen und internationalen Erfolgen","author":"Administrator","date":"March 20, 2017","format":false,"excerpt":"http:\/\/www.vkz.de\/lokales\/sachsenheim\/auf-der-kurzwelle-zu-nationalen-und-internationalen-erfolgen\/","rel":"","context":"In &quot;Deutsch&quot;","block_context":{"text":"Deutsch","link":"https:\/\/www.achimbrueckner.de\/dxradio\/php\/wordpress\/?cat=1"},"img":{"alt_text":"","src":"","width":0,"height":0},"classes":[]},{"id":29356,"url":"https:\/\/www.achimbrueckner.de\/dxradio\/php\/wordpress\/?p=29356","url_meta":{"origin":24991,"position":3},"title":"Antenne Deutschland und Str\u00f6er gr\u00fcnden nationalen Vermarkter f\u00fcr Digital Audio","author":"Administrator","date":"July 7, 2020","format":false,"excerpt":"http:\/\/www.radiowoche.de\/antenne-deutschland-und-stroeer-gruenden-nationalen-vermarkter-fuer-digital-audio\/","rel":"","context":"In &quot;audio&quot;","block_context":{"text":"audio","link":"https:\/\/www.achimbrueckner.de\/dxradio\/php\/wordpress\/?cat=47"},"img":{"alt_text":"","src":"","width":0,"height":0},"classes":[]},{"id":43670,"url":"https:\/\/www.achimbrueckner.de\/dxradio\/php\/wordpress\/?p=43670","url_meta":{"origin":24991,"position":4},"title":"\u00d6sterreich Radio 88.6 feierte offiziell nationalen Sendestart","author":"Administrator","date":"August 28, 2025","format":false,"excerpt":"https:\/\/www.radioszene.de\/205573\/radio-886-sendestart.html","rel":"","context":"In &quot;Deutsch&quot;","block_context":{"text":"Deutsch","link":"https:\/\/www.achimbrueckner.de\/dxradio\/php\/wordpress\/?cat=1"},"img":{"alt_text":"","src":"","width":0,"height":0},"classes":[]},{"id":15337,"url":"https:\/\/www.achimbrueckner.de\/dxradio\/php\/wordpress\/?p=15337","url_meta":{"origin":24991,"position":5},"title":"DAB+ WIRD ZUM NATIONALEN WERBETR\u00c4GER","author":"Administrator","date":"November 6, 2017","format":false,"excerpt":"https:\/\/meinungsbarometer.info\/beitrag\/DABplus-wird-zum-nationalen-Werbetraeger_2575.html","rel":"","context":"In &quot;Deutsch&quot;","block_context":{"text":"Deutsch","link":"https:\/\/www.achimbrueckner.de\/dxradio\/php\/wordpress\/?cat=1"},"img":{"alt_text":"","src":"","width":0,"height":0},"classes":[]}],"_links":{"self":[{"href":"https:\/\/www.achimbrueckner.de\/dxradio\/php\/wordpress\/index.php?rest_route=\/wp\/v2\/posts\/24991","targetHints":{"allow":["GET"]}}],"collection":[{"href":"https:\/\/www.achimbrueckner.de\/dxradio\/php\/wordpress\/index.php?rest_route=\/wp\/v2\/posts"}],"about":[{"href":"https:\/\/www.achimbrueckner.de\/dxradio\/php\/wordpress\/index.php?rest_route=\/wp\/v2\/types\/post"}],"author":[{"embeddable":true,"href":"https:\/\/www.achimbrueckner.de\/dxradio\/php\/wordpress\/index.php?rest_route=\/wp\/v2\/users\/1"}],"replies":[{"embeddable":true,"href":"https:\/\/www.achimbrueckner.de\/dxradio\/php\/wordpress\/index.php?rest_route=%2Fwp%2Fv2%2Fcomments&post=24991"}],"version-history":[{"count":0,"href":"https:\/\/www.achimbrueckner.de\/dxradio\/php\/wordpress\/index.php?rest_route=\/wp\/v2\/posts\/24991\/revisions"}],"wp:attachment":[{"href":"https:\/\/www.achimbrueckner.de\/dxradio\/php\/wordpress\/index.php?rest_route=%2Fwp%2Fv2%2Fmedia&parent=24991"}],"wp:term":[{"taxonomy":"category","embeddable":true,"href":"https:\/\/www.achimbrueckner.de\/dxradio\/php\/wordpress\/index.php?rest_route=%2Fwp%2Fv2%2Fcategories&post=24991"},{"taxonomy":"post_tag","embeddable":true,"href":"https:\/\/www.achimbrueckner.de\/dxradio\/php\/wordpress\/index.php?rest_route=%2Fwp%2Fv2%2Ftags&post=24991"}],"curies":[{"name":"wp","href":"https:\/\/api.w.org\/{rel}","templated":true}]}}