{"id":24995,"date":"2019-09-27T14:54:32","date_gmt":"2019-09-27T14:54:32","guid":{"rendered":"https:\/\/www.achimbrueckner.de\/dxradio\/php\/wordpress\/?p=24995"},"modified":"2019-09-27T14:54:32","modified_gmt":"2019-09-27T14:54:32","slug":"amazons-day-1-edition-smarte-brille-und-ring-im-offentlichen-betatest","status":"publish","type":"post","link":"https:\/\/www.achimbrueckner.de\/dxradio\/php\/wordpress\/?p=24995","title":{"rendered":"Amazons Day 1 Edition: Smarte Brille und Ring im \u00f6ffentlichen Betatest"},"content":{"rendered":"<p><a href=\"https:\/\/www.heise.de\/newsticker\/meldung\/Amazons-Day-1-Edition-Smarte-Brille-und-Ring-im-oeffentlichen-Betatest-4539627.html\" rel=\"noopener noreferrer\" target=\"_blank\">https:\/\/www.heise.de\/newsticker\/meldung\/Amazons-Day-1-Edition-Smarte-Brille-und-Ring-im-oeffentlichen-Betatest-4539627.html<\/a><\/p>\n","protected":false},"excerpt":{"rendered":"<p>https:\/\/www.heise.de\/newsticker\/meldung\/Amazons-Day-1-Edition-Smarte-Brille-und-Ring-im-oeffentlichen-Betatest-4539627.html<\/p>\n","protected":false},"author":1,"featured_media":0,"comment_status":"closed","ping_status":"open","sticky":false,"template":"","format":"standard","meta":{"_jetpack_memberships_contains_paid_content":false,"footnotes":"","jetpack_publicize_message":"","jetpack_publicize_feature_enabled":true,"jetpack_social_post_already_shared":true,"jetpack_social_options":{"image_generator_settings":{"template":"highway","default_image_id":0,"font":"","enabled":false},"version":2}},"categories":[1],"tags":[24],"class_list":["post-24995","post","type-post","status-publish","format-standard","hentry","category-deutsch","tag-am"],"jetpack_publicize_connections":[],"jetpack_featured_media_url":"","jetpack_sharing_enabled":true,"jetpack_shortlink":"https:\/\/wp.me\/p5CDmr-6v9","jetpack-related-posts":[{"id":26380,"url":"https:\/\/www.achimbrueckner.de\/dxradio\/php\/wordpress\/?p=26380","url_meta":{"origin":24995,"position":0},"title":"smarte-lautsprecher-amazons-alexa-ist-gestoert","author":"Administrator","date":"December 27, 2019","format":false,"excerpt":"https:\/\/www.golem.de\/news\/smarte-lautsprecher-amazons-alexa-ist-gestoert-1912-145736.html","rel":"","context":"In &quot;Deutsch&quot;","block_context":{"text":"Deutsch","link":"https:\/\/www.achimbrueckner.de\/dxradio\/php\/wordpress\/?cat=1"},"img":{"alt_text":"","src":"","width":0,"height":0},"classes":[]},{"id":28973,"url":"https:\/\/www.achimbrueckner.de\/dxradio\/php\/wordpress\/?p=28973","url_meta":{"origin":24995,"position":1},"title":"BBC schickt eigenen Sprachassistenten in Betatest","author":"Administrator","date":"June 5, 2020","format":false,"excerpt":"http:\/\/www.radiowoche.de\/bbc-schickt-eigenen-sprachassistenten-in-betatest\/","rel":"","context":"In &quot;Deutsch&quot;","block_context":{"text":"Deutsch","link":"https:\/\/www.achimbrueckner.de\/dxradio\/php\/wordpress\/?cat=1"},"img":{"alt_text":"","src":"","width":0,"height":0},"classes":[]},{"id":26283,"url":"https:\/\/www.achimbrueckner.de\/dxradio\/php\/wordpress\/?p=26283","url_meta":{"origin":24995,"position":2},"title":"Amazon-Ring-\u00dcberwachungskameras Smarte T\u00fcrklingel mit gef\u00e4hrlichen Nebenwirkungen","author":"Administrator","date":"December 21, 2019","format":false,"excerpt":"https:\/\/www.deutschlandfunkkultur.de\/amazon-ring-ueberwachungskameras-smarte-tuerklingel-mit.1264.de.html?dram:article_id=466471","rel":"","context":"In &quot;Deutsch&quot;","block_context":{"text":"Deutsch","link":"https:\/\/www.achimbrueckner.de\/dxradio\/php\/wordpress\/?cat=1"},"img":{"alt_text":"","src":"","width":0,"height":0},"classes":[]},{"id":36971,"url":"https:\/\/www.achimbrueckner.de\/dxradio\/php\/wordpress\/?p=36971","url_meta":{"origin":24995,"position":3},"title":"Smarte T\u00fcrklingel: Amazon gibt Ring-Aufnahmen ohne Einwilligung an US-Polizei","author":"Administrator","date":"July 15, 2022","format":false,"excerpt":"https:\/\/www.heise.de\/news\/Smarte-Tuerlingel-Amazon-gibt-Ring-Aufnahmen-ohne-Einwillung-an-US-Polizei-7179946.html","rel":"","context":"In &quot;Deutsch&quot;","block_context":{"text":"Deutsch","link":"https:\/\/www.achimbrueckner.de\/dxradio\/php\/wordpress\/?cat=1"},"img":{"alt_text":"","src":"","width":0,"height":0},"classes":[]},{"id":42273,"url":"https:\/\/www.achimbrueckner.de\/dxradio\/php\/wordpress\/?p=42273","url_meta":{"origin":24995,"position":4},"title":"Smarte Lautsprecher und smarte Displays: Auf diesen Echo-Produkten l\u00e4uft Alexa+ nicht","author":"Administrator","date":"February 27, 2025","format":false,"excerpt":"https:\/\/www.golem.de\/news\/smarte-lautsprecher-und-smarte-displays-auf-diesen-echo-produkten-laeuft-alexa-nicht-2502-193767.html","rel":"","context":"In &quot;Deutsch&quot;","block_context":{"text":"Deutsch","link":"https:\/\/www.achimbrueckner.de\/dxradio\/php\/wordpress\/?cat=1"},"img":{"alt_text":"","src":"","width":0,"height":0},"classes":[]},{"id":25866,"url":"https:\/\/www.achimbrueckner.de\/dxradio\/php\/wordpress\/?p=25866","url_meta":{"origin":24995,"position":5},"title":"Amazons Ring ist ein \u201eEinfallstor f\u00fcr B\u00fcrgerrechtsverletzungen\u201c","author":"Administrator","date":"November 21, 2019","format":false,"excerpt":"https:\/\/netzpolitik.org\/2019\/amazons-ring-ist-ein-einfallstor-fuer-buergerrechtsverletzungen\/","rel":"","context":"In &quot;Deutsch&quot;","block_context":{"text":"Deutsch","link":"https:\/\/www.achimbrueckner.de\/dxradio\/php\/wordpress\/?cat=1"},"img":{"alt_text":"","src":"","width":0,"height":0},"classes":[]}],"_links":{"self":[{"href":"https:\/\/www.achimbrueckner.de\/dxradio\/php\/wordpress\/index.php?rest_route=\/wp\/v2\/posts\/24995","targetHints":{"allow":["GET"]}}],"collection":[{"href":"https:\/\/www.achimbrueckner.de\/dxradio\/php\/wordpress\/index.php?rest_route=\/wp\/v2\/posts"}],"about":[{"href":"https:\/\/www.achimbrueckner.de\/dxradio\/php\/wordpress\/index.php?rest_route=\/wp\/v2\/types\/post"}],"author":[{"embeddable":true,"href":"https:\/\/www.achimbrueckner.de\/dxradio\/php\/wordpress\/index.php?rest_route=\/wp\/v2\/users\/1"}],"replies":[{"embeddable":true,"href":"https:\/\/www.achimbrueckner.de\/dxradio\/php\/wordpress\/index.php?rest_route=%2Fwp%2Fv2%2Fcomments&post=24995"}],"version-history":[{"count":0,"href":"https:\/\/www.achimbrueckner.de\/dxradio\/php\/wordpress\/index.php?rest_route=\/wp\/v2\/posts\/24995\/revisions"}],"wp:attachment":[{"href":"https:\/\/www.achimbrueckner.de\/dxradio\/php\/wordpress\/index.php?rest_route=%2Fwp%2Fv2%2Fmedia&parent=24995"}],"wp:term":[{"taxonomy":"category","embeddable":true,"href":"https:\/\/www.achimbrueckner.de\/dxradio\/php\/wordpress\/index.php?rest_route=%2Fwp%2Fv2%2Fcategories&post=24995"},{"taxonomy":"post_tag","embeddable":true,"href":"https:\/\/www.achimbrueckner.de\/dxradio\/php\/wordpress\/index.php?rest_route=%2Fwp%2Fv2%2Ftags&post=24995"}],"curies":[{"name":"wp","href":"https:\/\/api.w.org\/{rel}","templated":true}]}}