{"id":24999,"date":"2019-09-27T15:28:32","date_gmt":"2019-09-27T15:28:32","guid":{"rendered":"https:\/\/www.achimbrueckner.de\/dxradio\/php\/wordpress\/?p=24999"},"modified":"2019-09-27T15:28:32","modified_gmt":"2019-09-27T15:28:32","slug":"pantaflix-zahlen-vorgelegt-budarz-wird-finanzchef","status":"publish","type":"post","link":"https:\/\/www.achimbrueckner.de\/dxradio\/php\/wordpress\/?p=24999","title":{"rendered":"Pantaflix: Zahlen vorgelegt, Budarz wird Finanzchef"},"content":{"rendered":"<p><a href=\"https:\/\/www.dwdl.de\/nachrichten\/74219\/pantaflix_zahlen_vorgelegt_budarz_wird_finanzchef\/\" rel=\"noopener noreferrer\" target=\"_blank\">https:\/\/www.dwdl.de\/nachrichten\/74219\/pantaflix_zahlen_vorgelegt_budarz_wird_finanzchef\/<\/a><\/p>\n","protected":false},"excerpt":{"rendered":"<p>https:\/\/www.dwdl.de\/nachrichten\/74219\/pantaflix_zahlen_vorgelegt_budarz_wird_finanzchef\/<\/p>\n","protected":false},"author":1,"featured_media":0,"comment_status":"closed","ping_status":"open","sticky":false,"template":"","format":"standard","meta":{"_jetpack_memberships_contains_paid_content":false,"footnotes":"","jetpack_publicize_message":"","jetpack_publicize_feature_enabled":true,"jetpack_social_post_already_shared":true,"jetpack_social_options":{"image_generator_settings":{"template":"highway","default_image_id":0,"font":"","enabled":false},"version":2}},"categories":[1],"tags":[],"class_list":["post-24999","post","type-post","status-publish","format-standard","hentry","category-deutsch"],"jetpack_publicize_connections":[],"jetpack_featured_media_url":"","jetpack_sharing_enabled":true,"jetpack_shortlink":"https:\/\/wp.me\/p5CDmr-6vd","jetpack-related-posts":[{"id":20457,"url":"https:\/\/www.achimbrueckner.de\/dxradio\/php\/wordpress\/?p=20457","url_meta":{"origin":24999,"position":0},"title":"Joko verkauft Creative-Cosmos-Anteile an Pantaflix","author":"Administrator","date":"December 19, 2018","format":false,"excerpt":"https:\/\/www.dwdl.de\/nachrichten\/70263\/joko_verkauft_creativecosmosanteile_an_pantaflix\/","rel":"","context":"In &quot;Deutsch&quot;","block_context":{"text":"Deutsch","link":"https:\/\/www.achimbrueckner.de\/dxradio\/php\/wordpress\/?cat=1"},"img":{"alt_text":"","src":"","width":0,"height":0},"classes":[]},{"id":23355,"url":"https:\/\/www.achimbrueckner.de\/dxradio\/php\/wordpress\/?p=23355","url_meta":{"origin":24999,"position":1},"title":"Streamingdienst Pantaflix kommt noch nicht in Fahrt","author":"Administrator","date":"June 7, 2019","format":false,"excerpt":"https:\/\/www.dwdl.de\/nachrichten\/72651\/streamingdienst_pantaflix_kommt_noch_nicht_in_fahrt\/","rel":"","context":"In &quot;Deutsch&quot;","block_context":{"text":"Deutsch","link":"https:\/\/www.achimbrueckner.de\/dxradio\/php\/wordpress\/?cat=1"},"img":{"alt_text":"","src":"","width":0,"height":0},"classes":[]},{"id":23096,"url":"https:\/\/www.achimbrueckner.de\/dxradio\/php\/wordpress\/?p=23096","url_meta":{"origin":24999,"position":2},"title":"Pantaflix versucht es k\u00fcnftig mit dem Netflix-Modell","author":"Administrator","date":"May 14, 2019","format":false,"excerpt":"https:\/\/www.dwdl.de\/nachrichten\/72297\/pantaflix_erweitert_angebot_um_svod_und_avod\/","rel":"","context":"In &quot;Deutsch&quot;","block_context":{"text":"Deutsch","link":"https:\/\/www.achimbrueckner.de\/dxradio\/php\/wordpress\/?cat=1"},"img":{"alt_text":"","src":"","width":0,"height":0},"classes":[]},{"id":22917,"url":"https:\/\/www.achimbrueckner.de\/dxradio\/php\/wordpress\/?p=22917","url_meta":{"origin":24999,"position":3},"title":"Pantaflix holt sich Verst\u00e4rkung von Viacom und P7S1","author":"Administrator","date":"April 29, 2019","format":false,"excerpt":"https:\/\/www.dwdl.de\/nachrichten\/72086\/pantaflix_holt_sich_verstaerkung_von_viacom_und_p7s1\/","rel":"","context":"In &quot;Deutsch&quot;","block_context":{"text":"Deutsch","link":"https:\/\/www.achimbrueckner.de\/dxradio\/php\/wordpress\/?cat=1"},"img":{"alt_text":"","src":"","width":0,"height":0},"classes":[]},{"id":27303,"url":"https:\/\/www.achimbrueckner.de\/dxradio\/php\/wordpress\/?p=27303","url_meta":{"origin":24999,"position":4},"title":"Weltbild arbeitet bei TVoD-Angebot mit Pantaflix zusammen","author":"Administrator","date":"February 24, 2020","format":false,"excerpt":"https:\/\/www.dwdl.de\/nachrichten\/76357\/weltbild_arbeitet_bei_tvodangebot_mit_pantaflix_zusammen\/","rel":"","context":"In &quot;Deutsch&quot;","block_context":{"text":"Deutsch","link":"https:\/\/www.achimbrueckner.de\/dxradio\/php\/wordpress\/?cat=1"},"img":{"alt_text":"","src":"","width":0,"height":0},"classes":[]},{"id":40159,"url":"https:\/\/www.achimbrueckner.de\/dxradio\/php\/wordpress\/?p=40159","url_meta":{"origin":24999,"position":5},"title":"Verkauf ist abgeblasen N\u00e4chste Kehrtwende: Pantaflix beh\u00e4lt Streaming-Gesch\u00e4ft","author":"Administrator","date":"September 18, 2023","format":false,"excerpt":"https:\/\/www.dwdl.de\/nachrichten\/94734\/naechste_kehrtwende_pantaflix_behaelt_streaminggeschaeft\/","rel":"","context":"In &quot;Deutsch&quot;","block_context":{"text":"Deutsch","link":"https:\/\/www.achimbrueckner.de\/dxradio\/php\/wordpress\/?cat=1"},"img":{"alt_text":"","src":"","width":0,"height":0},"classes":[]}],"_links":{"self":[{"href":"https:\/\/www.achimbrueckner.de\/dxradio\/php\/wordpress\/index.php?rest_route=\/wp\/v2\/posts\/24999","targetHints":{"allow":["GET"]}}],"collection":[{"href":"https:\/\/www.achimbrueckner.de\/dxradio\/php\/wordpress\/index.php?rest_route=\/wp\/v2\/posts"}],"about":[{"href":"https:\/\/www.achimbrueckner.de\/dxradio\/php\/wordpress\/index.php?rest_route=\/wp\/v2\/types\/post"}],"author":[{"embeddable":true,"href":"https:\/\/www.achimbrueckner.de\/dxradio\/php\/wordpress\/index.php?rest_route=\/wp\/v2\/users\/1"}],"replies":[{"embeddable":true,"href":"https:\/\/www.achimbrueckner.de\/dxradio\/php\/wordpress\/index.php?rest_route=%2Fwp%2Fv2%2Fcomments&post=24999"}],"version-history":[{"count":0,"href":"https:\/\/www.achimbrueckner.de\/dxradio\/php\/wordpress\/index.php?rest_route=\/wp\/v2\/posts\/24999\/revisions"}],"wp:attachment":[{"href":"https:\/\/www.achimbrueckner.de\/dxradio\/php\/wordpress\/index.php?rest_route=%2Fwp%2Fv2%2Fmedia&parent=24999"}],"wp:term":[{"taxonomy":"category","embeddable":true,"href":"https:\/\/www.achimbrueckner.de\/dxradio\/php\/wordpress\/index.php?rest_route=%2Fwp%2Fv2%2Fcategories&post=24999"},{"taxonomy":"post_tag","embeddable":true,"href":"https:\/\/www.achimbrueckner.de\/dxradio\/php\/wordpress\/index.php?rest_route=%2Fwp%2Fv2%2Ftags&post=24999"}],"curies":[{"name":"wp","href":"https:\/\/api.w.org\/{rel}","templated":true}]}}