{"id":25003,"date":"2019-09-27T15:39:11","date_gmt":"2019-09-27T15:39:11","guid":{"rendered":"https:\/\/www.achimbrueckner.de\/dxradio\/php\/wordpress\/?p=25003"},"modified":"2019-09-27T15:39:11","modified_gmt":"2019-09-27T15:39:11","slug":"mit-77-jahren-frank-elstner-als-best-newcomer-bei-den-youtube-goldene-kamera-digital-awards-geehrt","status":"publish","type":"post","link":"https:\/\/www.achimbrueckner.de\/dxradio\/php\/wordpress\/?p=25003","title":{"rendered":"Mit 77 Jahren: Frank Elstner als \u201cBest Newcomer\u201d bei den YouTube Goldene Kamera Digital Awards geehrt"},"content":{"rendered":"<p><a href=\"https:\/\/meedia.de\/2019\/09\/27\/mit-77-jahren-frank-elstner-als-best-newcomer-bei-den-youtube-goldene-kamera-digital-awards-geehrt\/\" rel=\"noopener noreferrer\" target=\"_blank\">https:\/\/meedia.de\/2019\/09\/27\/mit-77-jahren-frank-elstner-als-best-newcomer-bei-den-youtube-goldene-kamera-digital-awards-geehrt\/<\/a><\/p>\n","protected":false},"excerpt":{"rendered":"<p>https:\/\/meedia.de\/2019\/09\/27\/mit-77-jahren-frank-elstner-als-best-newcomer-bei-den-youtube-goldene-kamera-digital-awards-geehrt\/<\/p>\n","protected":false},"author":1,"featured_media":0,"comment_status":"closed","ping_status":"open","sticky":false,"template":"","format":"standard","meta":{"_jetpack_memberships_contains_paid_content":false,"footnotes":"","jetpack_publicize_message":"","jetpack_publicize_feature_enabled":true,"jetpack_social_post_already_shared":true,"jetpack_social_options":{"image_generator_settings":{"template":"highway","default_image_id":0,"font":"","enabled":false},"version":2}},"categories":[1],"tags":[24],"class_list":["post-25003","post","type-post","status-publish","format-standard","hentry","category-deutsch","tag-am"],"jetpack_publicize_connections":[],"jetpack_featured_media_url":"","jetpack_sharing_enabled":true,"jetpack_shortlink":"https:\/\/wp.me\/p5CDmr-6vh","jetpack-related-posts":[{"id":35977,"url":"https:\/\/www.achimbrueckner.de\/dxradio\/php\/wordpress\/?p=35977","url_meta":{"origin":25003,"position":0},"title":"Frank Elstner Geburtstags-Interview zum Nachh\u00f6ren","author":"Administrator","date":"April 24, 2022","format":false,"excerpt":"https:\/\/www.radioszene.de\/163045\/frank-elstner-im-geburtstags-exklusiv-interview-mit-viktor-worms-bei-oldie-antenne.html","rel":"","context":"In &quot;Deutsch&quot;","block_context":{"text":"Deutsch","link":"https:\/\/www.achimbrueckner.de\/dxradio\/php\/wordpress\/?cat=1"},"img":{"alt_text":"","src":"","width":0,"height":0},"classes":[]},{"id":33672,"url":"https:\/\/www.achimbrueckner.de\/dxradio\/php\/wordpress\/?p=33672","url_meta":{"origin":25003,"position":1},"title":"Katja Berg: Grenzenlose Unterhaltung: Radio Luxemburg","author":"Administrator","date":"September 29, 2021","format":false,"excerpt":"Buch-Tipp: Auf und Ab der Radiolegende Radio Luxemburg war der gro\u00dfe kommerzielle \u00fcberregionale Sender der 50er- bis 80er-Jahre. In Deutschland wurde er im Saarland und in Nordrhein-Westfalen wegen der N\u00e4he zum Nachbarland und dem damit einhergehenden guten Empfang besonders viel geh\u00f6rt und wird dort heute noch oft nostalgisch verkl\u00e4rt. Das\u2026","rel":"","context":"In &quot;Deutsch&quot;","block_context":{"text":"Deutsch","link":"https:\/\/www.achimbrueckner.de\/dxradio\/php\/wordpress\/?cat=1"},"img":{"alt_text":"","src":"","width":0,"height":0},"classes":[]},{"id":11645,"url":"https:\/\/www.achimbrueckner.de\/dxradio\/php\/wordpress\/?p=11645","url_meta":{"origin":25003,"position":2},"title":"Interview mit Frank Elstner &#8220;Ich bin ein neugieriger Mensch&#8221;","author":"Administrator","date":"January 8, 2017","format":false,"excerpt":"https:\/\/detektor.fm\/kultur\/interview-frank-elstner","rel":"","context":"In &quot;Deutsch&quot;","block_context":{"text":"Deutsch","link":"https:\/\/www.achimbrueckner.de\/dxradio\/php\/wordpress\/?cat=1"},"img":{"alt_text":"","src":"","width":0,"height":0},"classes":[]},{"id":4451,"url":"https:\/\/www.achimbrueckner.de\/dxradio\/php\/wordpress\/?p=4451","url_meta":{"origin":25003,"position":3},"title":"\u201cFernsehen legt falsche Formate auf\u201d: Show-Dino Frank Elstner rechnet mit TV-Sendern ab","author":"Administrator","date":"April 23, 2015","format":false,"excerpt":"http:\/\/meedia.de\/2015\/04\/23\/fernsehen-legt-falsche-formate-auf-show-dino-frank-elstner-rechnet-mit-tv-sendern-ab\/","rel":"","context":"In &quot;Deutsch&quot;","block_context":{"text":"Deutsch","link":"https:\/\/www.achimbrueckner.de\/dxradio\/php\/wordpress\/?cat=1"},"img":{"alt_text":"","src":"","width":0,"height":0},"classes":[]},{"id":12934,"url":"https:\/\/www.achimbrueckner.de\/dxradio\/php\/wordpress\/?p=12934","url_meta":{"origin":25003,"position":4},"title":"Die scheinbare Unauff\u00e4lligkeit des Frank Elstner","author":"Administrator","date":"April 20, 2017","format":false,"excerpt":"http:\/\/www.sueddeutsche.de\/medien\/zum-geburtstag-von-frank-elstner-die-scheinbare-unauffaelligkeit-des-frank-elstner-1.3467520","rel":"","context":"In &quot;Deutsch&quot;","block_context":{"text":"Deutsch","link":"https:\/\/www.achimbrueckner.de\/dxradio\/php\/wordpress\/?cat=1"},"img":{"alt_text":"","src":"","width":0,"height":0},"classes":[]},{"id":40137,"url":"https:\/\/www.achimbrueckner.de\/dxradio\/php\/wordpress\/?p=40137","url_meta":{"origin":25003,"position":5},"title":"Frank Laufenberg, Frank Elstner und Thomas Gottschalk bei Schwarzwaldradio","author":"Administrator","date":"September 14, 2023","format":false,"excerpt":"https:\/\/www.satellifax.de\/mlesen.php?id=2c27e374f48faa201e8cfa1eab8901ac","rel":"","context":"In &quot;Deutsch&quot;","block_context":{"text":"Deutsch","link":"https:\/\/www.achimbrueckner.de\/dxradio\/php\/wordpress\/?cat=1"},"img":{"alt_text":"","src":"","width":0,"height":0},"classes":[]}],"_links":{"self":[{"href":"https:\/\/www.achimbrueckner.de\/dxradio\/php\/wordpress\/index.php?rest_route=\/wp\/v2\/posts\/25003","targetHints":{"allow":["GET"]}}],"collection":[{"href":"https:\/\/www.achimbrueckner.de\/dxradio\/php\/wordpress\/index.php?rest_route=\/wp\/v2\/posts"}],"about":[{"href":"https:\/\/www.achimbrueckner.de\/dxradio\/php\/wordpress\/index.php?rest_route=\/wp\/v2\/types\/post"}],"author":[{"embeddable":true,"href":"https:\/\/www.achimbrueckner.de\/dxradio\/php\/wordpress\/index.php?rest_route=\/wp\/v2\/users\/1"}],"replies":[{"embeddable":true,"href":"https:\/\/www.achimbrueckner.de\/dxradio\/php\/wordpress\/index.php?rest_route=%2Fwp%2Fv2%2Fcomments&post=25003"}],"version-history":[{"count":0,"href":"https:\/\/www.achimbrueckner.de\/dxradio\/php\/wordpress\/index.php?rest_route=\/wp\/v2\/posts\/25003\/revisions"}],"wp:attachment":[{"href":"https:\/\/www.achimbrueckner.de\/dxradio\/php\/wordpress\/index.php?rest_route=%2Fwp%2Fv2%2Fmedia&parent=25003"}],"wp:term":[{"taxonomy":"category","embeddable":true,"href":"https:\/\/www.achimbrueckner.de\/dxradio\/php\/wordpress\/index.php?rest_route=%2Fwp%2Fv2%2Fcategories&post=25003"},{"taxonomy":"post_tag","embeddable":true,"href":"https:\/\/www.achimbrueckner.de\/dxradio\/php\/wordpress\/index.php?rest_route=%2Fwp%2Fv2%2Ftags&post=25003"}],"curies":[{"name":"wp","href":"https:\/\/api.w.org\/{rel}","templated":true}]}}