{"id":25006,"date":"2019-09-27T21:58:22","date_gmt":"2019-09-27T21:58:22","guid":{"rendered":"https:\/\/www.achimbrueckner.de\/dxradio\/php\/wordpress\/?p=25006"},"modified":"2019-09-27T21:58:22","modified_gmt":"2019-09-27T21:58:22","slug":"geheime-sender-der-rundfunk-im-widerstand-gegen-hitler-3","status":"publish","type":"post","link":"https:\/\/www.achimbrueckner.de\/dxradio\/php\/wordpress\/?p=25006","title":{"rendered":"Geheime Sender &#8211; der Rundfunk im Widerstand gegen Hitler"},"content":{"rendered":"<p><a href=\"https:\/\/www.hr-inforadio.de\/podcast\/wissen\/geheime-sender---der-rundfunk-im-widerstand-gegen-hitler,podcast-episode-30360.html\" rel=\"noopener noreferrer\" target=\"_blank\">https:\/\/www.hr-inforadio.de\/podcast\/wissen\/geheime-sender&#8212;der-rundfunk-im-widerstand-gegen-hitler,podcast-episode-30360.html<\/a><\/p>\n","protected":false},"excerpt":{"rendered":"<p>https:\/\/www.hr-inforadio.de\/podcast\/wissen\/geheime-sender&#8212;der-rundfunk-im-widerstand-gegen-hitler,podcast-episode-30360.html<\/p>\n","protected":false},"author":1,"featured_media":0,"comment_status":"closed","ping_status":"open","sticky":false,"template":"","format":"standard","meta":{"_jetpack_memberships_contains_paid_content":false,"footnotes":"","jetpack_publicize_message":"","jetpack_publicize_feature_enabled":true,"jetpack_social_post_already_shared":true,"jetpack_social_options":{"image_generator_settings":{"template":"highway","default_image_id":0,"font":"","enabled":false},"version":2}},"categories":[1],"tags":[],"class_list":["post-25006","post","type-post","status-publish","format-standard","hentry","category-deutsch"],"jetpack_publicize_connections":[],"jetpack_featured_media_url":"","jetpack_sharing_enabled":true,"jetpack_shortlink":"https:\/\/wp.me\/p5CDmr-6vk","jetpack-related-posts":[{"id":18458,"url":"https:\/\/www.achimbrueckner.de\/dxradio\/php\/wordpress\/?p=18458","url_meta":{"origin":25006,"position":0},"title":"Geheime Sender &#8211; Der Rundfunk im Widerstand gegen Hitler","author":"Administrator","date":"July 12, 2018","format":false,"excerpt":"https:\/\/www.hr2.de\/literatur\/hoerspiel-feature\/feature--geheime-sender---der-rundfunk-im-widerstand-gegen-hitler--teil-1---stimmen-der-freiheit,epg-feature-230.html","rel":"","context":"In &quot;Deutsch&quot;","block_context":{"text":"Deutsch","link":"https:\/\/www.achimbrueckner.de\/dxradio\/php\/wordpress\/?cat=1"},"img":{"alt_text":"","src":"","width":0,"height":0},"classes":[]},{"id":8834,"url":"https:\/\/www.achimbrueckner.de\/dxradio\/php\/wordpress\/?p=8834","url_meta":{"origin":25006,"position":1},"title":"Geheime Sender: Der Rundfunk im Widerstand gegen Hitler","author":"Administrator","date":"July 16, 2016","format":false,"excerpt":"https:\/\/www.amazon.de\/Geheime-Sender-Rundfunk-Widerstand-Hitler\/dp\/384452326X","rel":"","context":"In &quot;Deutsch&quot;","block_context":{"text":"Deutsch","link":"https:\/\/www.achimbrueckner.de\/dxradio\/php\/wordpress\/?cat=1"},"img":{"alt_text":"","src":"","width":0,"height":0},"classes":[]},{"id":12951,"url":"https:\/\/www.achimbrueckner.de\/dxradio\/php\/wordpress\/?p=12951","url_meta":{"origin":25006,"position":2},"title":"&#8220;Geheime Sender&#8221; \u2013 Das Radio im Widerstand gegen die NS-Diktatur","author":"Administrator","date":"April 22, 2017","format":false,"excerpt":"http:\/\/www.hr-online.de\/website\/radio\/hr2\/index.jsp?rubrik=69046&key=standard_document_64136298","rel":"","context":"In &quot;Deutsch&quot;","block_context":{"text":"Deutsch","link":"https:\/\/www.achimbrueckner.de\/dxradio\/php\/wordpress\/?cat=1"},"img":{"alt_text":"","src":"","width":0,"height":0},"classes":[]},{"id":8852,"url":"https:\/\/www.achimbrueckner.de\/dxradio\/php\/wordpress\/?p=8852","url_meta":{"origin":25006,"position":3},"title":"Der Rundfunk im Widerstand gegen Hitler  Teil 1: Ein \u00dcberblick","author":"Administrator","date":"July 16, 2016","format":false,"excerpt":"http:\/\/www.hr-online.de\/website\/radio\/hr2\/index.jsp?rubrik=53533&key=standard_document_56076563","rel":"","context":"In &quot;Deutsch&quot;","block_context":{"text":"Deutsch","link":"https:\/\/www.achimbrueckner.de\/dxradio\/php\/wordpress\/?cat=1"},"img":{"alt_text":"","src":"","width":0,"height":0},"classes":[]},{"id":531,"url":"https:\/\/www.achimbrueckner.de\/dxradio\/php\/wordpress\/?p=531","url_meta":{"origin":25006,"position":4},"title":"Tag der offenen T\u00fcr im Sender M\u00fcnchen-Ismaning","author":"Administrator","date":"September 14, 2009","format":false,"excerpt":"1. Tag der offenen T\u00fcr im Sender M\u00fcnchen-Ismaning. Einfahrt gegen\u00fcber Zengermoos, aus der B388 Erdinger Str, \u00fcber Brennerm\u00fchlstr. und Senderstr. Im Jahr 1999 gab es noch die ehemaligen Reichspost\/VOA Sender zu sehen, die 35 kW Collins, die 75 kW Reichspostsch\u00e4tzchen gebaut in Prag bei Radioslavia AG[sp\u00e4ter Tesla] und bei Thomson\u2026","rel":"","context":"In &quot;Deutsch&quot;","block_context":{"text":"Deutsch","link":"https:\/\/www.achimbrueckner.de\/dxradio\/php\/wordpress\/?cat=1"},"img":{"alt_text":"","src":"","width":0,"height":0},"classes":[]},{"id":929,"url":"https:\/\/www.achimbrueckner.de\/dxradio\/php\/wordpress\/?p=929","url_meta":{"origin":25006,"position":5},"title":"Menschen im Gespr\u00e4ch &#8211; Wolf Harranth","author":"Administrator","date":"March 2, 2010","format":false,"excerpt":"in der o.g. Sendereihe beim ORF-Radio-Wien war am 13.2.2010: Zu Gast ist der Rundfunkhistoriker Wolf Harranth. Er arbeitet f\u00fcr das Dokumentationsarchiv Funk, das die \u00f6sterreichische Rundfunkgeschichte aufarbeitet und dokumentiert. Bernd Matschedolnig spricht mit ihm \u00fcber die Faszination des Radios, die Entwicklung des Rundfunks in \u00d6sterreich und \u00fcber ein stadtpr\u00e4gendes St\u00fcck\u2026","rel":"","context":"In &quot;Deutsch&quot;","block_context":{"text":"Deutsch","link":"https:\/\/www.achimbrueckner.de\/dxradio\/php\/wordpress\/?cat=1"},"img":{"alt_text":"","src":"","width":0,"height":0},"classes":[]}],"_links":{"self":[{"href":"https:\/\/www.achimbrueckner.de\/dxradio\/php\/wordpress\/index.php?rest_route=\/wp\/v2\/posts\/25006","targetHints":{"allow":["GET"]}}],"collection":[{"href":"https:\/\/www.achimbrueckner.de\/dxradio\/php\/wordpress\/index.php?rest_route=\/wp\/v2\/posts"}],"about":[{"href":"https:\/\/www.achimbrueckner.de\/dxradio\/php\/wordpress\/index.php?rest_route=\/wp\/v2\/types\/post"}],"author":[{"embeddable":true,"href":"https:\/\/www.achimbrueckner.de\/dxradio\/php\/wordpress\/index.php?rest_route=\/wp\/v2\/users\/1"}],"replies":[{"embeddable":true,"href":"https:\/\/www.achimbrueckner.de\/dxradio\/php\/wordpress\/index.php?rest_route=%2Fwp%2Fv2%2Fcomments&post=25006"}],"version-history":[{"count":0,"href":"https:\/\/www.achimbrueckner.de\/dxradio\/php\/wordpress\/index.php?rest_route=\/wp\/v2\/posts\/25006\/revisions"}],"wp:attachment":[{"href":"https:\/\/www.achimbrueckner.de\/dxradio\/php\/wordpress\/index.php?rest_route=%2Fwp%2Fv2%2Fmedia&parent=25006"}],"wp:term":[{"taxonomy":"category","embeddable":true,"href":"https:\/\/www.achimbrueckner.de\/dxradio\/php\/wordpress\/index.php?rest_route=%2Fwp%2Fv2%2Fcategories&post=25006"},{"taxonomy":"post_tag","embeddable":true,"href":"https:\/\/www.achimbrueckner.de\/dxradio\/php\/wordpress\/index.php?rest_route=%2Fwp%2Fv2%2Ftags&post=25006"}],"curies":[{"name":"wp","href":"https:\/\/api.w.org\/{rel}","templated":true}]}}