{"id":25016,"date":"2019-09-29T09:31:27","date_gmt":"2019-09-29T09:31:27","guid":{"rendered":"https:\/\/www.achimbrueckner.de\/dxradio\/php\/wordpress\/?p=25016"},"modified":"2019-09-29T09:31:27","modified_gmt":"2019-09-29T09:31:27","slug":"interview-mit-astrit-ibro-bei-radio-tirana","status":"publish","type":"post","link":"https:\/\/www.achimbrueckner.de\/dxradio\/php\/wordpress\/?p=25016","title":{"rendered":"Interview mit Astrit Ibro bei Radio Tirana"},"content":{"rendered":"<p><a href=\"https:\/\/www.youtube.com\/watch?v=Sdmvmy7aQJg&#038;feature=youtu.be\" rel=\"noopener noreferrer\" target=\"_blank\">https:\/\/www.youtube.com\/watch?v=Sdmvmy7aQJg&#038;feature=youtu.be<\/a><\/p>\n","protected":false},"excerpt":{"rendered":"<p>https:\/\/www.youtube.com\/watch?v=Sdmvmy7aQJg&#038;feature=youtu.be<\/p>\n","protected":false},"author":1,"featured_media":0,"comment_status":"closed","ping_status":"open","sticky":false,"template":"","format":"standard","meta":{"_jetpack_memberships_contains_paid_content":false,"footnotes":"","jetpack_publicize_message":"","jetpack_publicize_feature_enabled":true,"jetpack_social_post_already_shared":true,"jetpack_social_options":{"image_generator_settings":{"template":"highway","default_image_id":0,"font":"","enabled":false},"version":2}},"categories":[1],"tags":[],"class_list":["post-25016","post","type-post","status-publish","format-standard","hentry","category-deutsch"],"jetpack_publicize_connections":[],"jetpack_featured_media_url":"","jetpack_sharing_enabled":true,"jetpack_shortlink":"https:\/\/wp.me\/p5CDmr-6vu","jetpack-related-posts":[{"id":34518,"url":"https:\/\/www.achimbrueckner.de\/dxradio\/php\/wordpress\/?p=34518","url_meta":{"origin":25016,"position":0},"title":"Abschied Astrit Ibros von Radio Tirana (26. Januar 2022)","author":"Administrator","date":"January 28, 2022","format":false,"excerpt":"Abschied Astrit Ibros von Radio Tirana (26. Januar 2022): Liebe H\u00f6rerinnen und liebe H\u00f6rer des deutschen Programms von Radio Tirana, liebe Leserinnen und Leser der Webseite von Radio Tirana, Es ist f\u00fcr mich gar nicht leicht, diese Abschiedszeilen an EUCH zu schreiben.Nach 42 Jahren einer ununterbrochenen Arbeit in Radio Tirana,\u2026","rel":"","context":"In &quot;Deutsch&quot;","block_context":{"text":"Deutsch","link":"https:\/\/www.achimbrueckner.de\/dxradio\/php\/wordpress\/?cat=1"},"img":{"alt_text":"","src":"","width":0,"height":0},"classes":[]},{"id":31671,"url":"https:\/\/www.achimbrueckner.de\/dxradio\/php\/wordpress\/?p=31671","url_meta":{"origin":25016,"position":1},"title":"RADIO INTERVAL SIGNALS &#8211; &#8220;Radio Tirana&#8221; (old)","author":"Administrator","date":"January 14, 2021","format":false,"excerpt":"https:\/\/www.youtube.com\/watch?v=B2mBP40w_hU&feature=share","rel":"","context":"In &quot;Deutsch&quot;","block_context":{"text":"Deutsch","link":"https:\/\/www.achimbrueckner.de\/dxradio\/php\/wordpress\/?cat=1"},"img":{"alt_text":"","src":"","width":0,"height":0},"classes":[]},{"id":30208,"url":"https:\/\/www.achimbrueckner.de\/dxradio\/php\/wordpress\/?p=30208","url_meta":{"origin":25016,"position":2},"title":"Charly2000 Sendung 1998 im Radio Teil 3 bei Radio Regenbogen","author":"Administrator","date":"September 25, 2020","format":false,"excerpt":"https:\/\/www.youtube.com\/watch?v=1p5v0mULsIg&feature=youtu.be","rel":"","context":"In &quot;Deutsch&quot;","block_context":{"text":"Deutsch","link":"https:\/\/www.achimbrueckner.de\/dxradio\/php\/wordpress\/?cat=1"},"img":{"alt_text":"","src":"","width":0,"height":0},"classes":[]},{"id":25801,"url":"https:\/\/www.achimbrueckner.de\/dxradio\/php\/wordpress\/?p=25801","url_meta":{"origin":25016,"position":3},"title":"DARC Mitgliederversammlung 2019 | Interview mit dem Vorstandsmitglied Ronny Jerke, DG2RON.","author":"Administrator","date":"November 17, 2019","format":false,"excerpt":"https:\/\/www.youtube.com\/watch?v=gzTH49WX9-k&feature=youtu.be","rel":"","context":"In &quot;Deutsch&quot;","block_context":{"text":"Deutsch","link":"https:\/\/www.achimbrueckner.de\/dxradio\/php\/wordpress\/?cat=1"},"img":{"alt_text":"","src":"","width":0,"height":0},"classes":[]},{"id":14243,"url":"https:\/\/www.achimbrueckner.de\/dxradio\/php\/wordpress\/?p=14243","url_meta":{"origin":25016,"position":4},"title":"Dynamisches RDS bei Radio 2Day, M\u00fcnchen","author":"Administrator","date":"August 21, 2017","format":false,"excerpt":"https:\/\/www.youtube.com\/watch?v=uaBKCQhY-6A&feature=youtu.be","rel":"","context":"In &quot;Deutsch&quot;","block_context":{"text":"Deutsch","link":"https:\/\/www.achimbrueckner.de\/dxradio\/php\/wordpress\/?cat=1"},"img":{"alt_text":"","src":"","width":0,"height":0},"classes":[]},{"id":3486,"url":"https:\/\/www.achimbrueckner.de\/dxradio\/php\/wordpress\/?p=3486","url_meta":{"origin":25016,"position":5},"title":"2011 SDR Special","author":"Administrator","date":"September 3, 2014","format":false,"excerpt":"Interview mit Willi Passmann, DJ6JZ, \u00fcber SDR Empf\u00e4nger und Zubeh\u00f6r: Pappradio, Perseus, Excalibur, Switch Box, Konverter und LAN-SDR. Mit freundlicher Genehmigung von TecTime TV. https:\/\/www.youtube.com\/watch?v=PTluWERprsQ&feature=youtu.be Info via A-DX","rel":"","context":"In &quot;Deutsch&quot;","block_context":{"text":"Deutsch","link":"https:\/\/www.achimbrueckner.de\/dxradio\/php\/wordpress\/?cat=1"},"img":{"alt_text":"","src":"","width":0,"height":0},"classes":[]}],"_links":{"self":[{"href":"https:\/\/www.achimbrueckner.de\/dxradio\/php\/wordpress\/index.php?rest_route=\/wp\/v2\/posts\/25016","targetHints":{"allow":["GET"]}}],"collection":[{"href":"https:\/\/www.achimbrueckner.de\/dxradio\/php\/wordpress\/index.php?rest_route=\/wp\/v2\/posts"}],"about":[{"href":"https:\/\/www.achimbrueckner.de\/dxradio\/php\/wordpress\/index.php?rest_route=\/wp\/v2\/types\/post"}],"author":[{"embeddable":true,"href":"https:\/\/www.achimbrueckner.de\/dxradio\/php\/wordpress\/index.php?rest_route=\/wp\/v2\/users\/1"}],"replies":[{"embeddable":true,"href":"https:\/\/www.achimbrueckner.de\/dxradio\/php\/wordpress\/index.php?rest_route=%2Fwp%2Fv2%2Fcomments&post=25016"}],"version-history":[{"count":0,"href":"https:\/\/www.achimbrueckner.de\/dxradio\/php\/wordpress\/index.php?rest_route=\/wp\/v2\/posts\/25016\/revisions"}],"wp:attachment":[{"href":"https:\/\/www.achimbrueckner.de\/dxradio\/php\/wordpress\/index.php?rest_route=%2Fwp%2Fv2%2Fmedia&parent=25016"}],"wp:term":[{"taxonomy":"category","embeddable":true,"href":"https:\/\/www.achimbrueckner.de\/dxradio\/php\/wordpress\/index.php?rest_route=%2Fwp%2Fv2%2Fcategories&post=25016"},{"taxonomy":"post_tag","embeddable":true,"href":"https:\/\/www.achimbrueckner.de\/dxradio\/php\/wordpress\/index.php?rest_route=%2Fwp%2Fv2%2Ftags&post=25016"}],"curies":[{"name":"wp","href":"https:\/\/api.w.org\/{rel}","templated":true}]}}