{"id":25037,"date":"2019-09-29T18:09:53","date_gmt":"2019-09-29T18:09:53","guid":{"rendered":"https:\/\/www.achimbrueckner.de\/dxradio\/php\/wordpress\/?p=25037"},"modified":"2019-09-29T18:09:53","modified_gmt":"2019-09-29T18:09:53","slug":"deutscher-radiopreis-radiomacher-feiern-ihre-besten","status":"publish","type":"post","link":"https:\/\/www.achimbrueckner.de\/dxradio\/php\/wordpress\/?p=25037","title":{"rendered":"Deutscher Radiopreis: Radiomacher feiern ihre Besten"},"content":{"rendered":"<p><a href=\"https:\/\/www.sueddeutsche.de\/wirtschaft\/medien-deutscher-radiopreis-radiomacher-feiern-ihre-besten-dpa.urn-newsml-dpa-com-20090101-190925-99-36735\" rel=\"noopener noreferrer\" target=\"_blank\">https:\/\/www.sueddeutsche.de\/wirtschaft\/medien-deutscher-radiopreis-radiomacher-feiern-ihre-besten-dpa.urn-newsml-dpa-com-20090101-190925-99-36735<\/a><\/p>\n","protected":false},"excerpt":{"rendered":"<p>https:\/\/www.sueddeutsche.de\/wirtschaft\/medien-deutscher-radiopreis-radiomacher-feiern-ihre-besten-dpa.urn-newsml-dpa-com-20090101-190925-99-36735<\/p>\n","protected":false},"author":1,"featured_media":0,"comment_status":"closed","ping_status":"open","sticky":false,"template":"","format":"standard","meta":{"_jetpack_memberships_contains_paid_content":false,"footnotes":"","jetpack_publicize_message":"","jetpack_publicize_feature_enabled":true,"jetpack_social_post_already_shared":true,"jetpack_social_options":{"image_generator_settings":{"template":"highway","default_image_id":0,"font":"","enabled":false},"version":2}},"categories":[1,15],"tags":[45],"class_list":["post-25037","post","type-post","status-publish","format-standard","hentry","category-deutsch","category-medien","tag-medien"],"jetpack_publicize_connections":[],"jetpack_featured_media_url":"","jetpack_sharing_enabled":true,"jetpack_shortlink":"https:\/\/wp.me\/p5CDmr-6vP","jetpack-related-posts":[{"id":19000,"url":"https:\/\/www.achimbrueckner.de\/dxradio\/php\/wordpress\/?p=19000","url_meta":{"origin":25037,"position":0},"title":"Die Schweizer Radiomacher feiern die Zukunft ihres Mediums","author":"Administrator","date":"September 1, 2018","format":false,"excerpt":"http:\/\/www.werbewoche.ch\/medien\/media\/2018-08-29\/die-schweizer-radiomacher-feiern-die-zukunft-ihres-mediums","rel":"","context":"In &quot;Deutsch&quot;","block_context":{"text":"Deutsch","link":"https:\/\/www.achimbrueckner.de\/dxradio\/php\/wordpress\/?cat=1"},"img":{"alt_text":"","src":"","width":0,"height":0},"classes":[]},{"id":19076,"url":"https:\/\/www.achimbrueckner.de\/dxradio\/php\/wordpress\/?p=19076","url_meta":{"origin":25037,"position":1},"title":"\u201eDeutscher Radiopreis 2018\u201c: Der H\u00f6rfunk lebt","author":"Administrator","date":"September 7, 2018","format":false,"excerpt":"https:\/\/www.abendblatt.de\/kultur-live\/tv-und-medien\/article215265735\/Deutscher-Radiopreis-2018-Der-Hoerfunk-lebt.html","rel":"","context":"In &quot;Deutsch&quot;","block_context":{"text":"Deutsch","link":"https:\/\/www.achimbrueckner.de\/dxradio\/php\/wordpress\/?cat=1"},"img":{"alt_text":"","src":"","width":0,"height":0},"classes":[]},{"id":30050,"url":"https:\/\/www.achimbrueckner.de\/dxradio\/php\/wordpress\/?p=30050","url_meta":{"origin":25037,"position":2},"title":"Deutscher Radiopreis in Zeiten von Corona","author":"Administrator","date":"September 11, 2020","format":false,"excerpt":"https:\/\/www.sueddeutsche.de\/wirtschaft\/medien-deutscher-radiopreis-in-zeiten-von-corona-dpa.urn-newsml-dpa-com-20090101-200910-99-512793","rel":"","context":"In &quot;Deutsch&quot;","block_context":{"text":"Deutsch","link":"https:\/\/www.achimbrueckner.de\/dxradio\/php\/wordpress\/?cat=1"},"img":{"alt_text":"","src":"","width":0,"height":0},"classes":[]},{"id":24959,"url":"https:\/\/www.achimbrueckner.de\/dxradio\/php\/wordpress\/?p=24959","url_meta":{"origin":25037,"position":3},"title":"\u201ePodcasts k\u00f6nnen stimulieren\u201c","author":"Administrator","date":"September 25, 2019","format":false,"excerpt":"https:\/\/www.tagesspiegel.de\/gesellschaft\/medien\/10-deutscher-radiopreis-podcasts-koennen-stimulieren\/25051212.html","rel":"","context":"In &quot;Deutsch&quot;","block_context":{"text":"Deutsch","link":"https:\/\/www.achimbrueckner.de\/dxradio\/php\/wordpress\/?cat=1"},"img":{"alt_text":"","src":"","width":0,"height":0},"classes":[]},{"id":29930,"url":"https:\/\/www.achimbrueckner.de\/dxradio\/php\/wordpress\/?p=29930","url_meta":{"origin":25037,"position":4},"title":"So erkl\u00e4rt NDR-H\u00f6rfunkchefin Marx den H\u00f6rfunk-Aufschwung in der Corona-Zeit","author":"Administrator","date":"September 6, 2020","format":false,"excerpt":"https:\/\/www.horizont.net\/medien\/nachrichten\/deutscher-radiopreis-so-erklaert-ndr-hoerfunkchefin-marx-den-hoerfunk-aufschwung-in-der-corona-zeit-185474","rel":"","context":"In &quot;Deutsch&quot;","block_context":{"text":"Deutsch","link":"https:\/\/www.achimbrueckner.de\/dxradio\/php\/wordpress\/?cat=1"},"img":{"alt_text":"","src":"","width":0,"height":0},"classes":[]},{"id":33486,"url":"https:\/\/www.achimbrueckner.de\/dxradio\/php\/wordpress\/?p=33486","url_meta":{"origin":25037,"position":5},"title":"Warum Radio nicht sterben wird","author":"Administrator","date":"September 2, 2021","format":false,"excerpt":"https:\/\/www.horizont.net\/medien\/nachrichten\/deutscher-radiopreis-warum-radio-nicht-sterben-wird-193996","rel":"","context":"In &quot;Deutsch&quot;","block_context":{"text":"Deutsch","link":"https:\/\/www.achimbrueckner.de\/dxradio\/php\/wordpress\/?cat=1"},"img":{"alt_text":"","src":"","width":0,"height":0},"classes":[]}],"_links":{"self":[{"href":"https:\/\/www.achimbrueckner.de\/dxradio\/php\/wordpress\/index.php?rest_route=\/wp\/v2\/posts\/25037","targetHints":{"allow":["GET"]}}],"collection":[{"href":"https:\/\/www.achimbrueckner.de\/dxradio\/php\/wordpress\/index.php?rest_route=\/wp\/v2\/posts"}],"about":[{"href":"https:\/\/www.achimbrueckner.de\/dxradio\/php\/wordpress\/index.php?rest_route=\/wp\/v2\/types\/post"}],"author":[{"embeddable":true,"href":"https:\/\/www.achimbrueckner.de\/dxradio\/php\/wordpress\/index.php?rest_route=\/wp\/v2\/users\/1"}],"replies":[{"embeddable":true,"href":"https:\/\/www.achimbrueckner.de\/dxradio\/php\/wordpress\/index.php?rest_route=%2Fwp%2Fv2%2Fcomments&post=25037"}],"version-history":[{"count":0,"href":"https:\/\/www.achimbrueckner.de\/dxradio\/php\/wordpress\/index.php?rest_route=\/wp\/v2\/posts\/25037\/revisions"}],"wp:attachment":[{"href":"https:\/\/www.achimbrueckner.de\/dxradio\/php\/wordpress\/index.php?rest_route=%2Fwp%2Fv2%2Fmedia&parent=25037"}],"wp:term":[{"taxonomy":"category","embeddable":true,"href":"https:\/\/www.achimbrueckner.de\/dxradio\/php\/wordpress\/index.php?rest_route=%2Fwp%2Fv2%2Fcategories&post=25037"},{"taxonomy":"post_tag","embeddable":true,"href":"https:\/\/www.achimbrueckner.de\/dxradio\/php\/wordpress\/index.php?rest_route=%2Fwp%2Fv2%2Ftags&post=25037"}],"curies":[{"name":"wp","href":"https:\/\/api.w.org\/{rel}","templated":true}]}}