{"id":25079,"date":"2019-10-03T09:11:42","date_gmt":"2019-10-03T09:11:42","guid":{"rendered":"https:\/\/www.achimbrueckner.de\/dxradio\/php\/wordpress\/?p=25079"},"modified":"2019-10-03T09:11:42","modified_gmt":"2019-10-03T09:11:42","slug":"der-zauber-des-radios-meine-nacht-mit-peter-urban","status":"publish","type":"post","link":"https:\/\/www.achimbrueckner.de\/dxradio\/php\/wordpress\/?p=25079","title":{"rendered":"Der Zauber des Radios: Meine Nacht mit Peter Urban"},"content":{"rendered":"<p><a href=\"https:\/\/www.sn-online.de\/Nachrichten\/Medien-TV\/Uebersicht\/Der-Zauber-des-Radios-Meine-Nacht-mit-Peter-Urban\" rel=\"noopener noreferrer\" target=\"_blank\">https:\/\/www.sn-online.de\/Nachrichten\/Medien-TV\/Uebersicht\/Der-Zauber-des-Radios-Meine-Nacht-mit-Peter-Urban<\/a><\/p>\n","protected":false},"excerpt":{"rendered":"<p>https:\/\/www.sn-online.de\/Nachrichten\/Medien-TV\/Uebersicht\/Der-Zauber-des-Radios-Meine-Nacht-mit-Peter-Urban<\/p>\n","protected":false},"author":1,"featured_media":0,"comment_status":"closed","ping_status":"open","sticky":false,"template":"","format":"standard","meta":{"_jetpack_memberships_contains_paid_content":false,"footnotes":"","jetpack_publicize_message":"","jetpack_publicize_feature_enabled":true,"jetpack_social_post_already_shared":true,"jetpack_social_options":{"image_generator_settings":{"template":"highway","default_image_id":0,"font":"","enabled":false},"version":2}},"categories":[1,15],"tags":[45],"class_list":["post-25079","post","type-post","status-publish","format-standard","hentry","category-deutsch","category-medien","tag-medien"],"jetpack_publicize_connections":[],"jetpack_featured_media_url":"","jetpack_sharing_enabled":true,"jetpack_shortlink":"https:\/\/wp.me\/p5CDmr-6wv","jetpack-related-posts":[{"id":26286,"url":"https:\/\/www.achimbrueckner.de\/dxradio\/php\/wordpress\/?p=26286","url_meta":{"origin":25079,"position":0},"title":"Schwarzer Tag f\u00fcr die Medienfreiheit in Ungarn","author":"Administrator","date":"December 21, 2019","format":false,"excerpt":"Heute ist ein weiterer schwarzer Tag f\u00fcr die Medienfreiheit in Ungarn. Das selbstverwaltete, nichtkommerzielle CIVIL R\u00c1DI\u00d3 - FM 98 muss heute Nacht zum Sonntag um 2 Uhr nach 25 Jahren seine UKW-Frequenz 98,0 MHz in Budapest aufgeben und im Internet weitersenden. Die Medienbeh\u00f6rde hatte die UKW-Lizenz nicht verl\u00e4ngert. Damit wird\u2026","rel":"","context":"In &quot;Deutsch&quot;","block_context":{"text":"Deutsch","link":"https:\/\/www.achimbrueckner.de\/dxradio\/php\/wordpress\/?cat=1"},"img":{"alt_text":"","src":"","width":0,"height":0},"classes":[]},{"id":5924,"url":"https:\/\/www.achimbrueckner.de\/dxradio\/php\/wordpress\/?p=5924","url_meta":{"origin":25079,"position":1},"title":"Rezension: Der Zauber von Radio","author":"Administrator","date":"September 12, 2015","format":false,"excerpt":"http:\/\/www.pr-journal.de\/fragen-und-meinungen\/rezensionen\/16508-der-zauber-von-radio.html","rel":"","context":"In &quot;Deutsch&quot;","block_context":{"text":"Deutsch","link":"https:\/\/www.achimbrueckner.de\/dxradio\/php\/wordpress\/?cat=1"},"img":{"alt_text":"","src":"","width":0,"height":0},"classes":[]},{"id":5920,"url":"https:\/\/www.achimbrueckner.de\/dxradio\/php\/wordpress\/?p=5920","url_meta":{"origin":25079,"position":2},"title":"Nacht der Medien in Hamburg","author":"Administrator","date":"September 12, 2015","format":false,"excerpt":"http:\/\/www.radiohamburg.de\/Nachrichten\/Hamburg-aktuell\/Panorama\/2015\/September\/Die-Nacht-der-Medien-in-Hamburg http:\/\/www.abendblatt.de\/kultur-live\/tv-und-medien\/article205680077\/Hamburger-Nacht-der-Medien-im-Zeichen-der-Fluechtlinge.html","rel":"","context":"In &quot;Deutsch&quot;","block_context":{"text":"Deutsch","link":"https:\/\/www.achimbrueckner.de\/dxradio\/php\/wordpress\/?cat=1"},"img":{"alt_text":"","src":"","width":0,"height":0},"classes":[]},{"id":4357,"url":"https:\/\/www.achimbrueckner.de\/dxradio\/php\/wordpress\/?p=4357","url_meta":{"origin":25079,"position":3},"title":"WAS MIT MEDIEN NEUE WEGE F\u00dcRS RADIO","author":"Administrator","date":"April 8, 2015","format":false,"excerpt":"http:\/\/dradiowissen.de\/beitrag\/die-zukunft-des-radios","rel":"","context":"In &quot;Deutsch&quot;","block_context":{"text":"Deutsch","link":"https:\/\/www.achimbrueckner.de\/dxradio\/php\/wordpress\/?cat=1"},"img":{"alt_text":"","src":"","width":0,"height":0},"classes":[]},{"id":31261,"url":"https:\/\/www.achimbrueckner.de\/dxradio\/php\/wordpress\/?p=31261","url_meta":{"origin":25079,"position":4},"title":"Unterhaltsam, z\u00e4h und erfolgreich: Der Rundfunk ist immer an den Menschen dran","author":"Administrator","date":"December 20, 2020","format":false,"excerpt":"https:\/\/www.berliner-zeitung.de\/kultur-vergnuegen\/die-geschichte-des-radios-begann-vor-100-jahren-in-koenigs-wusterhausen-mit-stille-nacht-li.126620","rel":"","context":"In &quot;Deutsch&quot;","block_context":{"text":"Deutsch","link":"https:\/\/www.achimbrueckner.de\/dxradio\/php\/wordpress\/?cat=1"},"img":{"alt_text":"","src":"","width":0,"height":0},"classes":[]},{"id":2809,"url":"https:\/\/www.achimbrueckner.de\/dxradio\/php\/wordpress\/?p=2809","url_meta":{"origin":25079,"position":5},"title":"Die Zukunft des Rundfunks Raus aus der Nische","author":"Administrator","date":"December 21, 2013","format":false,"excerpt":"http:\/\/www.haz.de\/Nachrichten\/Medien\/Uebersicht\/Die-Zukunft-des-Radios-im-Internet","rel":"","context":"In &quot;Deutsch&quot;","block_context":{"text":"Deutsch","link":"https:\/\/www.achimbrueckner.de\/dxradio\/php\/wordpress\/?cat=1"},"img":{"alt_text":"","src":"","width":0,"height":0},"classes":[]}],"_links":{"self":[{"href":"https:\/\/www.achimbrueckner.de\/dxradio\/php\/wordpress\/index.php?rest_route=\/wp\/v2\/posts\/25079","targetHints":{"allow":["GET"]}}],"collection":[{"href":"https:\/\/www.achimbrueckner.de\/dxradio\/php\/wordpress\/index.php?rest_route=\/wp\/v2\/posts"}],"about":[{"href":"https:\/\/www.achimbrueckner.de\/dxradio\/php\/wordpress\/index.php?rest_route=\/wp\/v2\/types\/post"}],"author":[{"embeddable":true,"href":"https:\/\/www.achimbrueckner.de\/dxradio\/php\/wordpress\/index.php?rest_route=\/wp\/v2\/users\/1"}],"replies":[{"embeddable":true,"href":"https:\/\/www.achimbrueckner.de\/dxradio\/php\/wordpress\/index.php?rest_route=%2Fwp%2Fv2%2Fcomments&post=25079"}],"version-history":[{"count":0,"href":"https:\/\/www.achimbrueckner.de\/dxradio\/php\/wordpress\/index.php?rest_route=\/wp\/v2\/posts\/25079\/revisions"}],"wp:attachment":[{"href":"https:\/\/www.achimbrueckner.de\/dxradio\/php\/wordpress\/index.php?rest_route=%2Fwp%2Fv2%2Fmedia&parent=25079"}],"wp:term":[{"taxonomy":"category","embeddable":true,"href":"https:\/\/www.achimbrueckner.de\/dxradio\/php\/wordpress\/index.php?rest_route=%2Fwp%2Fv2%2Fcategories&post=25079"},{"taxonomy":"post_tag","embeddable":true,"href":"https:\/\/www.achimbrueckner.de\/dxradio\/php\/wordpress\/index.php?rest_route=%2Fwp%2Fv2%2Ftags&post=25079"}],"curies":[{"name":"wp","href":"https:\/\/api.w.org\/{rel}","templated":true}]}}