{"id":25081,"date":"2019-10-03T09:14:16","date_gmt":"2019-10-03T09:14:16","guid":{"rendered":"https:\/\/www.achimbrueckner.de\/dxradio\/php\/wordpress\/?p=25081"},"modified":"2019-10-03T09:14:16","modified_gmt":"2019-10-03T09:14:16","slug":"radio-to-go-hor-mal-wer-da-sabbelt","status":"publish","type":"post","link":"https:\/\/www.achimbrueckner.de\/dxradio\/php\/wordpress\/?p=25081","title":{"rendered":"Radio to go: H\u00f6r mal, wer da sabbelt"},"content":{"rendered":"<p><a href=\"https:\/\/www.abendblatt.de\/meinung\/article227257865\/Hoer-mal-wer-da-sabbelt.html\" rel=\"noopener noreferrer\" target=\"_blank\">https:\/\/www.abendblatt.de\/meinung\/article227257865\/Hoer-mal-wer-da-sabbelt.html<\/a><\/p>\n","protected":false},"excerpt":{"rendered":"<p>https:\/\/www.abendblatt.de\/meinung\/article227257865\/Hoer-mal-wer-da-sabbelt.html<\/p>\n","protected":false},"author":1,"featured_media":0,"comment_status":"closed","ping_status":"open","sticky":false,"template":"","format":"standard","meta":{"_jetpack_memberships_contains_paid_content":false,"footnotes":"","jetpack_publicize_message":"","jetpack_publicize_feature_enabled":true,"jetpack_social_post_already_shared":true,"jetpack_social_options":{"image_generator_settings":{"template":"highway","default_image_id":0,"font":"","enabled":false},"version":2}},"categories":[1],"tags":[],"class_list":["post-25081","post","type-post","status-publish","format-standard","hentry","category-deutsch"],"jetpack_publicize_connections":[],"jetpack_featured_media_url":"","jetpack_sharing_enabled":true,"jetpack_shortlink":"https:\/\/wp.me\/p5CDmr-6wx","jetpack-related-posts":[{"id":20418,"url":"https:\/\/www.achimbrueckner.de\/dxradio\/php\/wordpress\/?p=20418","url_meta":{"origin":25081,"position":0},"title":"Wer steckt da im Radio?","author":"Administrator","date":"December 15, 2018","format":false,"excerpt":"https:\/\/www.schwarzwaelder-bote.de\/inhalt.pfalzgrafenweiler-wer-steckt-da-im-radio.bd5014e8-c3ee-4a45-b746-c3c7b97f05eb.html","rel":"","context":"In &quot;Deutsch&quot;","block_context":{"text":"Deutsch","link":"https:\/\/www.achimbrueckner.de\/dxradio\/php\/wordpress\/?cat=1"},"img":{"alt_text":"","src":"","width":0,"height":0},"classes":[]},{"id":18206,"url":"https:\/\/www.achimbrueckner.de\/dxradio\/php\/wordpress\/?p=18206","url_meta":{"origin":25081,"position":1},"title":"\u201eH\u00f6r\u2018 mal Wein\u201c: RPR1. bringt erste Weinsendung ins Radio","author":"Administrator","date":"June 13, 2018","format":false,"excerpt":"https:\/\/www.infosat.de\/radio\/h-r-mal-wein-rpr1-bringt-erste-weinsendung-ins-radio","rel":"","context":"In &quot;Deutsch&quot;","block_context":{"text":"Deutsch","link":"https:\/\/www.achimbrueckner.de\/dxradio\/php\/wordpress\/?cat=1"},"img":{"alt_text":"","src":"","width":0,"height":0},"classes":[]},{"id":8580,"url":"https:\/\/www.achimbrueckner.de\/dxradio\/php\/wordpress\/?p=8580","url_meta":{"origin":25081,"position":2},"title":"Radio und Zeitung H\u00f6r zu","author":"Administrator","date":"June 22, 2016","format":false,"excerpt":"http:\/\/www.sueddeutsche.de\/medien\/radio-und-zeitung-hoer-zu-1.3044067","rel":"","context":"In &quot;Deutsch&quot;","block_context":{"text":"Deutsch","link":"https:\/\/www.achimbrueckner.de\/dxradio\/php\/wordpress\/?cat=1"},"img":{"alt_text":"","src":"","width":0,"height":0},"classes":[]},{"id":24000,"url":"https:\/\/www.achimbrueckner.de\/dxradio\/php\/wordpress\/?p=24000","url_meta":{"origin":25081,"position":3},"title":"Hallo!? Wer spricht da?","author":"Administrator","date":"July 29, 2019","format":false,"excerpt":"https:\/\/www.westfalen-blatt.de\/OWL\/Kreis-Herford\/Enger\/3895648-Zetis-Hobbyfunker-kommunizieren-in-die-weite-Welt-Koenig-von-Jordanien-am-Ohr-gehabt-Hallo!-Wer-spricht-da","rel":"","context":"In &quot;Deutsch&quot;","block_context":{"text":"Deutsch","link":"https:\/\/www.achimbrueckner.de\/dxradio\/php\/wordpress\/?cat=1"},"img":{"alt_text":"","src":"","width":0,"height":0},"classes":[]},{"id":487,"url":"https:\/\/www.achimbrueckner.de\/dxradio\/php\/wordpress\/?p=487","url_meta":{"origin":25081,"position":4},"title":"KBS H\u00f6rertreffen IFA Berlin","author":"Administrator","date":"August 8, 2009","format":false,"excerpt":"KBS-H\u00f6rertreffen \"Liebe H\u00f6rerfreundin, Lieber H\u00f6rerfreund, Am 28.August 2009 ist es wieder soweit, die Internationale Funkausstellung \u00f6ffnet in Berlin ihre Pforten und aus diesem Anlass findet zum 5.Mal das KBS-H\u00f6rertreffen statt. Sehr gerne lade ich Euch zu diesem Treffen ein. Wie auch in den vergangenen Jahren stellt uns die Kulturabteilung der\u2026","rel":"","context":"In &quot;camps&quot;","block_context":{"text":"camps","link":"https:\/\/www.achimbrueckner.de\/dxradio\/php\/wordpress\/?cat=5"},"img":{"alt_text":"","src":"","width":0,"height":0},"classes":[]},{"id":36730,"url":"https:\/\/www.achimbrueckner.de\/dxradio\/php\/wordpress\/?p=36730","url_meta":{"origin":25081,"position":5},"title":"H\u00f6r-Tipp: Pinar Atalay \u00fcber das Klischee-Denken zu ihrem Werdegang.","author":"Administrator","date":"June 27, 2022","format":false,"excerpt":"https:\/\/www.turi2.de\/aktuell\/hoer-tipp-pinar-atalay-ueber-klischee-denken-zu-ihrem-werdegang\/","rel":"","context":"In &quot;Deutsch&quot;","block_context":{"text":"Deutsch","link":"https:\/\/www.achimbrueckner.de\/dxradio\/php\/wordpress\/?cat=1"},"img":{"alt_text":"","src":"","width":0,"height":0},"classes":[]}],"_links":{"self":[{"href":"https:\/\/www.achimbrueckner.de\/dxradio\/php\/wordpress\/index.php?rest_route=\/wp\/v2\/posts\/25081","targetHints":{"allow":["GET"]}}],"collection":[{"href":"https:\/\/www.achimbrueckner.de\/dxradio\/php\/wordpress\/index.php?rest_route=\/wp\/v2\/posts"}],"about":[{"href":"https:\/\/www.achimbrueckner.de\/dxradio\/php\/wordpress\/index.php?rest_route=\/wp\/v2\/types\/post"}],"author":[{"embeddable":true,"href":"https:\/\/www.achimbrueckner.de\/dxradio\/php\/wordpress\/index.php?rest_route=\/wp\/v2\/users\/1"}],"replies":[{"embeddable":true,"href":"https:\/\/www.achimbrueckner.de\/dxradio\/php\/wordpress\/index.php?rest_route=%2Fwp%2Fv2%2Fcomments&post=25081"}],"version-history":[{"count":0,"href":"https:\/\/www.achimbrueckner.de\/dxradio\/php\/wordpress\/index.php?rest_route=\/wp\/v2\/posts\/25081\/revisions"}],"wp:attachment":[{"href":"https:\/\/www.achimbrueckner.de\/dxradio\/php\/wordpress\/index.php?rest_route=%2Fwp%2Fv2%2Fmedia&parent=25081"}],"wp:term":[{"taxonomy":"category","embeddable":true,"href":"https:\/\/www.achimbrueckner.de\/dxradio\/php\/wordpress\/index.php?rest_route=%2Fwp%2Fv2%2Fcategories&post=25081"},{"taxonomy":"post_tag","embeddable":true,"href":"https:\/\/www.achimbrueckner.de\/dxradio\/php\/wordpress\/index.php?rest_route=%2Fwp%2Fv2%2Ftags&post=25081"}],"curies":[{"name":"wp","href":"https:\/\/api.w.org\/{rel}","templated":true}]}}