{"id":25083,"date":"2019-10-03T09:18:02","date_gmt":"2019-10-03T09:18:02","guid":{"rendered":"https:\/\/www.achimbrueckner.de\/dxradio\/php\/wordpress\/?p=25083"},"modified":"2019-10-03T09:18:02","modified_gmt":"2019-10-03T09:18:02","slug":"workshop-radio-auf-platt-fur-junge-leute","status":"publish","type":"post","link":"https:\/\/www.achimbrueckner.de\/dxradio\/php\/wordpress\/?p=25083","title":{"rendered":"Workshop &#8211; Radio auf Platt f\u00fcr junge Leute"},"content":{"rendered":"<p><a href=\"https:\/\/www.ndr.de\/wellenord\/sendungen\/plattdeutsch\/Workshop-Radio-auf-Platt-fuer-junge-Leute,plattworkshop100.html\" rel=\"noopener noreferrer\" target=\"_blank\">https:\/\/www.ndr.de\/wellenord\/sendungen\/plattdeutsch\/Workshop-Radio-auf-Platt-fuer-junge-Leute,plattworkshop100.html<\/a><\/p>\n","protected":false},"excerpt":{"rendered":"<p>https:\/\/www.ndr.de\/wellenord\/sendungen\/plattdeutsch\/Workshop-Radio-auf-Platt-fuer-junge-Leute,plattworkshop100.html<\/p>\n","protected":false},"author":1,"featured_media":0,"comment_status":"closed","ping_status":"open","sticky":false,"template":"","format":"standard","meta":{"_jetpack_memberships_contains_paid_content":false,"footnotes":"","jetpack_publicize_message":"","jetpack_publicize_feature_enabled":true,"jetpack_social_post_already_shared":true,"jetpack_social_options":{"image_generator_settings":{"template":"highway","default_image_id":0,"font":"","enabled":false},"version":2}},"categories":[1],"tags":[],"class_list":["post-25083","post","type-post","status-publish","format-standard","hentry","category-deutsch"],"jetpack_publicize_connections":[],"jetpack_featured_media_url":"","jetpack_sharing_enabled":true,"jetpack_shortlink":"https:\/\/wp.me\/p5CDmr-6wz","jetpack-related-posts":[{"id":25998,"url":"https:\/\/www.achimbrueckner.de\/dxradio\/php\/wordpress\/?p=25998","url_meta":{"origin":25083,"position":0},"title":"Platt-Radio f\u00f6r un vun junge L\u00fc\u00fcd","author":"Administrator","date":"November 28, 2019","format":false,"excerpt":"https:\/\/www.ndr.de\/kultur\/norddeutsche_sprache\/plattdeutsch\/Platt-Radio-foer-un-vun-junge-Lueued,plattradio128.html","rel":"","context":"In &quot;Deutsch&quot;","block_context":{"text":"Deutsch","link":"https:\/\/www.achimbrueckner.de\/dxradio\/php\/wordpress\/?cat=1"},"img":{"alt_text":"","src":"","width":0,"height":0},"classes":[]},{"id":6005,"url":"https:\/\/www.achimbrueckner.de\/dxradio\/php\/wordpress\/?p=6005","url_meta":{"origin":25083,"position":1},"title":"BR: Jugendradiotag 2015 \u2013 junge Leute gestalten Sendetag auf BR-KLASSIK","author":"Administrator","date":"September 21, 2015","format":false,"excerpt":"http:\/\/www.radiowoche.de\/br-jugendradiotag-2015-junge-leute-gestalten-sendetag-auf-br-klassik\/","rel":"","context":"In &quot;Deutsch&quot;","block_context":{"text":"Deutsch","link":"https:\/\/www.achimbrueckner.de\/dxradio\/php\/wordpress\/?cat=1"},"img":{"alt_text":"","src":"","width":0,"height":0},"classes":[]},{"id":23655,"url":"https:\/\/www.achimbrueckner.de\/dxradio\/php\/wordpress\/?p=23655","url_meta":{"origin":25083,"position":2},"title":"Traumberuf Radio? Junge Leute k\u00f6nnen es w\u00e4hrend der Kieler Woche selbst herausfinden","author":"Administrator","date":"July 7, 2019","format":false,"excerpt":"https:\/\/www.openpr.de\/news\/1053141\/Traumberuf-Radio-Junge-Leute-koennen-es-waehrend-der-Kieler-Woche-selbst-herausfinden.html","rel":"","context":"In &quot;Deutsch&quot;","block_context":{"text":"Deutsch","link":"https:\/\/www.achimbrueckner.de\/dxradio\/php\/wordpress\/?cat=1"},"img":{"alt_text":"","src":"","width":0,"height":0},"classes":[]},{"id":16315,"url":"https:\/\/www.achimbrueckner.de\/dxradio\/php\/wordpress\/?p=16315","url_meta":{"origin":25083,"position":3},"title":"Junge Leute h\u00f6ren kein Radio mehr","author":"Administrator","date":"January 30, 2018","format":false,"excerpt":"http:\/\/www.radioszene.de\/117770\/junge-leute-horen-kein-radio.html","rel":"","context":"In &quot;Deutsch&quot;","block_context":{"text":"Deutsch","link":"https:\/\/www.achimbrueckner.de\/dxradio\/php\/wordpress\/?cat=1"},"img":{"alt_text":"","src":"","width":0,"height":0},"classes":[]},{"id":21751,"url":"https:\/\/www.achimbrueckner.de\/dxradio\/php\/wordpress\/?p=21751","url_meta":{"origin":25083,"position":4},"title":"&#8220;Radio Grenzenlos&#8221;: Europa erkl\u00e4rt von Jugendlichen, f\u00fcr Jugendliche &#8211; Junge Leute aus Freiburg &#8230;","author":"Administrator","date":"February 21, 2019","format":false,"excerpt":"https:\/\/www.regiotrends.de\/de\/schon-gelesen\/index.news.396902.-radio-grenzenlos--europa-erklaert-von-jugendlichen%2C-fuer-jugendliche---junge-leute-aus-freiburg-und-mulhouse-sendeten-erstmals-aus-dem-europaeischen-parlament-in-strassburg.html","rel":"","context":"In &quot;Deutsch&quot;","block_context":{"text":"Deutsch","link":"https:\/\/www.achimbrueckner.de\/dxradio\/php\/wordpress\/?cat=1"},"img":{"alt_text":"","src":"","width":0,"height":0},"classes":[]},{"id":45202,"url":"https:\/\/www.achimbrueckner.de\/dxradio\/php\/wordpress\/?p=45202","url_meta":{"origin":25083,"position":5},"title":"SR-Fundst\u00fcck: \u201eDrugstore 1421\u201c \u2013 Die Radioshow f\u00fcr junge Leute auf Europawelle Saar","author":"Administrator","date":"March 9, 2026","format":false,"excerpt":"https:\/\/www.radioszene.de\/211900\/drugstore-1421-sr1-europawelle-saar.html","rel":"","context":"In &quot;Deutsch&quot;","block_context":{"text":"Deutsch","link":"https:\/\/www.achimbrueckner.de\/dxradio\/php\/wordpress\/?cat=1"},"img":{"alt_text":"","src":"","width":0,"height":0},"classes":[]}],"_links":{"self":[{"href":"https:\/\/www.achimbrueckner.de\/dxradio\/php\/wordpress\/index.php?rest_route=\/wp\/v2\/posts\/25083","targetHints":{"allow":["GET"]}}],"collection":[{"href":"https:\/\/www.achimbrueckner.de\/dxradio\/php\/wordpress\/index.php?rest_route=\/wp\/v2\/posts"}],"about":[{"href":"https:\/\/www.achimbrueckner.de\/dxradio\/php\/wordpress\/index.php?rest_route=\/wp\/v2\/types\/post"}],"author":[{"embeddable":true,"href":"https:\/\/www.achimbrueckner.de\/dxradio\/php\/wordpress\/index.php?rest_route=\/wp\/v2\/users\/1"}],"replies":[{"embeddable":true,"href":"https:\/\/www.achimbrueckner.de\/dxradio\/php\/wordpress\/index.php?rest_route=%2Fwp%2Fv2%2Fcomments&post=25083"}],"version-history":[{"count":0,"href":"https:\/\/www.achimbrueckner.de\/dxradio\/php\/wordpress\/index.php?rest_route=\/wp\/v2\/posts\/25083\/revisions"}],"wp:attachment":[{"href":"https:\/\/www.achimbrueckner.de\/dxradio\/php\/wordpress\/index.php?rest_route=%2Fwp%2Fv2%2Fmedia&parent=25083"}],"wp:term":[{"taxonomy":"category","embeddable":true,"href":"https:\/\/www.achimbrueckner.de\/dxradio\/php\/wordpress\/index.php?rest_route=%2Fwp%2Fv2%2Fcategories&post=25083"},{"taxonomy":"post_tag","embeddable":true,"href":"https:\/\/www.achimbrueckner.de\/dxradio\/php\/wordpress\/index.php?rest_route=%2Fwp%2Fv2%2Ftags&post=25083"}],"curies":[{"name":"wp","href":"https:\/\/api.w.org\/{rel}","templated":true}]}}