{"id":2509,"date":"2013-07-01T14:46:35","date_gmt":"2013-07-01T14:46:35","guid":{"rendered":"https:\/\/www.achimbrueckner.de\/dxradio\/php\/wordpress\/?p=2509"},"modified":"2013-07-01T14:46:35","modified_gmt":"2013-07-01T14:46:35","slug":"einladung-zum-rmrc-besuch-des-deutschlandfunk","status":"publish","type":"post","link":"https:\/\/www.achimbrueckner.de\/dxradio\/php\/wordpress\/?p=2509","title":{"rendered":"Einladung zum RMRC-Besuch des Deutschlandfunk"},"content":{"rendered":"<p>Hallo Freunde,<\/p>\n<p>der Rhein-Main-Radio-Club besucht am Freitag 19.7.2013 den<br \/>\nDeutschlandfunk in K\u00f6ln<\/p>\n<p>Beginn 14.00<br \/>\nTreffpunkt vor dem Haupteingang, Radebergg\u00fcrtel 40, 50968 K\u00f6ln<\/p>\n<p>F\u00fchrung ca. bis 15.30 Uhr<\/p>\n<p>Eingeladen sind alle Radiofreunde und DXer.<\/p>\n<p>Der Besuch ist f\u00fcr RMRC-Mitglieder kostenlos,<br \/>\nNicht-Mitglieder 10\u00e2\u201a\u00ac<\/p>\n<p>Anmeldung bei mir<\/p>\n<p>Harald Gabler<br \/>\nRMRC Vorstand<br \/>\nRhein-Main-Radio-Club, Frankfurt<\/p>\n<p>Info via <a href=\"http:\/\/www.ratzer.at\" target=\"_blank\">A-DX<\/a><\/p>\n","protected":false},"excerpt":{"rendered":"<p>Hallo Freunde, der Rhein-Main-Radio-Club besucht am Freitag 19.7.2013 den Deutschlandfunk in K\u00f6ln Beginn 14.00 Treffpunkt vor dem Haupteingang, Radebergg\u00fcrtel 40, 50968 K\u00f6ln F\u00fchrung ca. bis 15.30 Uhr Eingeladen sind alle Radiofreunde und DXer. Der Besuch ist f\u00fcr RMRC-Mitglieder kostenlos, Nicht-Mitglieder 10\u00e2\u201a\u00ac Anmeldung bei mir Harald Gabler RMRC Vorstand Rhein-Main-Radio-Club, Frankfurt Info via A-DX<\/p>\n","protected":false},"author":1,"featured_media":0,"comment_status":"open","ping_status":"open","sticky":false,"template":"","format":"standard","meta":{"_jetpack_memberships_contains_paid_content":false,"footnotes":"","jetpack_publicize_message":"","jetpack_publicize_feature_enabled":true,"jetpack_social_post_already_shared":false,"jetpack_social_options":{"image_generator_settings":{"template":"highway","default_image_id":0,"font":"","enabled":false},"version":2}},"categories":[5],"tags":[24,40],"class_list":["post-2509","post","type-post","status-publish","format-standard","hentry","category-camps","tag-am","tag-dx"],"jetpack_publicize_connections":[],"jetpack_featured_media_url":"","jetpack_sharing_enabled":true,"jetpack_shortlink":"https:\/\/wp.me\/p5CDmr-Et","jetpack-related-posts":[{"id":1648,"url":"https:\/\/www.achimbrueckner.de\/dxradio\/php\/wordpress\/?p=1648","url_meta":{"origin":2509,"position":0},"title":"Besuch bei der Deutschen Welle 12. August 2011","author":"Administrator","date":"July 9, 2011","format":false,"excerpt":"Hallo Freunde, DXer, Radiofreaks, am Freitag 12.8.2011 besucht der RMRC die Deutsche Welle in Bonn, Kurt-Schumacher-Stra\u00dfe 3 ab 14.00 Uhr mit F\u00fchrung (Nach den Einsparpl\u00e4nen der DW k\u00f6nnte dieser Besuch der letzte bei DW-Radio sein.) Eingeladen sind alle Interessierten. Dauer ca. 2 Stunden, anschlie\u00dfend gehen wir noch was Essen. Bitte\u2026","rel":"","context":"In &quot;camps&quot;","block_context":{"text":"camps","link":"https:\/\/www.achimbrueckner.de\/dxradio\/php\/wordpress\/?cat=5"},"img":{"alt_text":"","src":"","width":0,"height":0},"classes":[]},{"id":1716,"url":"https:\/\/www.achimbrueckner.de\/dxradio\/php\/wordpress\/?p=1716","url_meta":{"origin":2509,"position":1},"title":"RMRC Besuch Deutsche Welle","author":"Administrator","date":"August 1, 2011","format":false,"excerpt":"!!!! Erinnerung !!!! Hallo Radiofreunde, der Rhein-MAin-Radio-Club, Frankfurt besucht am Freitag 12.8.2011 die Deutsche Welle (mit F\u00fchrung) Der Besuch beginnt 14.00 Uhr. Wir treffen uns am Eingang Kurt-Schumacher-Stra\u00dfe 3, 53110 Bonn. Eingeladen sind alle Radiofreunde, DXer und Freaks. Besuch 10 Euro, RMRC-Mitglieder kostenlos. Anmeldung erforderlich. Harald Gabler Info via A-DX","rel":"","context":"In &quot;camps&quot;","block_context":{"text":"camps","link":"https:\/\/www.achimbrueckner.de\/dxradio\/php\/wordpress\/?cat=5"},"img":{"alt_text":"","src":"","width":0,"height":0},"classes":[]},{"id":1077,"url":"https:\/\/www.achimbrueckner.de\/dxradio\/php\/wordpress\/?p=1077","url_meta":{"origin":2509,"position":2},"title":"Besichtigung der IBB Anlagen in Biblis und Lampertheim","author":"Administrator","date":"July 5, 2010","format":false,"excerpt":"!!!!!!! Einladung !!!!!!! Hallo Radiofreunde, der Rhein-Main-Radio-Club l\u00e4dt ein zum Besuch mit F\u00fchrung der IBB Sendestellen Biblis und Lampertheim am Freitag, den 20. August 2010 ein. Wir treffen uns um 10.00 am Eingang der International Broadcasting Bureau Transmitting Station Lampertheim Ausserhalb 6 68623 Lampertheim\/Germany Dass der Besuch schon um 10.00\u2026","rel":"","context":"In &quot;camps&quot;","block_context":{"text":"camps","link":"https:\/\/www.achimbrueckner.de\/dxradio\/php\/wordpress\/?cat=5"},"img":{"alt_text":"","src":"","width":0,"height":0},"classes":[]},{"id":1800,"url":"https:\/\/www.achimbrueckner.de\/dxradio\/php\/wordpress\/?p=1800","url_meta":{"origin":2509,"position":3},"title":"RMRC Herbst DX-Camp in Langenselbold 3.-9.10.2011","author":"Administrator","date":"September 19, 2011","format":false,"excerpt":"Der Rhein-Main-Radio-Club l\u00e4d ein zum **Herbst DX-Camp in Langenselbold 3.-9.10.2011** Die ersten Tage und N\u00e4chte Mo-Mi. wie immer zum intensiveren H\u00f6ren bei Kaffee, Bier oder Rotwein. Wir werden auf dem DX-Camp die neueste mpf\u00e4ngerentwicklung der Fa. Reuter zum testen und ausprobieren haben und aller Voraussicht nach wird uns Fr. oder\u2026","rel":"","context":"In &quot;camps&quot;","block_context":{"text":"camps","link":"https:\/\/www.achimbrueckner.de\/dxradio\/php\/wordpress\/?cat=5"},"img":{"alt_text":"","src":"","width":0,"height":0},"classes":[]},{"id":683,"url":"https:\/\/www.achimbrueckner.de\/dxradio\/php\/wordpress\/?p=683","url_meta":{"origin":2509,"position":4},"title":"RMRC St Helena Party","author":"Administrator","date":"November 9, 2009","format":false,"excerpt":"Der Rhein-Main-Radio-Club l\u00e4dt ein zur St. Helena-Party* am Sa. 14.11.09 ab 15.00 Uhr (wegen Antennenaufbau) im Gutshof Thomash\u00fctte zischen Eppertshausen und Messel s\u00fcdlich von Frankfurt www.thomashuette-eppertshausen.de Gutes preiswertes Essen und Trinken, WLAN, Webcam und Chat von der Party. Begrenzte \u00dcbernachtungsm\u00f6glichkeiten vorhanden. Wir werden an diesem Abend zwei Langdrahtantennen aufbauen sowie\u2026","rel":"","context":"In &quot;camps&quot;","block_context":{"text":"camps","link":"https:\/\/www.achimbrueckner.de\/dxradio\/php\/wordpress\/?cat=5"},"img":{"alt_text":"","src":"","width":0,"height":0},"classes":[]},{"id":934,"url":"https:\/\/www.achimbrueckner.de\/dxradio\/php\/wordpress\/?p=934","url_meta":{"origin":2509,"position":5},"title":"45. DX-Camp Langenselbold","author":"Administrator","date":"March 4, 2010","format":false,"excerpt":"Hallo Freunde und Radiofreaks, der Rhein-Main-Radio-Club l\u00e4dt ein zum 45. DX-Camp in Langenselbold 19.4.-25.4.2010 Die ersten Tage sind etwas Besonderes, weil wir uns da dem Extrem-DX widmen und vor allem die Nacht zu Tag machen bei Kaffe und Rotwein. Am Freitag 23.4.2010 ein besonderes Highlight: Wir besuchen Radio Andernach, das\u2026","rel":"","context":"In &quot;camps&quot;","block_context":{"text":"camps","link":"https:\/\/www.achimbrueckner.de\/dxradio\/php\/wordpress\/?cat=5"},"img":{"alt_text":"","src":"","width":0,"height":0},"classes":[]}],"_links":{"self":[{"href":"https:\/\/www.achimbrueckner.de\/dxradio\/php\/wordpress\/index.php?rest_route=\/wp\/v2\/posts\/2509","targetHints":{"allow":["GET"]}}],"collection":[{"href":"https:\/\/www.achimbrueckner.de\/dxradio\/php\/wordpress\/index.php?rest_route=\/wp\/v2\/posts"}],"about":[{"href":"https:\/\/www.achimbrueckner.de\/dxradio\/php\/wordpress\/index.php?rest_route=\/wp\/v2\/types\/post"}],"author":[{"embeddable":true,"href":"https:\/\/www.achimbrueckner.de\/dxradio\/php\/wordpress\/index.php?rest_route=\/wp\/v2\/users\/1"}],"replies":[{"embeddable":true,"href":"https:\/\/www.achimbrueckner.de\/dxradio\/php\/wordpress\/index.php?rest_route=%2Fwp%2Fv2%2Fcomments&post=2509"}],"version-history":[{"count":0,"href":"https:\/\/www.achimbrueckner.de\/dxradio\/php\/wordpress\/index.php?rest_route=\/wp\/v2\/posts\/2509\/revisions"}],"wp:attachment":[{"href":"https:\/\/www.achimbrueckner.de\/dxradio\/php\/wordpress\/index.php?rest_route=%2Fwp%2Fv2%2Fmedia&parent=2509"}],"wp:term":[{"taxonomy":"category","embeddable":true,"href":"https:\/\/www.achimbrueckner.de\/dxradio\/php\/wordpress\/index.php?rest_route=%2Fwp%2Fv2%2Fcategories&post=2509"},{"taxonomy":"post_tag","embeddable":true,"href":"https:\/\/www.achimbrueckner.de\/dxradio\/php\/wordpress\/index.php?rest_route=%2Fwp%2Fv2%2Ftags&post=2509"}],"curies":[{"name":"wp","href":"https:\/\/api.w.org\/{rel}","templated":true}]}}