{"id":25143,"date":"2019-10-05T14:52:17","date_gmt":"2019-10-05T14:52:17","guid":{"rendered":"https:\/\/www.achimbrueckner.de\/dxradio\/php\/wordpress\/?p=25143"},"modified":"2019-10-05T14:52:17","modified_gmt":"2019-10-05T14:52:17","slug":"beim-sender-muehlacker-hat-sich-etliches-bewegt-das-sind-die-wichtigsten-entwicklungen","status":"publish","type":"post","link":"https:\/\/www.achimbrueckner.de\/dxradio\/php\/wordpress\/?p=25143","title":{"rendered":"Beim-Sender-Muehlacker-hat-sich-Etliches-bewegt-Das-sind-die-wichtigsten-Entwicklungen"},"content":{"rendered":"<p><a href=\"https:\/\/www.pz-news.de\/region_artikel,-Beim-Sender-Muehlacker-hat-sich-Etliches-bewegt-Das-sind-die-wichtigsten-Entwicklungen-_arid,1343523.html\" rel=\"noopener noreferrer\" target=\"_blank\">https:\/\/www.pz-news.de\/region_artikel,-Beim-Sender-Muehlacker-hat-sich-Etliches-bewegt-Das-sind-die-wichtigsten-Entwicklungen-_arid,1343523.html<\/a><\/p>\n","protected":false},"excerpt":{"rendered":"<p>https:\/\/www.pz-news.de\/region_artikel,-Beim-Sender-Muehlacker-hat-sich-Etliches-bewegt-Das-sind-die-wichtigsten-Entwicklungen-_arid,1343523.html<\/p>\n","protected":false},"author":1,"featured_media":0,"comment_status":"closed","ping_status":"open","sticky":false,"template":"","format":"standard","meta":{"_jetpack_memberships_contains_paid_content":false,"footnotes":"","jetpack_publicize_message":"","jetpack_publicize_feature_enabled":true,"jetpack_social_post_already_shared":true,"jetpack_social_options":{"image_generator_settings":{"template":"highway","default_image_id":0,"font":"","enabled":false},"version":2}},"categories":[1],"tags":[],"class_list":["post-25143","post","type-post","status-publish","format-standard","hentry","category-deutsch"],"jetpack_publicize_connections":[],"jetpack_featured_media_url":"","jetpack_sharing_enabled":true,"jetpack_shortlink":"https:\/\/wp.me\/p5CDmr-6xx","jetpack-related-posts":[{"id":4591,"url":"https:\/\/www.achimbrueckner.de\/dxradio\/php\/wordpress\/?p=4591","url_meta":{"origin":25143,"position":0},"title":"M\u00dcHLACKER Herber D\u00e4mpfer f\u00fcr die Sender-Freunde","author":"Administrator","date":"May 12, 2015","format":false,"excerpt":"http:\/\/muehlacker-tagblatt.de\/region-muehlacker\/muehlacker\/herber-daempfer-fuer-die-sender-freunde\/","rel":"","context":"In &quot;Deutsch&quot;","block_context":{"text":"Deutsch","link":"https:\/\/www.achimbrueckner.de\/dxradio\/php\/wordpress\/?cat=1"},"img":{"alt_text":"","src":"","width":0,"height":0},"classes":[]},{"id":7488,"url":"https:\/\/www.achimbrueckner.de\/dxradio\/php\/wordpress\/?p=7488","url_meta":{"origin":25143,"position":1},"title":"M\u00fchlacker Sender wird Kulturdenkmal","author":"Administrator","date":"February 9, 2016","format":false,"excerpt":"http:\/\/muehlacker-tagblatt.de\/region-muehlacker\/muehlacker\/muehlacker-sender-wird-kulturdenkmal\/","rel":"","context":"In &quot;Deutsch&quot;","block_context":{"text":"Deutsch","link":"https:\/\/www.achimbrueckner.de\/dxradio\/php\/wordpress\/?cat=1"},"img":{"alt_text":"","src":"","width":0,"height":0},"classes":[]},{"id":7490,"url":"https:\/\/www.achimbrueckner.de\/dxradio\/php\/wordpress\/?p=7490","url_meta":{"origin":25143,"position":2},"title":"Adrenalin-Kick auf dem M\u00fchlacker Sender","author":"Administrator","date":"February 9, 2016","format":false,"excerpt":"http:\/\/muehlacker-tagblatt.de\/region-muehlacker\/muehlacker\/adrenalin-kick-auf-dem-muehlacker-sender\/","rel":"","context":"In &quot;Deutsch&quot;","block_context":{"text":"Deutsch","link":"https:\/\/www.achimbrueckner.de\/dxradio\/php\/wordpress\/?cat=1"},"img":{"alt_text":"","src":"","width":0,"height":0},"classes":[]},{"id":25609,"url":"https:\/\/www.achimbrueckner.de\/dxradio\/php\/wordpress\/?p=25609","url_meta":{"origin":25143,"position":3},"title":"M\u00dcHLACKER Ein Sender, zwei Meinungen","author":"Administrator","date":"November 2, 2019","format":false,"excerpt":"https:\/\/muehlacker-tagblatt.de\/region-muehlacker\/muehlacker\/ein-sender-zwei-meinungen\/","rel":"","context":"In &quot;Deutsch&quot;","block_context":{"text":"Deutsch","link":"https:\/\/www.achimbrueckner.de\/dxradio\/php\/wordpress\/?cat=1"},"img":{"alt_text":"","src":"","width":0,"height":0},"classes":[]},{"id":26137,"url":"https:\/\/www.achimbrueckner.de\/dxradio\/php\/wordpress\/?p=26137","url_meta":{"origin":25143,"position":4},"title":"OB: ,,M\u00fcssen uns vom Sender verabschieden\u201c","author":"Administrator","date":"December 12, 2019","format":false,"excerpt":"https:\/\/muehlacker-tagblatt.de\/region-muehlacker\/muehlacker\/ob-muessen-uns-vom-sender-verabschieden\/","rel":"","context":"In &quot;Deutsch&quot;","block_context":{"text":"Deutsch","link":"https:\/\/www.achimbrueckner.de\/dxradio\/php\/wordpress\/?cat=1"},"img":{"alt_text":"","src":"","width":0,"height":0},"classes":[]},{"id":27543,"url":"https:\/\/www.achimbrueckner.de\/dxradio\/php\/wordpress\/?p=27543","url_meta":{"origin":25143,"position":5},"title":"M\u00dcHLACKER Sender-Verein hofft auf eine Wende","author":"Administrator","date":"March 11, 2020","format":false,"excerpt":"https:\/\/muehlacker-tagblatt.de\/region-muehlacker\/muehlacker\/sender-verein-hofft-auf-eine-wende\/","rel":"","context":"In &quot;Deutsch&quot;","block_context":{"text":"Deutsch","link":"https:\/\/www.achimbrueckner.de\/dxradio\/php\/wordpress\/?cat=1"},"img":{"alt_text":"","src":"","width":0,"height":0},"classes":[]}],"_links":{"self":[{"href":"https:\/\/www.achimbrueckner.de\/dxradio\/php\/wordpress\/index.php?rest_route=\/wp\/v2\/posts\/25143","targetHints":{"allow":["GET"]}}],"collection":[{"href":"https:\/\/www.achimbrueckner.de\/dxradio\/php\/wordpress\/index.php?rest_route=\/wp\/v2\/posts"}],"about":[{"href":"https:\/\/www.achimbrueckner.de\/dxradio\/php\/wordpress\/index.php?rest_route=\/wp\/v2\/types\/post"}],"author":[{"embeddable":true,"href":"https:\/\/www.achimbrueckner.de\/dxradio\/php\/wordpress\/index.php?rest_route=\/wp\/v2\/users\/1"}],"replies":[{"embeddable":true,"href":"https:\/\/www.achimbrueckner.de\/dxradio\/php\/wordpress\/index.php?rest_route=%2Fwp%2Fv2%2Fcomments&post=25143"}],"version-history":[{"count":0,"href":"https:\/\/www.achimbrueckner.de\/dxradio\/php\/wordpress\/index.php?rest_route=\/wp\/v2\/posts\/25143\/revisions"}],"wp:attachment":[{"href":"https:\/\/www.achimbrueckner.de\/dxradio\/php\/wordpress\/index.php?rest_route=%2Fwp%2Fv2%2Fmedia&parent=25143"}],"wp:term":[{"taxonomy":"category","embeddable":true,"href":"https:\/\/www.achimbrueckner.de\/dxradio\/php\/wordpress\/index.php?rest_route=%2Fwp%2Fv2%2Fcategories&post=25143"},{"taxonomy":"post_tag","embeddable":true,"href":"https:\/\/www.achimbrueckner.de\/dxradio\/php\/wordpress\/index.php?rest_route=%2Fwp%2Fv2%2Ftags&post=25143"}],"curies":[{"name":"wp","href":"https:\/\/api.w.org\/{rel}","templated":true}]}}