{"id":25146,"date":"2019-10-05T15:13:06","date_gmt":"2019-10-05T15:13:06","guid":{"rendered":"https:\/\/www.achimbrueckner.de\/dxradio\/php\/wordpress\/?p=25146"},"modified":"2019-10-05T15:13:06","modified_gmt":"2019-10-05T15:13:06","slug":"nun-auch-tauschungsfall-beim-radio-wie-sich-die-sender-schutzen-wollen","status":"publish","type":"post","link":"https:\/\/www.achimbrueckner.de\/dxradio\/php\/wordpress\/?p=25146","title":{"rendered":"Nun auch T\u00e4uschungsfall beim Radio: Wie sich die Sender sch\u00fctzen wollen"},"content":{"rendered":"<p><a href=\"https:\/\/uebermedien.de\/41995\/nun-auch-taeuschungsfall-beim-radio-wie-sich-die-sender-schuetzen-wollen\/\" rel=\"noopener noreferrer\" target=\"_blank\">https:\/\/uebermedien.de\/41995\/nun-auch-taeuschungsfall-beim-radio-wie-sich-die-sender-schuetzen-wollen\/<\/a><\/p>\n","protected":false},"excerpt":{"rendered":"<p>https:\/\/uebermedien.de\/41995\/nun-auch-taeuschungsfall-beim-radio-wie-sich-die-sender-schuetzen-wollen\/<\/p>\n","protected":false},"author":1,"featured_media":0,"comment_status":"closed","ping_status":"open","sticky":false,"template":"","format":"standard","meta":{"_jetpack_memberships_contains_paid_content":false,"footnotes":"","jetpack_publicize_message":"","jetpack_publicize_feature_enabled":true,"jetpack_social_post_already_shared":true,"jetpack_social_options":{"image_generator_settings":{"template":"highway","default_image_id":0,"font":"","enabled":false},"version":2}},"categories":[1,15],"tags":[45],"class_list":["post-25146","post","type-post","status-publish","format-standard","hentry","category-deutsch","category-medien","tag-medien"],"jetpack_publicize_connections":[],"jetpack_featured_media_url":"","jetpack_sharing_enabled":true,"jetpack_shortlink":"https:\/\/wp.me\/p5CDmr-6xA","jetpack-related-posts":[{"id":4242,"url":"https:\/\/www.achimbrueckner.de\/dxradio\/php\/wordpress\/?p=4242","url_meta":{"origin":25146,"position":0},"title":"Radio DARC Premiere 22. M\u00e4rz 2015 6070 Khz 1000 Utc","author":"Administrator","date":"March 19, 2015","format":false,"excerpt":"Liebe YLs und OMs. nun ist es bald so weit. \"RADIO DARC\" wird am kommenden Sonntag, den 22. M\u00e4rz 2015 im 49m Rundfunkband seine regelm\u00e4\u00dfige Sendefolge aufnehmen. Die Sendungen erfolgen immer sonntags um 11 Uhr Lokalzeit (10 Uhr UTC) mit 100 kW Sendeleistung aus Wien-Moosbrunn und in einer Wiederholung montags\u2026","rel":"","context":"In &quot;Deutsch&quot;","block_context":{"text":"Deutsch","link":"https:\/\/www.achimbrueckner.de\/dxradio\/php\/wordpress\/?cat=1"},"img":{"alt_text":"","src":"","width":0,"height":0},"classes":[]},{"id":4424,"url":"https:\/\/www.achimbrueckner.de\/dxradio\/php\/wordpress\/?p=4424","url_meta":{"origin":25146,"position":1},"title":"SAT- und DX\u00e9r Magazins der SATzentrale 21.04.2015","author":"Administrator","date":"April 20, 2015","format":false,"excerpt":"Hallo liebe Radio und DX\u00e9r Freunde, am 21.04.2015 ist es wieder soweit. An diesem Tag l\u00e4uft um 21:00 Uhr MEZ eine neue Ausgabe des SAT- und DX\u00e9r Magazins der SATzentrale. In der mittlerweile 13. Ausgabe gibt es wieder interessante Themen: Im Mai und Juni finden wieder zahlreiche DX\u00e9r Treffen statt.\u2026","rel":"","context":"In &quot;Deutsch&quot;","block_context":{"text":"Deutsch","link":"https:\/\/www.achimbrueckner.de\/dxradio\/php\/wordpress\/?cat=1"},"img":{"alt_text":"","src":"","width":0,"height":0},"classes":[]},{"id":33672,"url":"https:\/\/www.achimbrueckner.de\/dxradio\/php\/wordpress\/?p=33672","url_meta":{"origin":25146,"position":2},"title":"Katja Berg: Grenzenlose Unterhaltung: Radio Luxemburg","author":"Administrator","date":"September 29, 2021","format":false,"excerpt":"Buch-Tipp: Auf und Ab der Radiolegende Radio Luxemburg war der gro\u00dfe kommerzielle \u00fcberregionale Sender der 50er- bis 80er-Jahre. In Deutschland wurde er im Saarland und in Nordrhein-Westfalen wegen der N\u00e4he zum Nachbarland und dem damit einhergehenden guten Empfang besonders viel geh\u00f6rt und wird dort heute noch oft nostalgisch verkl\u00e4rt. Das\u2026","rel":"","context":"In &quot;Deutsch&quot;","block_context":{"text":"Deutsch","link":"https:\/\/www.achimbrueckner.de\/dxradio\/php\/wordpress\/?cat=1"},"img":{"alt_text":"","src":"","width":0,"height":0},"classes":[]},{"id":27850,"url":"https:\/\/www.achimbrueckner.de\/dxradio\/php\/wordpress\/?p=27850","url_meta":{"origin":25146,"position":3},"title":"Reaktion auf Corona: Private Radio- und TV-Sender wollen &#8220;geistliche Heimat&#8221; vermitteln","author":"Administrator","date":"March 30, 2020","format":false,"excerpt":"https:\/\/www.sonntagsblatt.de\/artikel\/medien\/reaktion-auf-corona-private-radio-und-tv-sender-wollen-geistliche-heimat-vermitteln","rel":"","context":"In &quot;Deutsch&quot;","block_context":{"text":"Deutsch","link":"https:\/\/www.achimbrueckner.de\/dxradio\/php\/wordpress\/?cat=1"},"img":{"alt_text":"","src":"","width":0,"height":0},"classes":[]},{"id":4379,"url":"https:\/\/www.achimbrueckner.de\/dxradio\/php\/wordpress\/?p=4379","url_meta":{"origin":25146,"position":4},"title":"Webradio Satzentrale","author":"Administrator","date":"April 12, 2015","format":false,"excerpt":"Hallo liebe Radio und DX\u00e9r Freunde, nachdem wir nun auch das Radio vom DARC bei uns im Programm mit aufgenommen haben, freuen wir uns nun ab sofort auch die Rundspr\u00fcche des \u00d6VSV (\u00d6sterreichischer Versuchssendeverbund) pr\u00e4sentieren zu k\u00f6nnen. Einige weitere neue Sendungen liegen bereits in der \u201ePipeline\u201c und sofern wir alles\u2026","rel":"","context":"In &quot;Deutsch&quot;","block_context":{"text":"Deutsch","link":"https:\/\/www.achimbrueckner.de\/dxradio\/php\/wordpress\/?cat=1"},"img":{"alt_text":"","src":"","width":0,"height":0},"classes":[]},{"id":3792,"url":"https:\/\/www.achimbrueckner.de\/dxradio\/php\/wordpress\/?p=3792","url_meta":{"origin":25146,"position":5},"title":"Sender &#038; Frequenzen 2015 bei Amazon vorbestellbar.","author":"Administrator","date":"November 25, 2014","format":false,"excerpt":"Wie alle Jahre darf ich hier auf die neue Ausgabe von Sender & Frequenzen aufmerksam machen. Die Ausgabe 2015 ist nun bei Amazon vorbestellbar, wer den Link via http:\/\/ratzer.at zur Bestellung bei Amazon nutzt, bezahlt nat\u00fcrlich den regul\u00e4ren Preis f\u00fcr das Buch und Amazon unterst\u00fctzt durch einen \u201eWerbekostenbeitrag\u201c so ganz\u2026","rel":"","context":"In &quot;Deutsch&quot;","block_context":{"text":"Deutsch","link":"https:\/\/www.achimbrueckner.de\/dxradio\/php\/wordpress\/?cat=1"},"img":{"alt_text":"","src":"","width":0,"height":0},"classes":[]}],"_links":{"self":[{"href":"https:\/\/www.achimbrueckner.de\/dxradio\/php\/wordpress\/index.php?rest_route=\/wp\/v2\/posts\/25146","targetHints":{"allow":["GET"]}}],"collection":[{"href":"https:\/\/www.achimbrueckner.de\/dxradio\/php\/wordpress\/index.php?rest_route=\/wp\/v2\/posts"}],"about":[{"href":"https:\/\/www.achimbrueckner.de\/dxradio\/php\/wordpress\/index.php?rest_route=\/wp\/v2\/types\/post"}],"author":[{"embeddable":true,"href":"https:\/\/www.achimbrueckner.de\/dxradio\/php\/wordpress\/index.php?rest_route=\/wp\/v2\/users\/1"}],"replies":[{"embeddable":true,"href":"https:\/\/www.achimbrueckner.de\/dxradio\/php\/wordpress\/index.php?rest_route=%2Fwp%2Fv2%2Fcomments&post=25146"}],"version-history":[{"count":0,"href":"https:\/\/www.achimbrueckner.de\/dxradio\/php\/wordpress\/index.php?rest_route=\/wp\/v2\/posts\/25146\/revisions"}],"wp:attachment":[{"href":"https:\/\/www.achimbrueckner.de\/dxradio\/php\/wordpress\/index.php?rest_route=%2Fwp%2Fv2%2Fmedia&parent=25146"}],"wp:term":[{"taxonomy":"category","embeddable":true,"href":"https:\/\/www.achimbrueckner.de\/dxradio\/php\/wordpress\/index.php?rest_route=%2Fwp%2Fv2%2Fcategories&post=25146"},{"taxonomy":"post_tag","embeddable":true,"href":"https:\/\/www.achimbrueckner.de\/dxradio\/php\/wordpress\/index.php?rest_route=%2Fwp%2Fv2%2Ftags&post=25146"}],"curies":[{"name":"wp","href":"https:\/\/api.w.org\/{rel}","templated":true}]}}