{"id":25148,"date":"2019-10-05T15:15:12","date_gmt":"2019-10-05T15:15:12","guid":{"rendered":"https:\/\/www.achimbrueckner.de\/dxradio\/php\/wordpress\/?p=25148"},"modified":"2019-10-05T15:15:12","modified_gmt":"2019-10-05T15:15:12","slug":"radio-domains-gunstige-konditionen-fur-freie-radios-und-burger-rundfunk","status":"publish","type":"post","link":"https:\/\/www.achimbrueckner.de\/dxradio\/php\/wordpress\/?p=25148","title":{"rendered":"Radio-Domains: G\u00fcnstige Konditionen f\u00fcr Freie Radios und B\u00fcrger-Rundfunk"},"content":{"rendered":"<p><a href=\"https:\/\/www.pressebox.de\/pressemitteilung\/secura-gmbh\/Radio-Domains-Guenstige-Konditionen-fuer-Freie-Radios-und-Buerger-Rundfunk\/boxid\/976012\" rel=\"noopener noreferrer\" target=\"_blank\">https:\/\/www.pressebox.de\/pressemitteilung\/secura-gmbh\/Radio-Domains-Guenstige-Konditionen-fuer-Freie-Radios-und-Buerger-Rundfunk\/boxid\/976012<\/a><\/p>\n","protected":false},"excerpt":{"rendered":"<p>https:\/\/www.pressebox.de\/pressemitteilung\/secura-gmbh\/Radio-Domains-Guenstige-Konditionen-fuer-Freie-Radios-und-Buerger-Rundfunk\/boxid\/976012<\/p>\n","protected":false},"author":1,"featured_media":0,"comment_status":"closed","ping_status":"open","sticky":false,"template":"","format":"standard","meta":{"_jetpack_memberships_contains_paid_content":false,"footnotes":"","jetpack_publicize_message":"","jetpack_publicize_feature_enabled":true,"jetpack_social_post_already_shared":true,"jetpack_social_options":{"image_generator_settings":{"template":"highway","default_image_id":0,"font":"","enabled":false},"version":2}},"categories":[1],"tags":[],"class_list":["post-25148","post","type-post","status-publish","format-standard","hentry","category-deutsch"],"jetpack_publicize_connections":[],"jetpack_featured_media_url":"","jetpack_sharing_enabled":true,"jetpack_shortlink":"https:\/\/wp.me\/p5CDmr-6xC","jetpack-related-posts":[{"id":30563,"url":"https:\/\/www.achimbrueckner.de\/dxradio\/php\/wordpress\/?p=30563","url_meta":{"origin":25148,"position":0},"title":"Freie Radios \u00d6sterreich: Ein Radio-Roadtripp zu neuer Mobilit\u00e4t","author":"Administrator","date":"October 24, 2020","format":false,"excerpt":"https:\/\/www.ots.at\/presseaussendung\/OTS_20201022_OTS0031\/freie-radios-oesterreich-ein-radio-roadtripp-zu-neuer-mobilitaet","rel":"","context":"In &quot;Deutsch&quot;","block_context":{"text":"Deutsch","link":"https:\/\/www.achimbrueckner.de\/dxradio\/php\/wordpress\/?cat=1"},"img":{"alt_text":"","src":"","width":0,"height":0},"classes":[]},{"id":18229,"url":"https:\/\/www.achimbrueckner.de\/dxradio\/php\/wordpress\/?p=18229","url_meta":{"origin":25148,"position":1},"title":"Freie Radios \u00d6sterreichs haben neuen Vorstand gew\u00e4hlt","author":"Administrator","date":"June 14, 2018","format":false,"excerpt":"https:\/\/www.infosat.de\/radio\/freie-radios-sterreichs-haben-neuen-vorstand-gew-hlt","rel":"","context":"In &quot;Deutsch&quot;","block_context":{"text":"Deutsch","link":"https:\/\/www.achimbrueckner.de\/dxradio\/php\/wordpress\/?cat=1"},"img":{"alt_text":"","src":"","width":0,"height":0},"classes":[]},{"id":21109,"url":"https:\/\/www.achimbrueckner.de\/dxradio\/php\/wordpress\/?p=21109","url_meta":{"origin":25148,"position":2},"title":"Radiopreise der Erwachsenenbildung f\u00fcr freie Radios, Sch\u00fcler und \u00d61","author":"Administrator","date":"January 24, 2019","format":false,"excerpt":"https:\/\/diepresse.com\/home\/kultur\/medien\/5567532\/Radiopreise-fuer-freie-Radios-Schueler-und-Oe1","rel":"","context":"In &quot;Deutsch&quot;","block_context":{"text":"Deutsch","link":"https:\/\/www.achimbrueckner.de\/dxradio\/php\/wordpress\/?cat=1"},"img":{"alt_text":"","src":"","width":0,"height":0},"classes":[]},{"id":18897,"url":"https:\/\/www.achimbrueckner.de\/dxradio\/php\/wordpress\/?p=18897","url_meta":{"origin":25148,"position":3},"title":"&#8220;Kaum Luft f\u00fcr eine differenzierte Analyse&#8221;: Freie Radios und die &#8220;Fl\u00fcchtlingsdebatte&#8221;","author":"Administrator","date":"August 23, 2018","format":false,"excerpt":"https:\/\/rdl.de\/beitrag\/kaum-luft-f-r-eine-differenzierte-analyse-freie-radios-und-die-fl-chtlingsdebatte","rel":"","context":"In &quot;Deutsch&quot;","block_context":{"text":"Deutsch","link":"https:\/\/www.achimbrueckner.de\/dxradio\/php\/wordpress\/?cat=1"},"img":{"alt_text":"","src":"","width":0,"height":0},"classes":[]},{"id":36691,"url":"https:\/\/www.achimbrueckner.de\/dxradio\/php\/wordpress\/?p=36691","url_meta":{"origin":25148,"position":4},"title":"\u00d6sterreich: F\u00f6rdermittel f\u00fcr freie Radios und nicht kommerzielle TV-Sender werden auf 5 Mio. \u20ac aufgestockt","author":"Administrator","date":"June 24, 2022","format":false,"excerpt":"https:\/\/www.radiowoche.de\/oesterreich-foerdermittel-fuer-freie-radios-und-nicht-kommerzielle-tv-sender-werden-auf-5-mio-e-aufgestockt\/","rel":"","context":"In &quot;Deutsch&quot;","block_context":{"text":"Deutsch","link":"https:\/\/www.achimbrueckner.de\/dxradio\/php\/wordpress\/?cat=1"},"img":{"alt_text":"","src":"","width":0,"height":0},"classes":[]},{"id":4506,"url":"https:\/\/www.achimbrueckner.de\/dxradio\/php\/wordpress\/?p=4506","url_meta":{"origin":25148,"position":5},"title":"Freie Radios k\u00f6nnen Aufatmen","author":"Administrator","date":"April 30, 2015","format":false,"excerpt":"https:\/\/www.addn.me\/freiraeume\/freie-radios-koennen-aufatmen\/","rel":"","context":"In &quot;Deutsch&quot;","block_context":{"text":"Deutsch","link":"https:\/\/www.achimbrueckner.de\/dxradio\/php\/wordpress\/?cat=1"},"img":{"alt_text":"","src":"","width":0,"height":0},"classes":[]}],"_links":{"self":[{"href":"https:\/\/www.achimbrueckner.de\/dxradio\/php\/wordpress\/index.php?rest_route=\/wp\/v2\/posts\/25148","targetHints":{"allow":["GET"]}}],"collection":[{"href":"https:\/\/www.achimbrueckner.de\/dxradio\/php\/wordpress\/index.php?rest_route=\/wp\/v2\/posts"}],"about":[{"href":"https:\/\/www.achimbrueckner.de\/dxradio\/php\/wordpress\/index.php?rest_route=\/wp\/v2\/types\/post"}],"author":[{"embeddable":true,"href":"https:\/\/www.achimbrueckner.de\/dxradio\/php\/wordpress\/index.php?rest_route=\/wp\/v2\/users\/1"}],"replies":[{"embeddable":true,"href":"https:\/\/www.achimbrueckner.de\/dxradio\/php\/wordpress\/index.php?rest_route=%2Fwp%2Fv2%2Fcomments&post=25148"}],"version-history":[{"count":0,"href":"https:\/\/www.achimbrueckner.de\/dxradio\/php\/wordpress\/index.php?rest_route=\/wp\/v2\/posts\/25148\/revisions"}],"wp:attachment":[{"href":"https:\/\/www.achimbrueckner.de\/dxradio\/php\/wordpress\/index.php?rest_route=%2Fwp%2Fv2%2Fmedia&parent=25148"}],"wp:term":[{"taxonomy":"category","embeddable":true,"href":"https:\/\/www.achimbrueckner.de\/dxradio\/php\/wordpress\/index.php?rest_route=%2Fwp%2Fv2%2Fcategories&post=25148"},{"taxonomy":"post_tag","embeddable":true,"href":"https:\/\/www.achimbrueckner.de\/dxradio\/php\/wordpress\/index.php?rest_route=%2Fwp%2Fv2%2Ftags&post=25148"}],"curies":[{"name":"wp","href":"https:\/\/api.w.org\/{rel}","templated":true}]}}