{"id":25162,"date":"2019-10-06T14:30:21","date_gmt":"2019-10-06T14:30:21","guid":{"rendered":"https:\/\/www.achimbrueckner.de\/dxradio\/php\/wordpress\/?p=25162"},"modified":"2019-10-06T14:30:21","modified_gmt":"2019-10-06T14:30:21","slug":"verkehrsfunk-noch-lange-nicht-uberflussig","status":"publish","type":"post","link":"https:\/\/www.achimbrueckner.de\/dxradio\/php\/wordpress\/?p=25162","title":{"rendered":"Verkehrsfunk: Noch lange nicht \u00fcberfl\u00fcssig"},"content":{"rendered":"<p><a href=\"https:\/\/www.radioszene.de\/137175\/verkehrsfunk.html\" rel=\"noopener noreferrer\" target=\"_blank\">https:\/\/www.radioszene.de\/137175\/verkehrsfunk.html<\/a><\/p>\n","protected":false},"excerpt":{"rendered":"<p>https:\/\/www.radioszene.de\/137175\/verkehrsfunk.html<\/p>\n","protected":false},"author":1,"featured_media":0,"comment_status":"closed","ping_status":"open","sticky":false,"template":"","format":"standard","meta":{"_jetpack_memberships_contains_paid_content":false,"footnotes":"","jetpack_publicize_message":"","jetpack_publicize_feature_enabled":true,"jetpack_social_post_already_shared":true,"jetpack_social_options":{"image_generator_settings":{"template":"highway","default_image_id":0,"font":"","enabled":false},"version":2}},"categories":[1,16],"tags":[41],"class_list":["post-25162","post","type-post","status-publish","format-standard","hentry","category-deutsch","category-radioszene","tag-radioszene"],"jetpack_publicize_connections":[],"jetpack_featured_media_url":"","jetpack_sharing_enabled":true,"jetpack_shortlink":"https:\/\/wp.me\/p5CDmr-6xQ","jetpack-related-posts":[{"id":26894,"url":"https:\/\/www.achimbrueckner.de\/dxradio\/php\/wordpress\/?p=26894","url_meta":{"origin":25162,"position":0},"title":"Deutschlandfunk schafft Verkehrsmeldungen ab","author":"Administrator","date":"January 29, 2020","format":false,"excerpt":"https:\/\/www.radioszene.de\/140196\/deutschlandfunk-verkehrsfunk-staumeldungen.html","rel":"","context":"In &quot;Deutsch&quot;","block_context":{"text":"Deutsch","link":"https:\/\/www.achimbrueckner.de\/dxradio\/php\/wordpress\/?cat=1"},"img":{"alt_text":"","src":"","width":0,"height":0},"classes":[]},{"id":26486,"url":"https:\/\/www.achimbrueckner.de\/dxradio\/php\/wordpress\/?p=26486","url_meta":{"origin":25162,"position":1},"title":"Radio-Trends 2020: Verkehrsfunk ade und Podcast First?","author":"Administrator","date":"January 1, 2020","format":false,"excerpt":"https:\/\/www.radioszene.de\/139240\/radio-trends-2020.html","rel":"","context":"In &quot;Deutsch&quot;","block_context":{"text":"Deutsch","link":"https:\/\/www.achimbrueckner.de\/dxradio\/php\/wordpress\/?cat=1"},"img":{"alt_text":"","src":"","width":0,"height":0},"classes":[]},{"id":21990,"url":"https:\/\/www.achimbrueckner.de\/dxradio\/php\/wordpress\/?p=21990","url_meta":{"origin":25162,"position":2},"title":"Walter Schmich: \u201eWenn die Musik nicht stimmt, h\u00f6rt auch keiner die noch so guten Beitr\u00e4ge\u201c","author":"Administrator","date":"March 6, 2019","format":false,"excerpt":"https:\/\/www.radioszene.de\/131073\/walter-schmich.html","rel":"","context":"In &quot;Deutsch&quot;","block_context":{"text":"Deutsch","link":"https:\/\/www.achimbrueckner.de\/dxradio\/php\/wordpress\/?cat=1"},"img":{"alt_text":"","src":"","width":0,"height":0},"classes":[]},{"id":13488,"url":"https:\/\/www.achimbrueckner.de\/dxradio\/php\/wordpress\/?p=13488","url_meta":{"origin":25162,"position":3},"title":"MDR JUMP: \u201cSchon lange nicht mehr nur Radio\u201d","author":"Administrator","date":"June 19, 2017","format":false,"excerpt":"http:\/\/www.radioszene.de\/107265\/ulrich-manitz-mdr-jump-interview.html","rel":"","context":"In &quot;Deutsch&quot;","block_context":{"text":"Deutsch","link":"https:\/\/www.achimbrueckner.de\/dxradio\/php\/wordpress\/?cat=1"},"img":{"alt_text":"","src":"","width":0,"height":0},"classes":[]},{"id":1540,"url":"https:\/\/www.achimbrueckner.de\/dxradio\/php\/wordpress\/?p=1540","url_meta":{"origin":25162,"position":4},"title":"Webradio: Ist die B\u00fcchse der Pandora in Deutschland noch nicht ge\u00f6ffnet?","author":"Administrator","date":"May 12, 2011","format":false,"excerpt":"Webradio: Ist die B\u00fcchse der Pandora in Deutschland noch nicht ge\u00f6ffnet? http:\/\/www.radioszene.de\/24602\/webradio-ist-die-buechse-der-pandora-in-deutschland-noch-nicht-geoeffnet.html","rel":"","context":"In &quot;Deutsch&quot;","block_context":{"text":"Deutsch","link":"https:\/\/www.achimbrueckner.de\/dxradio\/php\/wordpress\/?cat=1"},"img":{"alt_text":"","src":"","width":0,"height":0},"classes":[]},{"id":29652,"url":"https:\/\/www.achimbrueckner.de\/dxradio\/php\/wordpress\/?p=29652","url_meta":{"origin":25162,"position":5},"title":"\u201cSchluss mit dieser Sch\u2026 Technik!\u201d \u2013 Der lange Tod des IRT","author":"Administrator","date":"August 2, 2020","format":false,"excerpt":"https:\/\/www.radioszene.de\/146185\/irt-institut-fuer-rundfunktechnik-am-ende.html","rel":"","context":"In &quot;Deutsch&quot;","block_context":{"text":"Deutsch","link":"https:\/\/www.achimbrueckner.de\/dxradio\/php\/wordpress\/?cat=1"},"img":{"alt_text":"","src":"","width":0,"height":0},"classes":[]}],"_links":{"self":[{"href":"https:\/\/www.achimbrueckner.de\/dxradio\/php\/wordpress\/index.php?rest_route=\/wp\/v2\/posts\/25162","targetHints":{"allow":["GET"]}}],"collection":[{"href":"https:\/\/www.achimbrueckner.de\/dxradio\/php\/wordpress\/index.php?rest_route=\/wp\/v2\/posts"}],"about":[{"href":"https:\/\/www.achimbrueckner.de\/dxradio\/php\/wordpress\/index.php?rest_route=\/wp\/v2\/types\/post"}],"author":[{"embeddable":true,"href":"https:\/\/www.achimbrueckner.de\/dxradio\/php\/wordpress\/index.php?rest_route=\/wp\/v2\/users\/1"}],"replies":[{"embeddable":true,"href":"https:\/\/www.achimbrueckner.de\/dxradio\/php\/wordpress\/index.php?rest_route=%2Fwp%2Fv2%2Fcomments&post=25162"}],"version-history":[{"count":0,"href":"https:\/\/www.achimbrueckner.de\/dxradio\/php\/wordpress\/index.php?rest_route=\/wp\/v2\/posts\/25162\/revisions"}],"wp:attachment":[{"href":"https:\/\/www.achimbrueckner.de\/dxradio\/php\/wordpress\/index.php?rest_route=%2Fwp%2Fv2%2Fmedia&parent=25162"}],"wp:term":[{"taxonomy":"category","embeddable":true,"href":"https:\/\/www.achimbrueckner.de\/dxradio\/php\/wordpress\/index.php?rest_route=%2Fwp%2Fv2%2Fcategories&post=25162"},{"taxonomy":"post_tag","embeddable":true,"href":"https:\/\/www.achimbrueckner.de\/dxradio\/php\/wordpress\/index.php?rest_route=%2Fwp%2Fv2%2Ftags&post=25162"}],"curies":[{"name":"wp","href":"https:\/\/api.w.org\/{rel}","templated":true}]}}