{"id":25317,"date":"2019-10-15T17:13:22","date_gmt":"2019-10-15T17:13:22","guid":{"rendered":"https:\/\/www.achimbrueckner.de\/dxradio\/php\/wordpress\/?p=25317"},"modified":"2019-10-15T17:13:22","modified_gmt":"2019-10-15T17:13:22","slug":"revolution-im-audiomarkt-horen-im-trend-spannende-radiopanels-der-blm-bei-mtm19","status":"publish","type":"post","link":"https:\/\/www.achimbrueckner.de\/dxradio\/php\/wordpress\/?p=25317","title":{"rendered":"Revolution im Audiomarkt: H\u00f6ren im Trend Spannende Radiopanels der BLM bei #mtm19"},"content":{"rendered":"<p><a href=\"https:\/\/www.presseportal.de\/pm\/62483\/4401840\" rel=\"noopener noreferrer\" target=\"_blank\">https:\/\/www.presseportal.de\/pm\/62483\/4401840<\/a><\/p>\n","protected":false},"excerpt":{"rendered":"<p>https:\/\/www.presseportal.de\/pm\/62483\/4401840<\/p>\n","protected":false},"author":1,"featured_media":0,"comment_status":"closed","ping_status":"open","sticky":false,"template":"","format":"standard","meta":{"_jetpack_memberships_contains_paid_content":false,"footnotes":"","jetpack_publicize_message":"","jetpack_publicize_feature_enabled":true,"jetpack_social_post_already_shared":true,"jetpack_social_options":{"image_generator_settings":{"template":"highway","default_image_id":0,"font":"","enabled":false},"version":2}},"categories":[47,1],"tags":[19],"class_list":["post-25317","post","type-post","status-publish","format-standard","hentry","category-audio","category-deutsch","tag-audio"],"jetpack_publicize_connections":[],"jetpack_featured_media_url":"","jetpack_sharing_enabled":true,"jetpack_shortlink":"https:\/\/wp.me\/p5CDmr-6Al","jetpack-related-posts":[{"id":29355,"url":"https:\/\/www.achimbrueckner.de\/dxradio\/php\/wordpress\/?p=29355","url_meta":{"origin":25317,"position":0},"title":"Mehr H\u00f6rdauer und Marktanteil &#8211; Lokalradio behauptet sich im Audio-Wettbewerb Aktuelle Ergebnisse der Funkanalyse Bayern 2020 H\u00f6rfunk","author":"Administrator","date":"July 7, 2020","format":false,"excerpt":"https:\/\/www.presseportal.de\/pm\/62483\/4645458","rel":"","context":"In &quot;audio&quot;","block_context":{"text":"audio","link":"https:\/\/www.achimbrueckner.de\/dxradio\/php\/wordpress\/?cat=47"},"img":{"alt_text":"","src":"","width":0,"height":0},"classes":[]},{"id":22768,"url":"https:\/\/www.achimbrueckner.de\/dxradio\/php\/wordpress\/?p=22768","url_meta":{"origin":25317,"position":1},"title":"BLM-Pr\u00e4sident Siegfried Schneider und Medienminister Dr. Florian Herrmann starten DAB+-Regelbetrieb im Allg\u00e4u Die Region Voralpenland folgt im Sommer","author":"Administrator","date":"April 17, 2019","format":false,"excerpt":"https:\/\/www.presseportal.de\/pm\/62483\/4247113","rel":"","context":"In &quot;Deutsch&quot;","block_context":{"text":"Deutsch","link":"https:\/\/www.achimbrueckner.de\/dxradio\/php\/wordpress\/?cat=1"},"img":{"alt_text":"","src":"","width":0,"height":0},"classes":[]},{"id":23591,"url":"https:\/\/www.achimbrueckner.de\/dxradio\/php\/wordpress\/?p=23591","url_meta":{"origin":25317,"position":2},"title":"Ergebnisse der Funkanalyse Bayern 2019: Radio hat im Alltag der Menschen seinen festen Platz Jeder Dritte besitzt ein DAB+-Radio","author":"Administrator","date":"July 2, 2019","format":false,"excerpt":"https:\/\/www.presseportal.de\/pm\/62483\/4312775","rel":"","context":"In &quot;Deutsch&quot;","block_context":{"text":"Deutsch","link":"https:\/\/www.achimbrueckner.de\/dxradio\/php\/wordpress\/?cat=1"},"img":{"alt_text":"","src":"","width":0,"height":0},"classes":[]},{"id":28564,"url":"https:\/\/www.achimbrueckner.de\/dxradio\/php\/wordpress\/?p=28564","url_meta":{"origin":25317,"position":3},"title":"Autokinos in Bayern nun m\u00f6glich: BLM unterst\u00fctzt schnelles und einfaches Verfahren \u00dcbertragung des Filmtons ins Autoradio ist medienrechtlich nur anzeigenpflichtig (PM 17 20)","author":"Administrator","date":"May 9, 2020","format":false,"excerpt":"https:\/\/www.presseportal.de\/pm\/62483\/4592553","rel":"","context":"In &quot;Deutsch&quot;","block_context":{"text":"Deutsch","link":"https:\/\/www.achimbrueckner.de\/dxradio\/php\/wordpress\/?cat=1"},"img":{"alt_text":"","src":"","width":0,"height":0},"classes":[]},{"id":30087,"url":"https:\/\/www.achimbrueckner.de\/dxradio\/php\/wordpress\/?p=30087","url_meta":{"origin":25317,"position":4},"title":"Radio egoFM gewinnt Deutschen Radiopreis f\u00fcr &#8220;Chelsea Hotel&#8221; als beste Sendung BLM-Pr\u00e4sident Schneider: &#8220;egoFM punktet bayernweit mit Musik abseits des Mainstreams&#8221;","author":"Administrator","date":"September 15, 2020","format":false,"excerpt":"https:\/\/www.presseportal.de\/pm\/62483\/4704251","rel":"","context":"In &quot;Deutsch&quot;","block_context":{"text":"Deutsch","link":"https:\/\/www.achimbrueckner.de\/dxradio\/php\/wordpress\/?cat=1"},"img":{"alt_text":"","src":"","width":0,"height":0},"classes":[]},{"id":29957,"url":"https:\/\/www.achimbrueckner.de\/dxradio\/php\/wordpress\/?p=29957","url_meta":{"origin":25317,"position":5},"title":"Radio h\u00f6ren \u00fcber Smart Speaker im Trend &#8211; aber ist auch das Lokalradio gut zu finden? \/ BLM &#8230;","author":"Administrator","date":"September 7, 2020","format":false,"excerpt":"https:\/\/www.finanznachrichten.de\/nachrichten-2020-09\/50636733-radio-hoeren-ueber-smart-speaker-im-trend-aber-ist-auch-das-lokalradio-gut-zu-finden-blm-praesident-schneider-bald-mehr-lokale-vielfalt-nach-verhan-007.htm","rel":"","context":"In &quot;Deutsch&quot;","block_context":{"text":"Deutsch","link":"https:\/\/www.achimbrueckner.de\/dxradio\/php\/wordpress\/?cat=1"},"img":{"alt_text":"","src":"","width":0,"height":0},"classes":[]}],"_links":{"self":[{"href":"https:\/\/www.achimbrueckner.de\/dxradio\/php\/wordpress\/index.php?rest_route=\/wp\/v2\/posts\/25317","targetHints":{"allow":["GET"]}}],"collection":[{"href":"https:\/\/www.achimbrueckner.de\/dxradio\/php\/wordpress\/index.php?rest_route=\/wp\/v2\/posts"}],"about":[{"href":"https:\/\/www.achimbrueckner.de\/dxradio\/php\/wordpress\/index.php?rest_route=\/wp\/v2\/types\/post"}],"author":[{"embeddable":true,"href":"https:\/\/www.achimbrueckner.de\/dxradio\/php\/wordpress\/index.php?rest_route=\/wp\/v2\/users\/1"}],"replies":[{"embeddable":true,"href":"https:\/\/www.achimbrueckner.de\/dxradio\/php\/wordpress\/index.php?rest_route=%2Fwp%2Fv2%2Fcomments&post=25317"}],"version-history":[{"count":0,"href":"https:\/\/www.achimbrueckner.de\/dxradio\/php\/wordpress\/index.php?rest_route=\/wp\/v2\/posts\/25317\/revisions"}],"wp:attachment":[{"href":"https:\/\/www.achimbrueckner.de\/dxradio\/php\/wordpress\/index.php?rest_route=%2Fwp%2Fv2%2Fmedia&parent=25317"}],"wp:term":[{"taxonomy":"category","embeddable":true,"href":"https:\/\/www.achimbrueckner.de\/dxradio\/php\/wordpress\/index.php?rest_route=%2Fwp%2Fv2%2Fcategories&post=25317"},{"taxonomy":"post_tag","embeddable":true,"href":"https:\/\/www.achimbrueckner.de\/dxradio\/php\/wordpress\/index.php?rest_route=%2Fwp%2Fv2%2Ftags&post=25317"}],"curies":[{"name":"wp","href":"https:\/\/api.w.org\/{rel}","templated":true}]}}