{"id":25322,"date":"2019-10-15T17:24:46","date_gmt":"2019-10-15T17:24:46","guid":{"rendered":"https:\/\/www.achimbrueckner.de\/dxradio\/php\/wordpress\/?p=25322"},"modified":"2019-10-15T17:24:46","modified_gmt":"2019-10-15T17:24:46","slug":"was-sagen-hoerer-ueber-den-dudelfunk","status":"publish","type":"post","link":"https:\/\/www.achimbrueckner.de\/dxradio\/php\/wordpress\/?p=25322","title":{"rendered":"Was Sagen Hoerer Ueber Den Dudelfunk"},"content":{"rendered":"<p><a href=\"https:\/\/soundcloud.com\/lothar-latte\/was-sagen-hoerer-ueber-den-dudelfunk\" rel=\"noopener noreferrer\" target=\"_blank\">https:\/\/soundcloud.com\/lothar-latte\/was-sagen-hoerer-ueber-den-dudelfunk<\/a><\/p>\n","protected":false},"excerpt":{"rendered":"<p>https:\/\/soundcloud.com\/lothar-latte\/was-sagen-hoerer-ueber-den-dudelfunk<\/p>\n","protected":false},"author":1,"featured_media":0,"comment_status":"closed","ping_status":"open","sticky":false,"template":"","format":"standard","meta":{"_jetpack_memberships_contains_paid_content":false,"footnotes":"","jetpack_publicize_message":"","jetpack_publicize_feature_enabled":true,"jetpack_social_post_already_shared":true,"jetpack_social_options":{"image_generator_settings":{"template":"highway","default_image_id":0,"font":"","enabled":false},"version":2}},"categories":[1],"tags":[],"class_list":["post-25322","post","type-post","status-publish","format-standard","hentry","category-deutsch"],"jetpack_publicize_connections":[],"jetpack_featured_media_url":"","jetpack_sharing_enabled":true,"jetpack_shortlink":"https:\/\/wp.me\/p5CDmr-6Aq","jetpack-related-posts":[{"id":786,"url":"https:\/\/www.achimbrueckner.de\/dxradio\/php\/wordpress\/?p=786","url_meta":{"origin":25322,"position":0},"title":"Deutschland entdeckt den Dudelfunk","author":"Administrator","date":"December 22, 2009","format":false,"excerpt":"Deutschland entdeckt den Dudelfunk http:\/\/einestages.spiegel.de\/external\/ShowTopicAlbumBackground\/a5712\/l1\/l0\/F.html#featuredEntry Info via A-DX","rel":"","context":"In &quot;Deutsch&quot;","block_context":{"text":"Deutsch","link":"https:\/\/www.achimbrueckner.de\/dxradio\/php\/wordpress\/?cat=1"},"img":{"alt_text":"","src":"","width":0,"height":0},"classes":[]},{"id":29506,"url":"https:\/\/www.achimbrueckner.de\/dxradio\/php\/wordpress\/?p=29506","url_meta":{"origin":25322,"position":1},"title":"\u201e99 Prozent aller Nutzer h\u00f6ren Radio nebenbei\u201c","author":"Administrator","date":"July 21, 2020","format":false,"excerpt":"https:\/\/www.faz.net\/aktuell\/rhein-main\/frankfurt\/hr-hoerfunkdirektor-sommer-ueber-nebenbei-hoerer-und-perfekte-wellen-16865853.html","rel":"","context":"In &quot;Deutsch&quot;","block_context":{"text":"Deutsch","link":"https:\/\/www.achimbrueckner.de\/dxradio\/php\/wordpress\/?cat=1"},"img":{"alt_text":"","src":"","width":0,"height":0},"classes":[]},{"id":31304,"url":"https:\/\/www.achimbrueckner.de\/dxradio\/php\/wordpress\/?p=31304","url_meta":{"origin":25322,"position":2},"title":"Erstes Rundfunkkonzert Deutschland entdeckt den Dudelfunk","author":"Administrator","date":"December 22, 2020","format":false,"excerpt":"https:\/\/www.spiegel.de\/geschichte\/erstes-rundfunkkonzert-a-948664.html","rel":"","context":"In &quot;Deutsch&quot;","block_context":{"text":"Deutsch","link":"https:\/\/www.achimbrueckner.de\/dxradio\/php\/wordpress\/?cat=1"},"img":{"alt_text":"","src":"","width":0,"height":0},"classes":[]},{"id":29821,"url":"https:\/\/www.achimbrueckner.de\/dxradio\/php\/wordpress\/?p=29821","url_meta":{"origin":25322,"position":3},"title":"Radio BOB!-H\u00f6rer geben \u00fcber 340.000 Euro f\u00fcr Mitarbeiter aus der Veranstaltungsbranche","author":"Administrator","date":"August 26, 2020","format":false,"excerpt":"https:\/\/www.radioszene.de\/146833\/radio-bob-hoerer-geben-ueber-340-000-euro-fuer-mitarbeiter-aus-der-veranstaltungsbranche.html","rel":"","context":"In &quot;Deutsch&quot;","block_context":{"text":"Deutsch","link":"https:\/\/www.achimbrueckner.de\/dxradio\/php\/wordpress\/?cat=1"},"img":{"alt_text":"","src":"","width":0,"height":0},"classes":[]},{"id":11068,"url":"https:\/\/www.achimbrueckner.de\/dxradio\/php\/wordpress\/?p=11068","url_meta":{"origin":25322,"position":4},"title":"Rassistischer Obama-Witz: H\u00f6rer emp\u00f6rt \u00fcber Radio-Moderator","author":"Administrator","date":"November 17, 2016","format":false,"excerpt":"http:\/\/www.abendblatt.de\/vermischtes\/article208737611\/Rassistischer-Obama-Witz-Hoerer-empoert-ueber-Radio-Moderator.html","rel":"","context":"In &quot;Deutsch&quot;","block_context":{"text":"Deutsch","link":"https:\/\/www.achimbrueckner.de\/dxradio\/php\/wordpress\/?cat=1"},"img":{"alt_text":"","src":"","width":0,"height":0},"classes":[]},{"id":23852,"url":"https:\/\/www.achimbrueckner.de\/dxradio\/php\/wordpress\/?p=23852","url_meta":{"origin":25322,"position":5},"title":"Deutschlandradio l\u00e4sst H\u00f6rerinnen und H\u00f6rer \u00fcber Denkfabrik-Thema 2020 abstimmen","author":"Administrator","date":"July 17, 2019","format":false,"excerpt":"http:\/\/www.radiowoche.de\/deutschlandradio-laesst-hoererinnen-und-hoerer-ueber-denkfabrik-thema-2020-abstimmen\/","rel":"","context":"In &quot;Deutsch&quot;","block_context":{"text":"Deutsch","link":"https:\/\/www.achimbrueckner.de\/dxradio\/php\/wordpress\/?cat=1"},"img":{"alt_text":"","src":"","width":0,"height":0},"classes":[]}],"_links":{"self":[{"href":"https:\/\/www.achimbrueckner.de\/dxradio\/php\/wordpress\/index.php?rest_route=\/wp\/v2\/posts\/25322","targetHints":{"allow":["GET"]}}],"collection":[{"href":"https:\/\/www.achimbrueckner.de\/dxradio\/php\/wordpress\/index.php?rest_route=\/wp\/v2\/posts"}],"about":[{"href":"https:\/\/www.achimbrueckner.de\/dxradio\/php\/wordpress\/index.php?rest_route=\/wp\/v2\/types\/post"}],"author":[{"embeddable":true,"href":"https:\/\/www.achimbrueckner.de\/dxradio\/php\/wordpress\/index.php?rest_route=\/wp\/v2\/users\/1"}],"replies":[{"embeddable":true,"href":"https:\/\/www.achimbrueckner.de\/dxradio\/php\/wordpress\/index.php?rest_route=%2Fwp%2Fv2%2Fcomments&post=25322"}],"version-history":[{"count":0,"href":"https:\/\/www.achimbrueckner.de\/dxradio\/php\/wordpress\/index.php?rest_route=\/wp\/v2\/posts\/25322\/revisions"}],"wp:attachment":[{"href":"https:\/\/www.achimbrueckner.de\/dxradio\/php\/wordpress\/index.php?rest_route=%2Fwp%2Fv2%2Fmedia&parent=25322"}],"wp:term":[{"taxonomy":"category","embeddable":true,"href":"https:\/\/www.achimbrueckner.de\/dxradio\/php\/wordpress\/index.php?rest_route=%2Fwp%2Fv2%2Fcategories&post=25322"},{"taxonomy":"post_tag","embeddable":true,"href":"https:\/\/www.achimbrueckner.de\/dxradio\/php\/wordpress\/index.php?rest_route=%2Fwp%2Fv2%2Ftags&post=25322"}],"curies":[{"name":"wp","href":"https:\/\/api.w.org\/{rel}","templated":true}]}}