{"id":25505,"date":"2019-10-25T14:36:12","date_gmt":"2019-10-25T14:36:12","guid":{"rendered":"https:\/\/www.achimbrueckner.de\/dxradio\/php\/wordpress\/?p=25505"},"modified":"2019-10-25T14:36:12","modified_gmt":"2019-10-25T14:36:12","slug":"70-jahre-faz-wo-die-herausgeber-regieren-wie-kurfursten","status":"publish","type":"post","link":"https:\/\/www.achimbrueckner.de\/dxradio\/php\/wordpress\/?p=25505","title":{"rendered":"70 Jahre FAZ: Wo die Herausgeber regieren wie \u00abKurf\u00fcrsten\u00bb"},"content":{"rendered":"<p><a href=\"https:\/\/medienwoche.ch\/2019\/10\/24\/70-jahre-faz-wo-die-herausgeber-regieren-wie-fuersten\/\" rel=\"noopener noreferrer\" target=\"_blank\">https:\/\/medienwoche.ch\/2019\/10\/24\/70-jahre-faz-wo-die-herausgeber-regieren-wie-fuersten\/<\/a><\/p>\n","protected":false},"excerpt":{"rendered":"<p>https:\/\/medienwoche.ch\/2019\/10\/24\/70-jahre-faz-wo-die-herausgeber-regieren-wie-fuersten\/<\/p>\n","protected":false},"author":1,"featured_media":0,"comment_status":"closed","ping_status":"open","sticky":false,"template":"","format":"standard","meta":{"_jetpack_memberships_contains_paid_content":false,"footnotes":"","jetpack_publicize_message":"","jetpack_publicize_feature_enabled":true,"jetpack_social_post_already_shared":true,"jetpack_social_options":{"image_generator_settings":{"template":"highway","default_image_id":0,"font":"","enabled":false},"version":2}},"categories":[1,15],"tags":[45],"class_list":["post-25505","post","type-post","status-publish","format-standard","hentry","category-deutsch","category-medien","tag-medien"],"jetpack_publicize_connections":[],"jetpack_featured_media_url":"","jetpack_sharing_enabled":true,"jetpack_shortlink":"https:\/\/wp.me\/p5CDmr-6Dn","jetpack-related-posts":[{"id":38405,"url":"https:\/\/www.achimbrueckner.de\/dxradio\/php\/wordpress\/?p=38405","url_meta":{"origin":25505,"position":0},"title":"Funkamateur nur Abo von 2023 an","author":"Administrator","date":"December 30, 2022","format":false,"excerpt":"Das aktuelle Heft des Funkamateur ist die letzte Ausgabe im Zeitschriftenhandel. Im Editorial schreibt der Herausgeber \u00fcber Hintergr\u00fcnde und zuk\u00fcnftige Bezugsm\u00f6glichkeiten. Das \"Flex-Abo\" (jederzeit K\u00fcndbar und nicht wie viele andere Abos nur j\u00e4hrlich) ist sicher eine gute Wahl. https:\/\/www.funkamateur.de\/editorial.html Info via Facebook","rel":"","context":"In &quot;Deutsch&quot;","block_context":{"text":"Deutsch","link":"https:\/\/www.achimbrueckner.de\/dxradio\/php\/wordpress\/?cat=1"},"img":{"alt_text":"","src":"","width":0,"height":0},"classes":[]},{"id":38502,"url":"https:\/\/www.achimbrueckner.de\/dxradio\/php\/wordpress\/?p=38502","url_meta":{"origin":25505,"position":1},"title":"Satire \u201eWelt\u201c-Herausgeber Aust erwirkt einstweilige Verf\u00fcgung gegen Satire-Plakat in B\u00f6hmermann-Sendung","author":"Administrator","date":"January 6, 2023","format":false,"excerpt":"https:\/\/www.deutschlandfunk.de\/welt-herausgeber-aust-erwirkt-einstweilige-verfuegung-gegen-satire-plakat-in-boehmermann-sendung-100.html","rel":"","context":"In &quot;Deutsch&quot;","block_context":{"text":"Deutsch","link":"https:\/\/www.achimbrueckner.de\/dxradio\/php\/wordpress\/?cat=1"},"img":{"alt_text":"","src":"","width":0,"height":0},"classes":[]},{"id":4878,"url":"https:\/\/www.achimbrueckner.de\/dxradio\/php\/wordpress\/?p=4878","url_meta":{"origin":25505,"position":2},"title":"Onlinechef der FAZ: Facebook wird zu einer Gefahr f\u00fcr die Medien","author":"Administrator","date":"June 11, 2015","format":false,"excerpt":"http:\/\/www.heise.de\/newsticker\/meldung\/Onlinechef-der-FAZ-Facebook-wird-zu-einer-Gefahr-fuer-die-Medien-2688457.html","rel":"","context":"In &quot;Deutsch&quot;","block_context":{"text":"Deutsch","link":"https:\/\/www.achimbrueckner.de\/dxradio\/php\/wordpress\/?cat=1"},"img":{"alt_text":"","src":"","width":0,"height":0},"classes":[]},{"id":30564,"url":"https:\/\/www.achimbrueckner.de\/dxradio\/php\/wordpress\/?p=30564","url_meta":{"origin":25505,"position":3},"title":"\u201eDein Start in die Medien\u201c \u2013 mit FAZ, Hessischem Rundfunk und H\u00f6rfunkschule Frankfurt","author":"Administrator","date":"October 24, 2020","format":false,"excerpt":"https:\/\/www.frankfurt-live.com\/-bdquodein-start-in-die-medien-ldquo--ndash-mit-faz-hessischem-rundfunk-und-h-oumlrfunkschule-frankfurt-126191.html","rel":"","context":"In &quot;Deutsch&quot;","block_context":{"text":"Deutsch","link":"https:\/\/www.achimbrueckner.de\/dxradio\/php\/wordpress\/?cat=1"},"img":{"alt_text":"","src":"","width":0,"height":0},"classes":[]},{"id":40225,"url":"https:\/\/www.achimbrueckner.de\/dxradio\/php\/wordpress\/?p=40225","url_meta":{"origin":25505,"position":4},"title":"WRTH 2024 vorbestellbar","author":"Administrator","date":"September 27, 2023","format":false,"excerpt":"ab sofort kann die gedruckte Ausgabe des 2024er WRTH bestellt werden. In Deutschland ist der Versand im Verkaufspreis von 49,95 \u20ac enthalten. https:\/\/shop.radiodatacenter.net\/product\/wrth-2024-book-preorder\/ Auf der Mitgliederversammlung des UKW \/ TV Arbeitskreises baten G\u00fcnter Lorenz und Oliver Schmidt als Herausgeber dringend darum, vorzubestellen. Anders lie\u00dfe sich die vergleichsweise geringe Auflage nicht\u2026","rel":"","context":"In &quot;Deutsch&quot;","block_context":{"text":"Deutsch","link":"https:\/\/www.achimbrueckner.de\/dxradio\/php\/wordpress\/?cat=1"},"img":{"alt_text":"","src":"","width":0,"height":0},"classes":[]},{"id":5458,"url":"https:\/\/www.achimbrueckner.de\/dxradio\/php\/wordpress\/?p=5458","url_meta":{"origin":25505,"position":5},"title":"IFA Radiotreffen 5 September 2015","author":"Administrator","date":"August 6, 2015","format":false,"excerpt":"Das traditionelle Radiotreffen zur Internationalen Funkausstellung in Berlin (IFA) findet in diesem Jahr am Samstag, den 5. September 2015 statt. Es richtet sich an DX-er, Funkamateure, SWLs oder allgemein radiointeressierte Hobbyfreunde. Wie schon in fr\u00fcheren Jahren nutzen wir dazu die R\u00e4ume des Preu\u00dfischen Landwirtshauses gleich in der N\u00e4he des Messegel\u00e4ndes\u2026","rel":"","context":"In &quot;camps&quot;","block_context":{"text":"camps","link":"https:\/\/www.achimbrueckner.de\/dxradio\/php\/wordpress\/?cat=5"},"img":{"alt_text":"","src":"","width":0,"height":0},"classes":[]}],"_links":{"self":[{"href":"https:\/\/www.achimbrueckner.de\/dxradio\/php\/wordpress\/index.php?rest_route=\/wp\/v2\/posts\/25505","targetHints":{"allow":["GET"]}}],"collection":[{"href":"https:\/\/www.achimbrueckner.de\/dxradio\/php\/wordpress\/index.php?rest_route=\/wp\/v2\/posts"}],"about":[{"href":"https:\/\/www.achimbrueckner.de\/dxradio\/php\/wordpress\/index.php?rest_route=\/wp\/v2\/types\/post"}],"author":[{"embeddable":true,"href":"https:\/\/www.achimbrueckner.de\/dxradio\/php\/wordpress\/index.php?rest_route=\/wp\/v2\/users\/1"}],"replies":[{"embeddable":true,"href":"https:\/\/www.achimbrueckner.de\/dxradio\/php\/wordpress\/index.php?rest_route=%2Fwp%2Fv2%2Fcomments&post=25505"}],"version-history":[{"count":0,"href":"https:\/\/www.achimbrueckner.de\/dxradio\/php\/wordpress\/index.php?rest_route=\/wp\/v2\/posts\/25505\/revisions"}],"wp:attachment":[{"href":"https:\/\/www.achimbrueckner.de\/dxradio\/php\/wordpress\/index.php?rest_route=%2Fwp%2Fv2%2Fmedia&parent=25505"}],"wp:term":[{"taxonomy":"category","embeddable":true,"href":"https:\/\/www.achimbrueckner.de\/dxradio\/php\/wordpress\/index.php?rest_route=%2Fwp%2Fv2%2Fcategories&post=25505"},{"taxonomy":"post_tag","embeddable":true,"href":"https:\/\/www.achimbrueckner.de\/dxradio\/php\/wordpress\/index.php?rest_route=%2Fwp%2Fv2%2Ftags&post=25505"}],"curies":[{"name":"wp","href":"https:\/\/api.w.org\/{rel}","templated":true}]}}