{"id":25509,"date":"2019-10-25T21:06:53","date_gmt":"2019-10-25T21:06:53","guid":{"rendered":"https:\/\/www.achimbrueckner.de\/dxradio\/php\/wordpress\/?p=25509"},"modified":"2019-10-25T21:06:53","modified_gmt":"2019-10-25T21:06:53","slug":"politik-und-gute-sitten-wenn-der-schauplatz-zum-kampfplatz-wird","status":"publish","type":"post","link":"https:\/\/www.achimbrueckner.de\/dxradio\/php\/wordpress\/?p=25509","title":{"rendered":"Politik und gute Sitten Wenn der Schauplatz zum Kampfplatz wird"},"content":{"rendered":"<p><a href=\"https:\/\/www.tagesspiegel.de\/politik\/politik-und-gute-sitten-wenn-der-schauplatz-zum-kampfplatz-wird\/25156984.html\" rel=\"noopener noreferrer\" target=\"_blank\">https:\/\/www.tagesspiegel.de\/politik\/politik-und-gute-sitten-wenn-der-schauplatz-zum-kampfplatz-wird\/25156984.html<\/a><\/p>\n","protected":false},"excerpt":{"rendered":"<p>https:\/\/www.tagesspiegel.de\/politik\/politik-und-gute-sitten-wenn-der-schauplatz-zum-kampfplatz-wird\/25156984.html<\/p>\n","protected":false},"author":1,"featured_media":0,"comment_status":"closed","ping_status":"open","sticky":false,"template":"","format":"standard","meta":{"_jetpack_memberships_contains_paid_content":false,"footnotes":"","jetpack_publicize_message":"","jetpack_publicize_feature_enabled":true,"jetpack_social_post_already_shared":true,"jetpack_social_options":{"image_generator_settings":{"template":"highway","default_image_id":0,"font":"","enabled":false},"version":2}},"categories":[1],"tags":[24],"class_list":["post-25509","post","type-post","status-publish","format-standard","hentry","category-deutsch","tag-am"],"jetpack_publicize_connections":[],"jetpack_featured_media_url":"","jetpack_sharing_enabled":true,"jetpack_shortlink":"https:\/\/wp.me\/p5CDmr-6Dr","jetpack-related-posts":[{"id":18899,"url":"https:\/\/www.achimbrueckner.de\/dxradio\/php\/wordpress\/?p=18899","url_meta":{"origin":25509,"position":0},"title":"EINMARSCH 1968: WIE DER RUNDFUNK WEITERSENDETE","author":"Administrator","date":"August 23, 2018","format":false,"excerpt":"https:\/\/www.radio.cz\/de\/rubrik\/schauplatz\/einmarsch-1968-wie-der-rundfunk-weitersendete","rel":"","context":"In &quot;Deutsch&quot;","block_context":{"text":"Deutsch","link":"https:\/\/www.achimbrueckner.de\/dxradio\/php\/wordpress\/?cat=1"},"img":{"alt_text":"","src":"","width":0,"height":0},"classes":[]},{"id":10628,"url":"https:\/\/www.achimbrueckner.de\/dxradio\/php\/wordpress\/?p=10628","url_meta":{"origin":25509,"position":1},"title":"Nur Vorurteile und Stereotype? Minderheiten und Medien in Tschechien","author":"Administrator","date":"October 7, 2016","format":false,"excerpt":"http:\/\/www.radio.cz\/de\/rubrik\/schauplatz\/nur-vorurteile-und-stereotype-minderheiten-und-medien-in-tschechien","rel":"","context":"In &quot;Deutsch&quot;","block_context":{"text":"Deutsch","link":"https:\/\/www.achimbrueckner.de\/dxradio\/php\/wordpress\/?cat=1"},"img":{"alt_text":"","src":"","width":0,"height":0},"classes":[]},{"id":11886,"url":"https:\/\/www.achimbrueckner.de\/dxradio\/php\/wordpress\/?p=11886","url_meta":{"origin":25509,"position":2},"title":"\u201eF\u00fcr mediale Lesekompetenz und kritisches Denken\u201c \u2013 Studenteninitiative \u201eZvolsi.Info\u201c","author":"Administrator","date":"January 26, 2017","format":false,"excerpt":"http:\/\/www.radio.cz\/de\/rubrik\/schauplatz\/fuer-mediale-lesekompetenz-und-kritisches-denken-studenteninitiative-zvolsiinfo","rel":"","context":"In &quot;Deutsch&quot;","block_context":{"text":"Deutsch","link":"https:\/\/www.achimbrueckner.de\/dxradio\/php\/wordpress\/?cat=1"},"img":{"alt_text":"","src":"","width":0,"height":0},"classes":[]},{"id":38482,"url":"https:\/\/www.achimbrueckner.de\/dxradio\/php\/wordpress\/?p=38482","url_meta":{"origin":25509,"position":3},"title":"Radio Andorra 8. Januar 2023","author":"Administrator","date":"January 4, 2023","format":false,"excerpt":"Gute Neuigkeiten. Unser Archiv \"Carte Blanche \u00e0 Georges Chelon\" kann in Kurzwelle ausgestrahlt werden. Auch wenn der Spendenaufruf immer noch nicht die Fortsetzung dieser \u00dcbertragungen sicherstellt, gelang es unserem Freund Christian Milling, die n\u00e4chste geplante Sendung f\u00fcr SONNTAG, 8. JANUAR 2023 (und nicht wie gewohnt Samstag) von 18 zu sichern\u2026","rel":"","context":"In &quot;Deutsch&quot;","block_context":{"text":"Deutsch","link":"https:\/\/www.achimbrueckner.de\/dxradio\/php\/wordpress\/?cat=1"},"img":{"alt_text":"","src":"","width":0,"height":0},"classes":[]},{"id":1800,"url":"https:\/\/www.achimbrueckner.de\/dxradio\/php\/wordpress\/?p=1800","url_meta":{"origin":25509,"position":4},"title":"RMRC Herbst DX-Camp in Langenselbold 3.-9.10.2011","author":"Administrator","date":"September 19, 2011","format":false,"excerpt":"Der Rhein-Main-Radio-Club l\u00e4d ein zum **Herbst DX-Camp in Langenselbold 3.-9.10.2011** Die ersten Tage und N\u00e4chte Mo-Mi. wie immer zum intensiveren H\u00f6ren bei Kaffee, Bier oder Rotwein. Wir werden auf dem DX-Camp die neueste mpf\u00e4ngerentwicklung der Fa. Reuter zum testen und ausprobieren haben und aller Voraussicht nach wird uns Fr. oder\u2026","rel":"","context":"In &quot;camps&quot;","block_context":{"text":"camps","link":"https:\/\/www.achimbrueckner.de\/dxradio\/php\/wordpress\/?cat=5"},"img":{"alt_text":"","src":"","width":0,"height":0},"classes":[]},{"id":26244,"url":"https:\/\/www.achimbrueckner.de\/dxradio\/php\/wordpress\/?p=26244","url_meta":{"origin":25509,"position":5},"title":"Polarisierung der Politik und der Medien","author":"Administrator","date":"December 19, 2019","format":false,"excerpt":"https:\/\/www.heise.de\/tp\/features\/Polarisierung-der-Politik-und-der-Medien-4616815.html","rel":"","context":"In &quot;Deutsch&quot;","block_context":{"text":"Deutsch","link":"https:\/\/www.achimbrueckner.de\/dxradio\/php\/wordpress\/?cat=1"},"img":{"alt_text":"","src":"","width":0,"height":0},"classes":[]}],"_links":{"self":[{"href":"https:\/\/www.achimbrueckner.de\/dxradio\/php\/wordpress\/index.php?rest_route=\/wp\/v2\/posts\/25509","targetHints":{"allow":["GET"]}}],"collection":[{"href":"https:\/\/www.achimbrueckner.de\/dxradio\/php\/wordpress\/index.php?rest_route=\/wp\/v2\/posts"}],"about":[{"href":"https:\/\/www.achimbrueckner.de\/dxradio\/php\/wordpress\/index.php?rest_route=\/wp\/v2\/types\/post"}],"author":[{"embeddable":true,"href":"https:\/\/www.achimbrueckner.de\/dxradio\/php\/wordpress\/index.php?rest_route=\/wp\/v2\/users\/1"}],"replies":[{"embeddable":true,"href":"https:\/\/www.achimbrueckner.de\/dxradio\/php\/wordpress\/index.php?rest_route=%2Fwp%2Fv2%2Fcomments&post=25509"}],"version-history":[{"count":0,"href":"https:\/\/www.achimbrueckner.de\/dxradio\/php\/wordpress\/index.php?rest_route=\/wp\/v2\/posts\/25509\/revisions"}],"wp:attachment":[{"href":"https:\/\/www.achimbrueckner.de\/dxradio\/php\/wordpress\/index.php?rest_route=%2Fwp%2Fv2%2Fmedia&parent=25509"}],"wp:term":[{"taxonomy":"category","embeddable":true,"href":"https:\/\/www.achimbrueckner.de\/dxradio\/php\/wordpress\/index.php?rest_route=%2Fwp%2Fv2%2Fcategories&post=25509"},{"taxonomy":"post_tag","embeddable":true,"href":"https:\/\/www.achimbrueckner.de\/dxradio\/php\/wordpress\/index.php?rest_route=%2Fwp%2Fv2%2Ftags&post=25509"}],"curies":[{"name":"wp","href":"https:\/\/api.w.org\/{rel}","templated":true}]}}