{"id":25516,"date":"2019-10-26T09:40:44","date_gmt":"2019-10-26T09:40:44","guid":{"rendered":"https:\/\/www.achimbrueckner.de\/dxradio\/php\/wordpress\/?p=25516"},"modified":"2019-10-26T09:40:44","modified_gmt":"2019-10-26T09:40:44","slug":"facebook-bezahlt-medienhauser-fur-nachrichteninhalte","status":"publish","type":"post","link":"https:\/\/www.achimbrueckner.de\/dxradio\/php\/wordpress\/?p=25516","title":{"rendered":"Facebook bezahlt Medienh\u00e4user f\u00fcr Nachrichteninhalte"},"content":{"rendered":"<p><a href=\"https:\/\/www.heise.de\/newsticker\/meldung\/Facebook-bezahlt-Medienhaeuser-fuer-Nachrichteninhalte-4569215.html\" rel=\"noopener noreferrer\" target=\"_blank\">https:\/\/www.heise.de\/newsticker\/meldung\/Facebook-bezahlt-Medienhaeuser-fuer-Nachrichteninhalte-4569215.html<\/a><\/p>\n","protected":false},"excerpt":{"rendered":"<p>https:\/\/www.heise.de\/newsticker\/meldung\/Facebook-bezahlt-Medienhaeuser-fuer-Nachrichteninhalte-4569215.html<\/p>\n","protected":false},"author":1,"featured_media":0,"comment_status":"closed","ping_status":"open","sticky":false,"template":"","format":"standard","meta":{"_jetpack_memberships_contains_paid_content":false,"footnotes":"","jetpack_publicize_message":"","jetpack_publicize_feature_enabled":true,"jetpack_social_post_already_shared":true,"jetpack_social_options":{"image_generator_settings":{"template":"highway","default_image_id":0,"font":"","enabled":false},"version":2}},"categories":[1,15],"tags":[45],"class_list":["post-25516","post","type-post","status-publish","format-standard","hentry","category-deutsch","category-medien","tag-medien"],"jetpack_publicize_connections":[],"jetpack_featured_media_url":"","jetpack_sharing_enabled":true,"jetpack_shortlink":"https:\/\/wp.me\/p5CDmr-6Dy","jetpack-related-posts":[{"id":8476,"url":"https:\/\/www.achimbrueckner.de\/dxradio\/php\/wordpress\/?p=8476","url_meta":{"origin":25516,"position":0},"title":"Milliardengesch\u00e4ft mit der Bundesliga Das Rechtegeschacher bezahlt der Fu\u00dfballfan","author":"Administrator","date":"June 10, 2016","format":false,"excerpt":"http:\/\/www.tagesspiegel.de\/medien\/milliardengeschaeft-mit-der-bundesliga-das-rechtegeschacher-bezahlt-der-fussballfan\/13714440.html","rel":"","context":"In &quot;Deutsch&quot;","block_context":{"text":"Deutsch","link":"https:\/\/www.achimbrueckner.de\/dxradio\/php\/wordpress\/?cat=1"},"img":{"alt_text":"","src":"","width":0,"height":0},"classes":[]},{"id":38935,"url":"https:\/\/www.achimbrueckner.de\/dxradio\/php\/wordpress\/?p=38935","url_meta":{"origin":25516,"position":1},"title":"&#8220;Taz&#8221;-Bericht: Kanzleramt soll Linda Zervakis f\u00fcr Scholz-Interview bezahlt haben","author":"Administrator","date":"February 28, 2023","format":false,"excerpt":"https:\/\/www.meedia.de\/medien\/taz-bericht-kanzleramt-soll-linda-zervakis-fuer-scholz-interview-bezahlt-haben-a62decd895f4c5ee111d5ba0284a9f9f","rel":"","context":"In &quot;Deutsch&quot;","block_context":{"text":"Deutsch","link":"https:\/\/www.achimbrueckner.de\/dxradio\/php\/wordpress\/?cat=1"},"img":{"alt_text":"","src":"","width":0,"height":0},"classes":[]},{"id":37418,"url":"https:\/\/www.achimbrueckner.de\/dxradio\/php\/wordpress\/?p=37418","url_meta":{"origin":25516,"position":2},"title":"RBB bezahlt F\u00fchrungskr\u00e4fte h\u00e4ufig \u00fcber Tarif","author":"Administrator","date":"September 5, 2022","format":false,"excerpt":"https:\/\/meedia.de\/2022\/09\/05\/rbb-bezahlt-fuehrungskraefte-haeufig-ueber-tarif\/","rel":"","context":"In &quot;Deutsch&quot;","block_context":{"text":"Deutsch","link":"https:\/\/www.achimbrueckner.de\/dxradio\/php\/wordpress\/?cat=1"},"img":{"alt_text":"","src":"","width":0,"height":0},"classes":[]},{"id":6195,"url":"https:\/\/www.achimbrueckner.de\/dxradio\/php\/wordpress\/?p=6195","url_meta":{"origin":25516,"position":3},"title":"Rundfunkgeb\u00fchr nicht bezahlt? Platter Reifen droht","author":"Administrator","date":"October 11, 2015","format":false,"excerpt":"http:\/\/www.welt.de\/vermischtes\/article147458993\/Rundfunkgebuehr-nicht-bezahlt-Platter-Reifen-droht.html#disqus_thread","rel":"","context":"In &quot;Deutsch&quot;","block_context":{"text":"Deutsch","link":"https:\/\/www.achimbrueckner.de\/dxradio\/php\/wordpress\/?cat=1"},"img":{"alt_text":"","src":"","width":0,"height":0},"classes":[]},{"id":12445,"url":"https:\/\/www.achimbrueckner.de\/dxradio\/php\/wordpress\/?p=12445","url_meta":{"origin":25516,"position":4},"title":"Viktor Worms: \u201eWenn alle Rechnungen bezahlt sind\u201c","author":"Administrator","date":"March 10, 2017","format":false,"excerpt":"http:\/\/www.radioszene.de\/102282\/viktor-worms-wenn-alle-rechnungen-bezahlt-sind.html","rel":"","context":"In &quot;Deutsch&quot;","block_context":{"text":"Deutsch","link":"https:\/\/www.achimbrueckner.de\/dxradio\/php\/wordpress\/?cat=1"},"img":{"alt_text":"","src":"","width":0,"height":0},"classes":[]},{"id":16485,"url":"https:\/\/www.achimbrueckner.de\/dxradio\/php\/wordpress\/?p=16485","url_meta":{"origin":25516,"position":5},"title":"Rundfunkbeitrag darf nicht bar bezahlt werden","author":"Administrator","date":"February 14, 2018","format":false,"excerpt":"https:\/\/www.dwdl.de\/nachrichten\/65571\/urteil_rundfunkbeitrag_darf_nicht_bar_bezahlt_werden\/","rel":"","context":"In &quot;Deutsch&quot;","block_context":{"text":"Deutsch","link":"https:\/\/www.achimbrueckner.de\/dxradio\/php\/wordpress\/?cat=1"},"img":{"alt_text":"","src":"","width":0,"height":0},"classes":[]}],"_links":{"self":[{"href":"https:\/\/www.achimbrueckner.de\/dxradio\/php\/wordpress\/index.php?rest_route=\/wp\/v2\/posts\/25516","targetHints":{"allow":["GET"]}}],"collection":[{"href":"https:\/\/www.achimbrueckner.de\/dxradio\/php\/wordpress\/index.php?rest_route=\/wp\/v2\/posts"}],"about":[{"href":"https:\/\/www.achimbrueckner.de\/dxradio\/php\/wordpress\/index.php?rest_route=\/wp\/v2\/types\/post"}],"author":[{"embeddable":true,"href":"https:\/\/www.achimbrueckner.de\/dxradio\/php\/wordpress\/index.php?rest_route=\/wp\/v2\/users\/1"}],"replies":[{"embeddable":true,"href":"https:\/\/www.achimbrueckner.de\/dxradio\/php\/wordpress\/index.php?rest_route=%2Fwp%2Fv2%2Fcomments&post=25516"}],"version-history":[{"count":0,"href":"https:\/\/www.achimbrueckner.de\/dxradio\/php\/wordpress\/index.php?rest_route=\/wp\/v2\/posts\/25516\/revisions"}],"wp:attachment":[{"href":"https:\/\/www.achimbrueckner.de\/dxradio\/php\/wordpress\/index.php?rest_route=%2Fwp%2Fv2%2Fmedia&parent=25516"}],"wp:term":[{"taxonomy":"category","embeddable":true,"href":"https:\/\/www.achimbrueckner.de\/dxradio\/php\/wordpress\/index.php?rest_route=%2Fwp%2Fv2%2Fcategories&post=25516"},{"taxonomy":"post_tag","embeddable":true,"href":"https:\/\/www.achimbrueckner.de\/dxradio\/php\/wordpress\/index.php?rest_route=%2Fwp%2Fv2%2Ftags&post=25516"}],"curies":[{"name":"wp","href":"https:\/\/api.w.org\/{rel}","templated":true}]}}