{"id":25524,"date":"2019-10-27T17:33:42","date_gmt":"2019-10-27T17:33:42","guid":{"rendered":"https:\/\/www.achimbrueckner.de\/dxradio\/php\/wordpress\/?p=25524"},"modified":"2019-10-27T17:33:42","modified_gmt":"2019-10-27T17:33:42","slug":"free-fm-interview-mit-fm-kompakt-231019","status":"publish","type":"post","link":"https:\/\/www.achimbrueckner.de\/dxradio\/php\/wordpress\/?p=25524","title":{"rendered":"Free FM Interview mit FM Kompakt 231019"},"content":{"rendered":"<p><a href=\"https:\/\/soundcloud.com\/fmkompakt-1\/free-fm-interview-mit-fm-kompakt-231019\" rel=\"noopener noreferrer\" target=\"_blank\">https:\/\/soundcloud.com\/fmkompakt-1\/free-fm-interview-mit-fm-kompakt-231019<\/a><\/p>\n","protected":false},"excerpt":{"rendered":"<p>https:\/\/soundcloud.com\/fmkompakt-1\/free-fm-interview-mit-fm-kompakt-231019<\/p>\n","protected":false},"author":1,"featured_media":0,"comment_status":"closed","ping_status":"open","sticky":false,"template":"","format":"standard","meta":{"_jetpack_memberships_contains_paid_content":false,"footnotes":"","jetpack_publicize_message":"","jetpack_publicize_feature_enabled":true,"jetpack_social_post_already_shared":true,"jetpack_social_options":{"image_generator_settings":{"template":"highway","default_image_id":0,"font":"","enabled":false},"version":2}},"categories":[1],"tags":[28],"class_list":["post-25524","post","type-post","status-publish","format-standard","hentry","category-deutsch","tag-fm"],"jetpack_publicize_connections":[],"jetpack_featured_media_url":"","jetpack_sharing_enabled":true,"jetpack_shortlink":"https:\/\/wp.me\/p5CDmr-6DG","jetpack-related-posts":[{"id":34244,"url":"https:\/\/www.achimbrueckner.de\/dxradio\/php\/wordpress\/?p=34244","url_meta":{"origin":25524,"position":0},"title":"FM Kompakt","author":"Administrator","date":"December 25, 2021","format":false,"excerpt":"FM Kompakt w\u00fcnscht allen Lesern und Freunden FROHE Weihnachten, entspannte Tage und einen ganz sanften Rutsch in ein gesundes und gl\u00fcckliches Neues Jahr! Passt auf euch auf! FMK besuchte in diesem Jahr die Landesanstalt f\u00fcr Kommunikation, das S\u00fcddeutsche Radiomuseum in Hardthausen, sowie das Inselradio Mallorca in dessen neuen R\u00e4umen. Wir\u2026","rel":"","context":"In &quot;Deutsch&quot;","block_context":{"text":"Deutsch","link":"https:\/\/www.achimbrueckner.de\/dxradio\/php\/wordpress\/?cat=1"},"img":{"alt_text":"","src":"","width":0,"height":0},"classes":[]},{"id":5032,"url":"https:\/\/www.achimbrueckner.de\/dxradio\/php\/wordpress\/?p=5032","url_meta":{"origin":25524,"position":1},"title":"FM Kompakt feiert Jubil\u00e4um &#8211; 30 Jahre FMK &#8211; 1985 bis 2015","author":"Administrator","date":"June 27, 2015","format":false,"excerpt":"FM Kompakt feiert Jubil\u00e4um - 30 Jahre FMK - 1985 bis 2015 Die erste Ausgabe erschien im Juli 1985 - damals noch unter dem Namen \"FM\/-KW und Kabelnews\" - Anf\u00e4nglich versendete ich das Infoblatt an ca. 10 Interessenten - im Lauf der Jahre hatte FM Kompakt dann \u00fcber 30 Abonennten.\u2026","rel":"","context":"In &quot;Deutsch&quot;","block_context":{"text":"Deutsch","link":"https:\/\/www.achimbrueckner.de\/dxradio\/php\/wordpress\/?cat=1"},"img":{"alt_text":"","src":"","width":0,"height":0},"classes":[]},{"id":29729,"url":"https:\/\/www.achimbrueckner.de\/dxradio\/php\/wordpress\/?p=29729","url_meta":{"origin":25524,"position":2},"title":"4 FM KOMPAKT 80er Vintage Remix By DJWOIFERL","author":"Administrator","date":"August 11, 2020","format":false,"excerpt":"https:\/\/soundcloud.com\/djwoiferl\/4-fm-kompakt-80er-vintage-remix-by-djwoiferl","rel":"","context":"In &quot;English&quot;","block_context":{"text":"English","link":"https:\/\/www.achimbrueckner.de\/dxradio\/php\/wordpress\/?cat=2"},"img":{"alt_text":"","src":"","width":0,"height":0},"classes":[]},{"id":11394,"url":"https:\/\/www.achimbrueckner.de\/dxradio\/php\/wordpress\/?p=11394","url_meta":{"origin":25524,"position":3},"title":"20 Jahre RVC &#8211; Johann &#8211; H\u00f6ber &#8211; Interview","author":"Administrator","date":"December 15, 2016","format":false,"excerpt":"https:\/\/soundcloud.com\/fmkompakt-1\/20-jahre-rvc-johann-hober-interview","rel":"","context":"In &quot;Deutsch&quot;","block_context":{"text":"Deutsch","link":"https:\/\/www.achimbrueckner.de\/dxradio\/php\/wordpress\/?cat=1"},"img":{"alt_text":"","src":"","width":0,"height":0},"classes":[]},{"id":405,"url":"https:\/\/www.achimbrueckner.de\/dxradio\/php\/wordpress\/?p=405","url_meta":{"origin":25524,"position":4},"title":"FMK Radiotreffen","author":"Administrator","date":"September 30, 2008","format":false,"excerpt":"Das n\u00e4chste und vorerst LETZTE FMK-Radiotreffen wird in Verbindung mit dem DX-Camp des Rhein- Main-Radio-Clubs in Langenselbold stattfinden. FM KOMPAKT wird vom Freitag, dem 03. 10. (sp\u00e4tmittags), bis Sonntag, dem 05. 10. 2008, \"vor Ort\" sein. F\u00fcr Samstag, dem 04. 10., haben sich u.a. Roger Kirk, Nick Barker, Christian Br\u00fclhart,\u2026","rel":"","context":"In &quot;camps&quot;","block_context":{"text":"camps","link":"https:\/\/www.achimbrueckner.de\/dxradio\/php\/wordpress\/?cat=5"},"img":{"alt_text":"","src":"","width":0,"height":0},"classes":[]},{"id":36936,"url":"https:\/\/www.achimbrueckner.de\/dxradio\/php\/wordpress\/?p=36936","url_meta":{"origin":25524,"position":5},"title":"FMK-Sommerstammtisch 2022","author":"Administrator","date":"July 12, 2022","format":false,"excerpt":"FMK-Sommerstammtisch 2022 Liebe Radiofreunde, am kommenden Wochenende treffen sich die FM Kompakt-Freunde und Leser. Alle Interessenten sind MegaHERTZlich eingeladen: Wir starten am Freitag, 15.7.22 nachmittags mit einer Studiobesichtigung in Schw\u00e4bisch Hall Am Samstag 16.7.22 sind wir nachmittags bei Dana Diezemann zu einer Technikf\u00fchrung zu Gast (https:\/\/regionalradio-bw.de\/) - seit 1.7.22 l\u00e4uft\u2026","rel":"","context":"In &quot;Deutsch&quot;","block_context":{"text":"Deutsch","link":"https:\/\/www.achimbrueckner.de\/dxradio\/php\/wordpress\/?cat=1"},"img":{"alt_text":"","src":"","width":0,"height":0},"classes":[]}],"_links":{"self":[{"href":"https:\/\/www.achimbrueckner.de\/dxradio\/php\/wordpress\/index.php?rest_route=\/wp\/v2\/posts\/25524","targetHints":{"allow":["GET"]}}],"collection":[{"href":"https:\/\/www.achimbrueckner.de\/dxradio\/php\/wordpress\/index.php?rest_route=\/wp\/v2\/posts"}],"about":[{"href":"https:\/\/www.achimbrueckner.de\/dxradio\/php\/wordpress\/index.php?rest_route=\/wp\/v2\/types\/post"}],"author":[{"embeddable":true,"href":"https:\/\/www.achimbrueckner.de\/dxradio\/php\/wordpress\/index.php?rest_route=\/wp\/v2\/users\/1"}],"replies":[{"embeddable":true,"href":"https:\/\/www.achimbrueckner.de\/dxradio\/php\/wordpress\/index.php?rest_route=%2Fwp%2Fv2%2Fcomments&post=25524"}],"version-history":[{"count":0,"href":"https:\/\/www.achimbrueckner.de\/dxradio\/php\/wordpress\/index.php?rest_route=\/wp\/v2\/posts\/25524\/revisions"}],"wp:attachment":[{"href":"https:\/\/www.achimbrueckner.de\/dxradio\/php\/wordpress\/index.php?rest_route=%2Fwp%2Fv2%2Fmedia&parent=25524"}],"wp:term":[{"taxonomy":"category","embeddable":true,"href":"https:\/\/www.achimbrueckner.de\/dxradio\/php\/wordpress\/index.php?rest_route=%2Fwp%2Fv2%2Fcategories&post=25524"},{"taxonomy":"post_tag","embeddable":true,"href":"https:\/\/www.achimbrueckner.de\/dxradio\/php\/wordpress\/index.php?rest_route=%2Fwp%2Fv2%2Ftags&post=25524"}],"curies":[{"name":"wp","href":"https:\/\/api.w.org\/{rel}","templated":true}]}}