{"id":25560,"date":"2019-10-31T20:03:04","date_gmt":"2019-10-31T20:03:04","guid":{"rendered":"https:\/\/www.achimbrueckner.de\/dxradio\/php\/wordpress\/?p=25560"},"modified":"2019-10-31T20:03:04","modified_gmt":"2019-10-31T20:03:04","slug":"hygiene-fur-korper-und-seele-claudia-schmidt-uber-christliches-radio-in-malawi","status":"publish","type":"post","link":"https:\/\/www.achimbrueckner.de\/dxradio\/php\/wordpress\/?p=25560","title":{"rendered":"Hygiene f\u00fcr K\u00f6rper und Seele Claudia Schmidt \u00fcber christliches Radio in Malawi."},"content":{"rendered":"<p><a href=\"https:\/\/www.erf.de\/erf-plus\/audiothek\/glaube-global\/hygiene-fuer-koerper-und-seele\/8293-265\" rel=\"noopener noreferrer\" target=\"_blank\">https:\/\/www.erf.de\/erf-plus\/audiothek\/glaube-global\/hygiene-fuer-koerper-und-seele\/8293-265<\/a><\/p>\n","protected":false},"excerpt":{"rendered":"<p>https:\/\/www.erf.de\/erf-plus\/audiothek\/glaube-global\/hygiene-fuer-koerper-und-seele\/8293-265<\/p>\n","protected":false},"author":1,"featured_media":0,"comment_status":"closed","ping_status":"open","sticky":false,"template":"","format":"standard","meta":{"_jetpack_memberships_contains_paid_content":false,"footnotes":"","jetpack_publicize_message":"","jetpack_publicize_feature_enabled":true,"jetpack_social_post_already_shared":true,"jetpack_social_options":{"image_generator_settings":{"template":"highway","default_image_id":0,"font":"","enabled":false},"version":2}},"categories":[47,1],"tags":[19],"class_list":["post-25560","post","type-post","status-publish","format-standard","hentry","category-audio","category-deutsch","tag-audio"],"jetpack_publicize_connections":[],"jetpack_featured_media_url":"","jetpack_sharing_enabled":true,"jetpack_shortlink":"https:\/\/wp.me\/p5CDmr-6Eg","jetpack-related-posts":[{"id":27907,"url":"https:\/\/www.achimbrueckner.de\/dxradio\/php\/wordpress\/?p=27907","url_meta":{"origin":25560,"position":0},"title":"Lesen st\u00e4rkt die Seele","author":"Administrator","date":"April 1, 2020","format":false,"excerpt":"https:\/\/funkamateure.jimdofree.com\/2020\/03\/27\/lesen-st%C3%A4rkt-die-seele\/","rel":"","context":"In &quot;Deutsch&quot;","block_context":{"text":"Deutsch","link":"https:\/\/www.achimbrueckner.de\/dxradio\/php\/wordpress\/?cat=1"},"img":{"alt_text":"","src":"","width":0,"height":0},"classes":[]},{"id":32030,"url":"https:\/\/www.achimbrueckner.de\/dxradio\/php\/wordpress\/?p=32030","url_meta":{"origin":25560,"position":1},"title":"Panasonic entwickelt Roboter f\u00fcr die Seele","author":"Administrator","date":"February 18, 2021","format":false,"excerpt":"https:\/\/www.heise.de\/hintergrund\/Panasonic-entwickelt-Roboter-fuer-die-Seele-5058106.html","rel":"","context":"In &quot;Deutsch&quot;","block_context":{"text":"Deutsch","link":"https:\/\/www.achimbrueckner.de\/dxradio\/php\/wordpress\/?cat=1"},"img":{"alt_text":"","src":"","width":0,"height":0},"classes":[]},{"id":43962,"url":"https:\/\/www.achimbrueckner.de\/dxradio\/php\/wordpress\/?p=43962","url_meta":{"origin":25560,"position":2},"title":"Radio-K\u00f6pfe | Dirk Sipp (Landeswelle Th\u00fcringen) \u2013 Radio mit Leib und Seele","author":"Administrator","date":"October 9, 2025","format":false,"excerpt":"https:\/\/www.radioszene.de\/206839\/dirk-sipp-landeswelle-thueringen.html","rel":"","context":"In &quot;Deutsch&quot;","block_context":{"text":"Deutsch","link":"https:\/\/www.achimbrueckner.de\/dxradio\/php\/wordpress\/?cat=1"},"img":{"alt_text":"","src":"","width":0,"height":0},"classes":[]},{"id":31254,"url":"https:\/\/www.achimbrueckner.de\/dxradio\/php\/wordpress\/?p=31254","url_meta":{"origin":25560,"position":3},"title":"Weihnachtsfilme Gut f\u00fcr die Seele-vor allem dieses Jahr","author":"Administrator","date":"December 19, 2020","format":false,"excerpt":"https:\/\/www.deutschlandfunknova.de\/nachrichten\/weihnachtsfilme-gut-fuer-die-seele-vor-allem-dieses-jahr","rel":"","context":"In &quot;Deutsch&quot;","block_context":{"text":"Deutsch","link":"https:\/\/www.achimbrueckner.de\/dxradio\/php\/wordpress\/?cat=1"},"img":{"alt_text":"","src":"","width":0,"height":0},"classes":[]},{"id":42932,"url":"https:\/\/www.achimbrueckner.de\/dxradio\/php\/wordpress\/?p=42932","url_meta":{"origin":25560,"position":4},"title":"Neues Klangbild f\u00fcr MDR SACHSEN-ANHALT \u2013 Ein Branding-Paket mit Seele und Zeitgeist","author":"Administrator","date":"June 2, 2025","format":false,"excerpt":"https:\/\/www.radioszene.de\/203180\/jamxmusic-mdr-sachsen-anhalt-jingles.html","rel":"","context":"In &quot;Deutsch&quot;","block_context":{"text":"Deutsch","link":"https:\/\/www.achimbrueckner.de\/dxradio\/php\/wordpress\/?cat=1"},"img":{"alt_text":"","src":"","width":0,"height":0},"classes":[]},{"id":28739,"url":"https:\/\/www.achimbrueckner.de\/dxradio\/php\/wordpress\/?p=28739","url_meta":{"origin":25560,"position":5},"title":"\u201eGutes Radio hat eine Seele. Streamingdienste nicht.\u201c","author":"Administrator","date":"May 20, 2020","format":false,"excerpt":"https:\/\/www.radioszene.de\/143915\/torsten-engel-interview-2020-radio-streamingdienste.html","rel":"","context":"In &quot;Deutsch&quot;","block_context":{"text":"Deutsch","link":"https:\/\/www.achimbrueckner.de\/dxradio\/php\/wordpress\/?cat=1"},"img":{"alt_text":"","src":"","width":0,"height":0},"classes":[]}],"_links":{"self":[{"href":"https:\/\/www.achimbrueckner.de\/dxradio\/php\/wordpress\/index.php?rest_route=\/wp\/v2\/posts\/25560","targetHints":{"allow":["GET"]}}],"collection":[{"href":"https:\/\/www.achimbrueckner.de\/dxradio\/php\/wordpress\/index.php?rest_route=\/wp\/v2\/posts"}],"about":[{"href":"https:\/\/www.achimbrueckner.de\/dxradio\/php\/wordpress\/index.php?rest_route=\/wp\/v2\/types\/post"}],"author":[{"embeddable":true,"href":"https:\/\/www.achimbrueckner.de\/dxradio\/php\/wordpress\/index.php?rest_route=\/wp\/v2\/users\/1"}],"replies":[{"embeddable":true,"href":"https:\/\/www.achimbrueckner.de\/dxradio\/php\/wordpress\/index.php?rest_route=%2Fwp%2Fv2%2Fcomments&post=25560"}],"version-history":[{"count":0,"href":"https:\/\/www.achimbrueckner.de\/dxradio\/php\/wordpress\/index.php?rest_route=\/wp\/v2\/posts\/25560\/revisions"}],"wp:attachment":[{"href":"https:\/\/www.achimbrueckner.de\/dxradio\/php\/wordpress\/index.php?rest_route=%2Fwp%2Fv2%2Fmedia&parent=25560"}],"wp:term":[{"taxonomy":"category","embeddable":true,"href":"https:\/\/www.achimbrueckner.de\/dxradio\/php\/wordpress\/index.php?rest_route=%2Fwp%2Fv2%2Fcategories&post=25560"},{"taxonomy":"post_tag","embeddable":true,"href":"https:\/\/www.achimbrueckner.de\/dxradio\/php\/wordpress\/index.php?rest_route=%2Fwp%2Fv2%2Ftags&post=25560"}],"curies":[{"name":"wp","href":"https:\/\/api.w.org\/{rel}","templated":true}]}}