{"id":25566,"date":"2019-10-31T20:23:55","date_gmt":"2019-10-31T20:23:55","guid":{"rendered":"https:\/\/www.achimbrueckner.de\/dxradio\/php\/wordpress\/?p=25566"},"modified":"2019-10-31T20:23:55","modified_gmt":"2019-10-31T20:23:55","slug":"umfrage-84-prozent-horen-noch-radio-wie-fruher","status":"publish","type":"post","link":"https:\/\/www.achimbrueckner.de\/dxradio\/php\/wordpress\/?p=25566","title":{"rendered":"Umfrage: 84 Prozent h\u00f6ren noch Radio \u201ewie fr\u00fcher\u201c"},"content":{"rendered":"<p><a href=\"https:\/\/www.infosat.de\/radio\/umfrage-84-prozent-h-ren-noch-radio-wie-fr-her\" rel=\"noopener noreferrer\" target=\"_blank\">https:\/\/www.infosat.de\/radio\/umfrage-84-prozent-h-ren-noch-radio-wie-fr-her<\/a><\/p>\n","protected":false},"excerpt":{"rendered":"<p>https:\/\/www.infosat.de\/radio\/umfrage-84-prozent-h-ren-noch-radio-wie-fr-her<\/p>\n","protected":false},"author":1,"featured_media":0,"comment_status":"closed","ping_status":"open","sticky":false,"template":"","format":"standard","meta":{"_jetpack_memberships_contains_paid_content":false,"footnotes":"","jetpack_publicize_message":"","jetpack_publicize_feature_enabled":true,"jetpack_social_post_already_shared":true,"jetpack_social_options":{"image_generator_settings":{"template":"highway","default_image_id":0,"font":"","enabled":false},"version":2}},"categories":[1],"tags":[],"class_list":["post-25566","post","type-post","status-publish","format-standard","hentry","category-deutsch"],"jetpack_publicize_connections":[],"jetpack_featured_media_url":"","jetpack_sharing_enabled":true,"jetpack_shortlink":"https:\/\/wp.me\/p5CDmr-6Em","jetpack-related-posts":[{"id":30415,"url":"https:\/\/www.achimbrueckner.de\/dxradio\/php\/wordpress\/?p=30415","url_meta":{"origin":25566,"position":0},"title":"Laut Umfrage: 13 Prozent mehr Nutzer von Podcasts, H\u00f6rb\u00fcchern und H\u00f6rspielen","author":"Administrator","date":"October 14, 2020","format":false,"excerpt":"https:\/\/www.infosat.de\/radio\/laut-umfrage-13-prozent-mehr-nutzer-von-podcasts-h-rb-chern-und-h-rspielen","rel":"","context":"In &quot;Deutsch&quot;","block_context":{"text":"Deutsch","link":"https:\/\/www.achimbrueckner.de\/dxradio\/php\/wordpress\/?cat=1"},"img":{"alt_text":"","src":"","width":0,"height":0},"classes":[]},{"id":43579,"url":"https:\/\/www.achimbrueckner.de\/dxradio\/php\/wordpress\/?p=43579","url_meta":{"origin":25566,"position":1},"title":"DARC Umfrage Ham Radio","author":"Administrator","date":"August 15, 2025","format":false,"excerpt":"Der DARC m\u00f6chte die HAM RADIO, Europas f\u00fchrende Messe f\u00fcr Amateurfunk, weiterentwickeln und bittet um deine Meinung! Egal, ob du die Messe regelm\u00e4\u00dfig besuchst, fr\u00fcher dort warst oder sie noch nie besucht hast \u2013 deine Meinung ist uns wichtig. Nimm dir 5-10 Minuten Zeit und hilf uns, die Veranstaltung f\u00fcr\u2026","rel":"","context":"In &quot;Deutsch&quot;","block_context":{"text":"Deutsch","link":"https:\/\/www.achimbrueckner.de\/dxradio\/php\/wordpress\/?cat=1"},"img":{"alt_text":"","src":"","width":0,"height":0},"classes":[]},{"id":23950,"url":"https:\/\/www.achimbrueckner.de\/dxradio\/php\/wordpress\/?p=23950","url_meta":{"origin":25566,"position":2},"title":"Umfrage: Fast jeder nutzt auch noch das Radio f\u00fcr Stauinfos","author":"Administrator","date":"July 24, 2019","format":false,"excerpt":"https:\/\/www.infosat.de\/entertainment\/umfrage-fast-jeder-nutzt-auch-noch-das-radio-f-r-stauinfos","rel":"","context":"In &quot;Deutsch&quot;","block_context":{"text":"Deutsch","link":"https:\/\/www.achimbrueckner.de\/dxradio\/php\/wordpress\/?cat=1"},"img":{"alt_text":"","src":"","width":0,"height":0},"classes":[]},{"id":43981,"url":"https:\/\/www.achimbrueckner.de\/dxradio\/php\/wordpress\/?p=43981","url_meta":{"origin":25566,"position":3},"title":"Radio: Nur noch 22 Prozent h\u00f6ren ausschlie\u00dflich \u00fcber UKW","author":"Administrator","date":"October 12, 2025","format":false,"excerpt":"https:\/\/www.teltarif.de\/ukw-dabplus-radio-audio\/news\/100052.html","rel":"","context":"In &quot;Deutsch&quot;","block_context":{"text":"Deutsch","link":"https:\/\/www.achimbrueckner.de\/dxradio\/php\/wordpress\/?cat=1"},"img":{"alt_text":"","src":"","width":0,"height":0},"classes":[]},{"id":24555,"url":"https:\/\/www.achimbrueckner.de\/dxradio\/php\/wordpress\/?p=24555","url_meta":{"origin":25566,"position":4},"title":"Schweiz: Nur noch 17 Prozent h\u00f6ren Radio \u00fcber UKW only","author":"Administrator","date":"August 31, 2019","format":false,"excerpt":"https:\/\/www.teltarif.de\/ukw-dab-plus-radio-bakom\/news\/77822.html","rel":"","context":"In &quot;Deutsch&quot;","block_context":{"text":"Deutsch","link":"https:\/\/www.achimbrueckner.de\/dxradio\/php\/wordpress\/?cat=1"},"img":{"alt_text":"","src":"","width":0,"height":0},"classes":[]},{"id":11834,"url":"https:\/\/www.achimbrueckner.de\/dxradio\/php\/wordpress\/?p=11834","url_meta":{"origin":25566,"position":5},"title":"Rund 87 Prozent der Schweizer h\u00f6ren immer noch t\u00e4glich Radio","author":"Administrator","date":"January 22, 2017","format":false,"excerpt":"http:\/\/www.volksblatt.li\/nachricht.aspx?p1=ch&id=252103&src=sda","rel":"","context":"In &quot;Deutsch&quot;","block_context":{"text":"Deutsch","link":"https:\/\/www.achimbrueckner.de\/dxradio\/php\/wordpress\/?cat=1"},"img":{"alt_text":"","src":"","width":0,"height":0},"classes":[]}],"_links":{"self":[{"href":"https:\/\/www.achimbrueckner.de\/dxradio\/php\/wordpress\/index.php?rest_route=\/wp\/v2\/posts\/25566","targetHints":{"allow":["GET"]}}],"collection":[{"href":"https:\/\/www.achimbrueckner.de\/dxradio\/php\/wordpress\/index.php?rest_route=\/wp\/v2\/posts"}],"about":[{"href":"https:\/\/www.achimbrueckner.de\/dxradio\/php\/wordpress\/index.php?rest_route=\/wp\/v2\/types\/post"}],"author":[{"embeddable":true,"href":"https:\/\/www.achimbrueckner.de\/dxradio\/php\/wordpress\/index.php?rest_route=\/wp\/v2\/users\/1"}],"replies":[{"embeddable":true,"href":"https:\/\/www.achimbrueckner.de\/dxradio\/php\/wordpress\/index.php?rest_route=%2Fwp%2Fv2%2Fcomments&post=25566"}],"version-history":[{"count":0,"href":"https:\/\/www.achimbrueckner.de\/dxradio\/php\/wordpress\/index.php?rest_route=\/wp\/v2\/posts\/25566\/revisions"}],"wp:attachment":[{"href":"https:\/\/www.achimbrueckner.de\/dxradio\/php\/wordpress\/index.php?rest_route=%2Fwp%2Fv2%2Fmedia&parent=25566"}],"wp:term":[{"taxonomy":"category","embeddable":true,"href":"https:\/\/www.achimbrueckner.de\/dxradio\/php\/wordpress\/index.php?rest_route=%2Fwp%2Fv2%2Fcategories&post=25566"},{"taxonomy":"post_tag","embeddable":true,"href":"https:\/\/www.achimbrueckner.de\/dxradio\/php\/wordpress\/index.php?rest_route=%2Fwp%2Fv2%2Ftags&post=25566"}],"curies":[{"name":"wp","href":"https:\/\/api.w.org\/{rel}","templated":true}]}}