{"id":25568,"date":"2019-10-31T20:27:44","date_gmt":"2019-10-31T20:27:44","guid":{"rendered":"https:\/\/www.achimbrueckner.de\/dxradio\/php\/wordpress\/?p=25568"},"modified":"2019-10-31T20:27:44","modified_gmt":"2019-10-31T20:27:44","slug":"freudenstadt-freies-radio-dreht-mobbing-vorwurfe-um","status":"publish","type":"post","link":"https:\/\/www.achimbrueckner.de\/dxradio\/php\/wordpress\/?p=25568","title":{"rendered":"Freudenstadt Freies Radio dreht Mobbing-Vorw\u00fcrfe um"},"content":{"rendered":"<p><a href=\"https:\/\/www.schwarzwaelder-bote.de\/inhalt.freudenstadt-freies-radio-dreht-mobbing-vorwuerfe-um.b919eed0-dc54-4bcc-b418-285ebdbeb9e3.html\" rel=\"noopener noreferrer\" target=\"_blank\">https:\/\/www.schwarzwaelder-bote.de\/inhalt.freudenstadt-freies-radio-dreht-mobbing-vorwuerfe-um.b919eed0-dc54-4bcc-b418-285ebdbeb9e3.html<\/a><\/p>\n","protected":false},"excerpt":{"rendered":"<p>https:\/\/www.schwarzwaelder-bote.de\/inhalt.freudenstadt-freies-radio-dreht-mobbing-vorwuerfe-um.b919eed0-dc54-4bcc-b418-285ebdbeb9e3.html<\/p>\n","protected":false},"author":1,"featured_media":0,"comment_status":"closed","ping_status":"open","sticky":false,"template":"","format":"standard","meta":{"_jetpack_memberships_contains_paid_content":false,"footnotes":"","jetpack_publicize_message":"","jetpack_publicize_feature_enabled":true,"jetpack_social_post_already_shared":true,"jetpack_social_options":{"image_generator_settings":{"template":"highway","default_image_id":0,"font":"","enabled":false},"version":2}},"categories":[1],"tags":[],"class_list":["post-25568","post","type-post","status-publish","format-standard","hentry","category-deutsch"],"jetpack_publicize_connections":[],"jetpack_featured_media_url":"","jetpack_sharing_enabled":true,"jetpack_shortlink":"https:\/\/wp.me\/p5CDmr-6Eo","jetpack-related-posts":[{"id":2192,"url":"https:\/\/www.achimbrueckner.de\/dxradio\/php\/wordpress\/?p=2192","url_meta":{"origin":25568,"position":0},"title":"Freies Radio in Leipzig: Der \u00dcberlebenskampf von Radio blau","author":"Administrator","date":"March 20, 2012","format":false,"excerpt":"Freies Radio in Leipzig: Der \u00dcberlebenskampf von Radio blau http:\/\/www.radioszene.de\/36465\/freies-radio-in-leipzig-der-ueberlebenskampf-von-radio-blau.html","rel":"","context":"In &quot;Deutsch&quot;","block_context":{"text":"Deutsch","link":"https:\/\/www.achimbrueckner.de\/dxradio\/php\/wordpress\/?cat=1"},"img":{"alt_text":"","src":"","width":0,"height":0},"classes":[]},{"id":1562,"url":"https:\/\/www.achimbrueckner.de\/dxradio\/php\/wordpress\/?p=1562","url_meta":{"origin":25568,"position":1},"title":"20 Jahre &#8220;Kanal 103&#8221; &#8211; Freies Radio in Skopje","author":"Administrator","date":"May 19, 2011","format":false,"excerpt":"20 Jahre \"Kanal 103\" - Freies Radio in Skopje http:\/\/medienmagazin.net\/20-jahre-kanal-103-freies-radio-in-skopje","rel":"","context":"In &quot;Deutsch&quot;","block_context":{"text":"Deutsch","link":"https:\/\/www.achimbrueckner.de\/dxradio\/php\/wordpress\/?cat=1"},"img":{"alt_text":"","src":"","width":0,"height":0},"classes":[]},{"id":1548,"url":"https:\/\/www.achimbrueckner.de\/dxradio\/php\/wordpress\/?p=1548","url_meta":{"origin":25568,"position":2},"title":"\u00e2\u20ac\u017eEtwas f\u00fcr die Freiheit unseres Volkes tun\u00e2\u20ac\u0153 \u00e2\u20ac\u201c 60 Jahre Radio Freies Europa","author":"Administrator","date":"May 16, 2011","format":false,"excerpt":"\u00e2\u20ac\u017eEtwas f\u00fcr die Freiheit unseres Volkes tun\u00e2\u20ac\u0153 \u00e2\u20ac\u201c 60 Jahre Radio Freies Europa http:\/\/www.radio.cz\/de\/rubrik\/tagesecho\/etwas-fuer-die-freiheit-unseres-volkes-tun-60-jahre-radio-freies-europa","rel":"","context":"In &quot;Deutsch&quot;","block_context":{"text":"Deutsch","link":"https:\/\/www.achimbrueckner.de\/dxradio\/php\/wordpress\/?cat=1"},"img":{"alt_text":"","src":"","width":0,"height":0},"classes":[]},{"id":18115,"url":"https:\/\/www.achimbrueckner.de\/dxradio\/php\/wordpress\/?p=18115","url_meta":{"origin":25568,"position":3},"title":"Freies Radio Was das Grazer Radio Helsinki auszeichnet","author":"Administrator","date":"June 8, 2018","format":false,"excerpt":"https:\/\/www.kleinezeitung.at\/steiermark\/graz\/5442460\/Freies-Radio_Was-das-Grazer-Radio-Helsinki-auszeichnet","rel":"","context":"In &quot;Deutsch&quot;","block_context":{"text":"Deutsch","link":"https:\/\/www.achimbrueckner.de\/dxradio\/php\/wordpress\/?cat=1"},"img":{"alt_text":"","src":"","width":0,"height":0},"classes":[]},{"id":10302,"url":"https:\/\/www.achimbrueckner.de\/dxradio\/php\/wordpress\/?p=10302","url_meta":{"origin":25568,"position":4},"title":"Lizenz f\u00fcr Freies Radio Neum\u00fcnster","author":"Administrator","date":"September 8, 2016","format":false,"excerpt":"http:\/\/www.radiowoche.de\/lizenz-fuer-freies-radio-neumuenster\/","rel":"","context":"In &quot;Deutsch&quot;","block_context":{"text":"Deutsch","link":"https:\/\/www.achimbrueckner.de\/dxradio\/php\/wordpress\/?cat=1"},"img":{"alt_text":"","src":"","width":0,"height":0},"classes":[]},{"id":6156,"url":"https:\/\/www.achimbrueckner.de\/dxradio\/php\/wordpress\/?p=6156","url_meta":{"origin":25568,"position":5},"title":"Pi Day: Pi Radio feiert 20 Jahre Freies Radio in Berlin","author":"Administrator","date":"October 5, 2015","format":false,"excerpt":"http:\/\/www.piradio.de\/news\/2015-10-04-pi-day-pi-radio-feiert-20-jahre-freies-radio-in-berlin","rel":"","context":"In &quot;Deutsch&quot;","block_context":{"text":"Deutsch","link":"https:\/\/www.achimbrueckner.de\/dxradio\/php\/wordpress\/?cat=1"},"img":{"alt_text":"","src":"","width":0,"height":0},"classes":[]}],"_links":{"self":[{"href":"https:\/\/www.achimbrueckner.de\/dxradio\/php\/wordpress\/index.php?rest_route=\/wp\/v2\/posts\/25568","targetHints":{"allow":["GET"]}}],"collection":[{"href":"https:\/\/www.achimbrueckner.de\/dxradio\/php\/wordpress\/index.php?rest_route=\/wp\/v2\/posts"}],"about":[{"href":"https:\/\/www.achimbrueckner.de\/dxradio\/php\/wordpress\/index.php?rest_route=\/wp\/v2\/types\/post"}],"author":[{"embeddable":true,"href":"https:\/\/www.achimbrueckner.de\/dxradio\/php\/wordpress\/index.php?rest_route=\/wp\/v2\/users\/1"}],"replies":[{"embeddable":true,"href":"https:\/\/www.achimbrueckner.de\/dxradio\/php\/wordpress\/index.php?rest_route=%2Fwp%2Fv2%2Fcomments&post=25568"}],"version-history":[{"count":0,"href":"https:\/\/www.achimbrueckner.de\/dxradio\/php\/wordpress\/index.php?rest_route=\/wp\/v2\/posts\/25568\/revisions"}],"wp:attachment":[{"href":"https:\/\/www.achimbrueckner.de\/dxradio\/php\/wordpress\/index.php?rest_route=%2Fwp%2Fv2%2Fmedia&parent=25568"}],"wp:term":[{"taxonomy":"category","embeddable":true,"href":"https:\/\/www.achimbrueckner.de\/dxradio\/php\/wordpress\/index.php?rest_route=%2Fwp%2Fv2%2Fcategories&post=25568"},{"taxonomy":"post_tag","embeddable":true,"href":"https:\/\/www.achimbrueckner.de\/dxradio\/php\/wordpress\/index.php?rest_route=%2Fwp%2Fv2%2Ftags&post=25568"}],"curies":[{"name":"wp","href":"https:\/\/api.w.org\/{rel}","templated":true}]}}