{"id":25647,"date":"2019-11-08T15:48:32","date_gmt":"2019-11-08T15:48:32","guid":{"rendered":"https:\/\/www.achimbrueckner.de\/dxradio\/php\/wordpress\/?p=25647"},"modified":"2019-11-08T15:48:32","modified_gmt":"2019-11-08T15:48:32","slug":"meilenstein-fur-dab-bund-und-lander-beschliesen-digitalradiopflicht-in-empfangsgeraten","status":"publish","type":"post","link":"https:\/\/www.achimbrueckner.de\/dxradio\/php\/wordpress\/?p=25647","title":{"rendered":"Meilenstein f\u00fcr DAB+: Bund und L\u00e4nder beschlie\u00dfen Digitalradiopflicht in Empfangsger\u00e4ten"},"content":{"rendered":"<p><a href=\"https:\/\/www.dabplus.de\/2019\/11\/08\/meilenstein-fuer-dab-bund-und-laender-beschliessen-digitalradiopflicht-in-empfangsgeraeten\/\" rel=\"noopener noreferrer\" target=\"_blank\">https:\/\/www.dabplus.de\/2019\/11\/08\/meilenstein-fuer-dab-bund-und-laender-beschliessen-digitalradiopflicht-in-empfangsgeraeten\/<\/a><\/p>\n","protected":false},"excerpt":{"rendered":"<p>https:\/\/www.dabplus.de\/2019\/11\/08\/meilenstein-fuer-dab-bund-und-laender-beschliessen-digitalradiopflicht-in-empfangsgeraeten\/<\/p>\n","protected":false},"author":1,"featured_media":0,"comment_status":"closed","ping_status":"open","sticky":false,"template":"","format":"standard","meta":{"_jetpack_memberships_contains_paid_content":false,"footnotes":"","jetpack_publicize_message":"","jetpack_publicize_feature_enabled":true,"jetpack_social_post_already_shared":true,"jetpack_social_options":{"image_generator_settings":{"template":"highway","default_image_id":0,"font":"","enabled":false},"version":2}},"categories":[1,3],"tags":[31,32,42],"class_list":["post-25647","post","type-post","status-publish","format-standard","hentry","category-deutsch","category-empfang","tag-dab","tag-digitalradio","tag-empfang"],"jetpack_publicize_connections":[],"jetpack_featured_media_url":"","jetpack_sharing_enabled":true,"jetpack_shortlink":"https:\/\/wp.me\/p5CDmr-6FF","jetpack-related-posts":[{"id":31179,"url":"https:\/\/www.achimbrueckner.de\/dxradio\/php\/wordpress\/?p=31179","url_meta":{"origin":25647,"position":0},"title":"DAB+ 2020: Zweite nationale Programmplattform auf Sendung \/ DAB+ Nutzung steigt um mehr als 50 Prozent \/ Digitalradiopflicht im Dezember","author":"Administrator","date":"December 16, 2020","format":false,"excerpt":"https:\/\/www.dabplus.de\/2020\/12\/15\/dab-2020-zweite-nationale-programmplattform-auf-sendung-dab-nutzung-steigt-um-mehr-als-50-prozent-digitalradiopflicht-im-dezember\/","rel":"","context":"In &quot;Deutsch&quot;","block_context":{"text":"Deutsch","link":"https:\/\/www.achimbrueckner.de\/dxradio\/php\/wordpress\/?cat=1"},"img":{"alt_text":"","src":"","width":0,"height":0},"classes":[]},{"id":22148,"url":"https:\/\/www.achimbrueckner.de\/dxradio\/php\/wordpress\/?p=22148","url_meta":{"origin":25647,"position":1},"title":"Bund und L\u00e4nder zu DAB+: Neufassung des TKG mit nationaler Digitalradio-Pflicht \/ Deutschlandradio stellt in drei weiteren Regionen auf digitalen Empfang um","author":"Administrator","date":"March 15, 2019","format":false,"excerpt":"https:\/\/www.dabplus.de\/2019\/03\/15\/bund-und-laender-zu-dab-neufassung-des-tkg-mit-nationaler-digitalradio-pflicht-deutschlandradio-stellt-in-drei-weiteren-regionen-auf-digitalen-empfang-um\/","rel":"","context":"In &quot;Deutsch&quot;","block_context":{"text":"Deutsch","link":"https:\/\/www.achimbrueckner.de\/dxradio\/php\/wordpress\/?cat=1"},"img":{"alt_text":"","src":"","width":0,"height":0},"classes":[]},{"id":16927,"url":"https:\/\/www.achimbrueckner.de\/dxradio\/php\/wordpress\/?p=16927","url_meta":{"origin":25647,"position":2},"title":"bund-und-laender-zu-dab-digitalisierung-des-hoerfunks-zuegig-vorantreiben","author":"Administrator","date":"March 16, 2018","format":false,"excerpt":"https:\/\/radioempfang.digital\/news\/bund-und-laender-zu-dab-digitalisierung-des-hoerfunks-zuegig-vorantreiben\/","rel":"","context":"In &quot;Deutsch&quot;","block_context":{"text":"Deutsch","link":"https:\/\/www.achimbrueckner.de\/dxradio\/php\/wordpress\/?cat=1"},"img":{"alt_text":"","src":"","width":0,"height":0},"classes":[]},{"id":30264,"url":"https:\/\/www.achimbrueckner.de\/dxradio\/php\/wordpress\/?p=30264","url_meta":{"origin":25647,"position":3},"title":"DAB+: Countdown zur Digitalradiopflicht im Dezember","author":"Administrator","date":"September 30, 2020","format":false,"excerpt":"https:\/\/www.teltarif.de\/radio-dab-plus-pflicht-neuwagen\/news\/82114.html","rel":"","context":"In &quot;Deutsch&quot;","block_context":{"text":"Deutsch","link":"https:\/\/www.achimbrueckner.de\/dxradio\/php\/wordpress\/?cat=1"},"img":{"alt_text":"","src":"","width":0,"height":0},"classes":[]},{"id":24704,"url":"https:\/\/www.achimbrueckner.de\/dxradio\/php\/wordpress\/?p=24704","url_meta":{"origin":25647,"position":4},"title":"Digitalradiotag 2019: \u201cKnoten f\u00fcr DAB+ geplatzt\u201d","author":"Administrator","date":"September 9, 2019","format":false,"excerpt":"https:\/\/www.radioszene.de\/136529\/digitalradiotag-2019-digitalradiopflicht-digitalradio-dab-ifa.html","rel":"","context":"In &quot;Deutsch&quot;","block_context":{"text":"Deutsch","link":"https:\/\/www.achimbrueckner.de\/dxradio\/php\/wordpress\/?cat=1"},"img":{"alt_text":"","src":"","width":0,"height":0},"classes":[]},{"id":45230,"url":"https:\/\/www.achimbrueckner.de\/dxradio\/php\/wordpress\/?p=45230","url_meta":{"origin":25647,"position":5},"title":"Frankreich: Meilenstein beim DAB+ Sendernetzausbau","author":"Administrator","date":"March 13, 2026","format":false,"excerpt":"https:\/\/www.radioblog.eu\/2026\/03\/13\/frankreich-meilenstein-beim-dab-sendernetzausbau\/","rel":"","context":"In &quot;Deutsch&quot;","block_context":{"text":"Deutsch","link":"https:\/\/www.achimbrueckner.de\/dxradio\/php\/wordpress\/?cat=1"},"img":{"alt_text":"","src":"","width":0,"height":0},"classes":[]}],"_links":{"self":[{"href":"https:\/\/www.achimbrueckner.de\/dxradio\/php\/wordpress\/index.php?rest_route=\/wp\/v2\/posts\/25647","targetHints":{"allow":["GET"]}}],"collection":[{"href":"https:\/\/www.achimbrueckner.de\/dxradio\/php\/wordpress\/index.php?rest_route=\/wp\/v2\/posts"}],"about":[{"href":"https:\/\/www.achimbrueckner.de\/dxradio\/php\/wordpress\/index.php?rest_route=\/wp\/v2\/types\/post"}],"author":[{"embeddable":true,"href":"https:\/\/www.achimbrueckner.de\/dxradio\/php\/wordpress\/index.php?rest_route=\/wp\/v2\/users\/1"}],"replies":[{"embeddable":true,"href":"https:\/\/www.achimbrueckner.de\/dxradio\/php\/wordpress\/index.php?rest_route=%2Fwp%2Fv2%2Fcomments&post=25647"}],"version-history":[{"count":0,"href":"https:\/\/www.achimbrueckner.de\/dxradio\/php\/wordpress\/index.php?rest_route=\/wp\/v2\/posts\/25647\/revisions"}],"wp:attachment":[{"href":"https:\/\/www.achimbrueckner.de\/dxradio\/php\/wordpress\/index.php?rest_route=%2Fwp%2Fv2%2Fmedia&parent=25647"}],"wp:term":[{"taxonomy":"category","embeddable":true,"href":"https:\/\/www.achimbrueckner.de\/dxradio\/php\/wordpress\/index.php?rest_route=%2Fwp%2Fv2%2Fcategories&post=25647"},{"taxonomy":"post_tag","embeddable":true,"href":"https:\/\/www.achimbrueckner.de\/dxradio\/php\/wordpress\/index.php?rest_route=%2Fwp%2Fv2%2Ftags&post=25647"}],"curies":[{"name":"wp","href":"https:\/\/api.w.org\/{rel}","templated":true}]}}