{"id":25870,"date":"2019-11-22T15:30:31","date_gmt":"2019-11-22T15:30:31","guid":{"rendered":"https:\/\/www.achimbrueckner.de\/dxradio\/php\/wordpress\/?p=25870"},"modified":"2019-11-22T15:30:31","modified_gmt":"2019-11-22T15:30:31","slug":"viacom-startet-heute-mymtv-music","status":"publish","type":"post","link":"https:\/\/www.achimbrueckner.de\/dxradio\/php\/wordpress\/?p=25870","title":{"rendered":"Viacom startet heute MyMTV Music"},"content":{"rendered":"<p><a href=\"https:\/\/www.digitalfernsehen.de\/news\/empfang\/streaming-empfang\/viacom-launcht-heute-mymtv-music-in-der-schweiz-549270\/\" rel=\"noopener noreferrer\" target=\"_blank\">https:\/\/www.digitalfernsehen.de\/news\/empfang\/streaming-empfang\/viacom-launcht-heute-mymtv-music-in-der-schweiz-549270\/<\/a><\/p>\n","protected":false},"excerpt":{"rendered":"<p>https:\/\/www.digitalfernsehen.de\/news\/empfang\/streaming-empfang\/viacom-launcht-heute-mymtv-music-in-der-schweiz-549270\/<\/p>\n","protected":false},"author":1,"featured_media":0,"comment_status":"closed","ping_status":"open","sticky":false,"template":"","format":"standard","meta":{"_jetpack_memberships_contains_paid_content":false,"footnotes":"","jetpack_publicize_message":"","jetpack_publicize_feature_enabled":true,"jetpack_social_post_already_shared":true,"jetpack_social_options":{"image_generator_settings":{"template":"highway","default_image_id":0,"font":"","enabled":false},"version":2}},"categories":[1,3],"tags":[24,42],"class_list":["post-25870","post","type-post","status-publish","format-standard","hentry","category-deutsch","category-empfang","tag-am","tag-empfang"],"jetpack_publicize_connections":[],"jetpack_featured_media_url":"","jetpack_sharing_enabled":true,"jetpack_shortlink":"https:\/\/wp.me\/p5CDmr-6Jg","jetpack-related-posts":[{"id":14,"url":"https:\/\/www.achimbrueckner.de\/dxradio\/php\/wordpress\/?p=14","url_meta":{"origin":25870,"position":0},"title":"Radio Cancao Nova auf 9675 Khz","author":"Administrator","date":"September 16, 2005","format":false,"excerpt":"Radio Cancao Nova kommt heute abend um 2305 Utc stark auf der 9675 Khz an. Es wird ein religi\u00f6ses Programm in Portugiesisch gesendet und der Empfang ist auf freier Frequenz O=3\/4. Die anderen Brasilianer im 31m Band sind heute nur schwach bis gar nicht aufzunehmen, aber vielleicht werden die Signale\u2026","rel":"","context":"In &quot;Empfang&quot;","block_context":{"text":"Empfang","link":"https:\/\/www.achimbrueckner.de\/dxradio\/php\/wordpress\/?cat=3"},"img":{"alt_text":"","src":"","width":0,"height":0},"classes":[]},{"id":2360,"url":"https:\/\/www.achimbrueckner.de\/dxradio\/php\/wordpress\/?p=2360","url_meta":{"origin":25870,"position":1},"title":"Kurzwellenempfang heute","author":"Administrator","date":"December 27, 2012","format":false,"excerpt":"Nils Schiffhauers \"Kurzwellenempfang heute\". Da wird vieles, vieles erkl\u00e4rt. Verst\u00e4ndlich erkl\u00e4rt! http:\/\/www.amazon.de\/exec\/obidos\/ASIN\/3881808728\/kurzwellenemp-21 Info via A-DX","rel":"","context":"In &quot;Deutsch&quot;","block_context":{"text":"Deutsch","link":"https:\/\/www.achimbrueckner.de\/dxradio\/php\/wordpress\/?cat=1"},"img":{"alt_text":"","src":"","width":0,"height":0},"classes":[]},{"id":13,"url":"https:\/\/www.achimbrueckner.de\/dxradio\/php\/wordpress\/?p=13","url_meta":{"origin":25870,"position":2},"title":"RAE Buenos Aires auf 15345 Khz","author":"Administrator","date":"September 16, 2005","format":false,"excerpt":"Sch\u00f6ne Tangos gibt es heute bei RAE Buenos Aires auf 15345 Khz zu h\u00f6ren. Der Empfang ist um 2240 Utc st\u00f6rungsfrei mit O=3 und es wird das Programm in Spanisch ausgestrahlt.","rel":"","context":"In &quot;Empfang&quot;","block_context":{"text":"Empfang","link":"https:\/\/www.achimbrueckner.de\/dxradio\/php\/wordpress\/?cat=3"},"img":{"alt_text":"","src":"","width":0,"height":0},"classes":[]},{"id":2738,"url":"https:\/\/www.achimbrueckner.de\/dxradio\/php\/wordpress\/?p=2738","url_meta":{"origin":25870,"position":3},"title":"Radio360.eu|Nacht auf Kurzwelle 3985 kHz","author":"Administrator","date":"November 1, 2013","format":false,"excerpt":"Heute Abend beginnt die Radio360.eu|Nacht auf Kurzwelle 3985 kHz ab 20.30 Uhr MEZ. Alle Infos unter www.radio360.eu\/nacht \u2013 unseren aktuellen Programmplan findet ihr unter www.shortwaveservice.com. Guten Empfang!","rel":"","context":"In &quot;Deutsch&quot;","block_context":{"text":"Deutsch","link":"https:\/\/www.achimbrueckner.de\/dxradio\/php\/wordpress\/?cat=1"},"img":{"alt_text":"","src":"","width":0,"height":0},"classes":[]},{"id":2522,"url":"https:\/\/www.achimbrueckner.de\/dxradio\/php\/wordpress\/?p=2522","url_meta":{"origin":25870,"position":4},"title":"AM- und UKW-Empfang in Seoul aus Nordkorea","author":"Administrator","date":"July 11, 2013","format":false,"excerpt":"Durch das ukwtv.de-Forum bin ich soeben auf einen interessanten Artikel gesto\u00dfen. Die Webseite nknews.org besch\u00e4ftigt sich heute mit dem Empfang von nordkoreanischen Sendern in S\u00fcdkorea, durch s\u00fcdkoreanisches Jamming ist das gar nicht so einfach. Die Artikel sind mit interessanten H\u00f6rbeispielen erg\u00e4nzt worden: Teil 1: AM-Empfang http:\/\/www.nknews.org\/2013\/07\/seouls-north-korean-jamming-am-and-shortwave\/ Teil 2: UKW-Empfang http:\/\/www.nknews.org\/2013\/07\/seouls-north-korean-jamming-catching-fm-stations\/\u2026","rel":"","context":"In &quot;Empfang&quot;","block_context":{"text":"Empfang","link":"https:\/\/www.achimbrueckner.de\/dxradio\/php\/wordpress\/?cat=3"},"img":{"alt_text":"","src":"","width":0,"height":0},"classes":[]},{"id":234,"url":"https:\/\/www.achimbrueckner.de\/dxradio\/php\/wordpress\/?p=234","url_meta":{"origin":25870,"position":5},"title":"VOIRI Teheran","author":"Administrator","date":"December 9, 2006","format":false,"excerpt":"VOIRI Teheran ist heute um 1820 Utc auf 6255 Khz in Deutsch mit SINPO 54444 zu h\u00f6ren. Im Programm wird \u00fcber Jesus und den Islam gesprochen. Auf der gelisteten Frequenz 6250 Khz via Litauen gibt es keinen Empfang. Eventuell kommt die nicht gelistete 6255 Khz aus Litauen.","rel":"","context":"In &quot;Empfang&quot;","block_context":{"text":"Empfang","link":"https:\/\/www.achimbrueckner.de\/dxradio\/php\/wordpress\/?cat=3"},"img":{"alt_text":"","src":"","width":0,"height":0},"classes":[]}],"_links":{"self":[{"href":"https:\/\/www.achimbrueckner.de\/dxradio\/php\/wordpress\/index.php?rest_route=\/wp\/v2\/posts\/25870","targetHints":{"allow":["GET"]}}],"collection":[{"href":"https:\/\/www.achimbrueckner.de\/dxradio\/php\/wordpress\/index.php?rest_route=\/wp\/v2\/posts"}],"about":[{"href":"https:\/\/www.achimbrueckner.de\/dxradio\/php\/wordpress\/index.php?rest_route=\/wp\/v2\/types\/post"}],"author":[{"embeddable":true,"href":"https:\/\/www.achimbrueckner.de\/dxradio\/php\/wordpress\/index.php?rest_route=\/wp\/v2\/users\/1"}],"replies":[{"embeddable":true,"href":"https:\/\/www.achimbrueckner.de\/dxradio\/php\/wordpress\/index.php?rest_route=%2Fwp%2Fv2%2Fcomments&post=25870"}],"version-history":[{"count":0,"href":"https:\/\/www.achimbrueckner.de\/dxradio\/php\/wordpress\/index.php?rest_route=\/wp\/v2\/posts\/25870\/revisions"}],"wp:attachment":[{"href":"https:\/\/www.achimbrueckner.de\/dxradio\/php\/wordpress\/index.php?rest_route=%2Fwp%2Fv2%2Fmedia&parent=25870"}],"wp:term":[{"taxonomy":"category","embeddable":true,"href":"https:\/\/www.achimbrueckner.de\/dxradio\/php\/wordpress\/index.php?rest_route=%2Fwp%2Fv2%2Fcategories&post=25870"},{"taxonomy":"post_tag","embeddable":true,"href":"https:\/\/www.achimbrueckner.de\/dxradio\/php\/wordpress\/index.php?rest_route=%2Fwp%2Fv2%2Ftags&post=25870"}],"curies":[{"name":"wp","href":"https:\/\/api.w.org\/{rel}","templated":true}]}}