{"id":25938,"date":"2019-11-25T16:53:59","date_gmt":"2019-11-25T16:53:59","guid":{"rendered":"https:\/\/www.achimbrueckner.de\/dxradio\/php\/wordpress\/?p=25938"},"modified":"2019-11-25T16:53:59","modified_gmt":"2019-11-25T16:53:59","slug":"fmk-besucht-die-medienszene-ulm-2019","status":"publish","type":"post","link":"https:\/\/www.achimbrueckner.de\/dxradio\/php\/wordpress\/?p=25938","title":{"rendered":"FMK besucht die Medienszene Ulm 2019"},"content":{"rendered":"<p><a href=\"https:\/\/www.youtube.com\/watch?v=hjH0jrf4vCk&#038;feature=youtu.be\" rel=\"noopener noreferrer\" target=\"_blank\">https:\/\/www.youtube.com\/watch?v=hjH0jrf4vCk&#038;feature=youtu.be<\/a><\/p>\n","protected":false},"excerpt":{"rendered":"<p>https:\/\/www.youtube.com\/watch?v=hjH0jrf4vCk&#038;feature=youtu.be<\/p>\n","protected":false},"author":1,"featured_media":0,"comment_status":"closed","ping_status":"open","sticky":false,"template":"","format":"standard","meta":{"_jetpack_memberships_contains_paid_content":false,"footnotes":"","jetpack_publicize_message":"","jetpack_publicize_feature_enabled":true,"jetpack_social_post_already_shared":true,"jetpack_social_options":{"image_generator_settings":{"template":"highway","default_image_id":0,"font":"","enabled":false},"version":2}},"categories":[1,15],"tags":[28,45],"class_list":["post-25938","post","type-post","status-publish","format-standard","hentry","category-deutsch","category-medien","tag-fm","tag-medien"],"jetpack_publicize_connections":[],"jetpack_featured_media_url":"","jetpack_sharing_enabled":true,"jetpack_shortlink":"https:\/\/wp.me\/p5CDmr-6Km","jetpack-related-posts":[{"id":13891,"url":"https:\/\/www.achimbrueckner.de\/dxradio\/php\/wordpress\/?p=13891","url_meta":{"origin":25938,"position":0},"title":"FMK Wendelstein 2017","author":"Administrator","date":"July 25, 2017","format":false,"excerpt":"https:\/\/www.youtube.com\/watch?v=-w0jaB4iYqQ&feature=youtu.be","rel":"","context":"In &quot;Deutsch&quot;","block_context":{"text":"Deutsch","link":"https:\/\/www.achimbrueckner.de\/dxradio\/php\/wordpress\/?cat=1"},"img":{"alt_text":"","src":"","width":0,"height":0},"classes":[]},{"id":32843,"url":"https:\/\/www.achimbrueckner.de\/dxradio\/php\/wordpress\/?p=32843","url_meta":{"origin":25938,"position":1},"title":"Keine FMK Medientage 2021","author":"Administrator","date":"June 8, 2021","format":false,"excerpt":"FM Kompakt intern: Aufgrund der besonderen Situation wird es 2021 keine FMK- Medientage geben. Die Senderbetreiber und Radiomacher haben andere Dinge zu stemmen, als f\u00fcr uns Gastgeber zu sein. Hoffen wir auf eine neue Chance im n\u00e4chsten Jahr. Danke f\u00fcr euer Verst\u00e4ndnis. Info via Facebook","rel":"","context":"In &quot;Deutsch&quot;","block_context":{"text":"Deutsch","link":"https:\/\/www.achimbrueckner.de\/dxradio\/php\/wordpress\/?cat=1"},"img":{"alt_text":"","src":"","width":0,"height":0},"classes":[]},{"id":27982,"url":"https:\/\/www.achimbrueckner.de\/dxradio\/php\/wordpress\/?p=27982","url_meta":{"origin":25938,"position":2},"title":"FMK Wendelstein 2017","author":"Administrator","date":"April 4, 2020","format":false,"excerpt":"https:\/\/www.youtube.com\/watch?v=-w0jaB4iYqQ","rel":"","context":"In &quot;Deutsch&quot;","block_context":{"text":"Deutsch","link":"https:\/\/www.achimbrueckner.de\/dxradio\/php\/wordpress\/?cat=1"},"img":{"alt_text":"","src":"","width":0,"height":0},"classes":[]},{"id":14959,"url":"https:\/\/www.achimbrueckner.de\/dxradio\/php\/wordpress\/?p=14959","url_meta":{"origin":25938,"position":3},"title":"FM Kompakt Radiofreundetreffen Stra\u00dfburg &#038; Offenburg 2017","author":"Administrator","date":"October 12, 2017","format":false,"excerpt":"https:\/\/www.youtube.com\/watch?v=VAIQ7EefBrc&feature=youtu.be","rel":"","context":"In &quot;Deutsch&quot;","block_context":{"text":"Deutsch","link":"https:\/\/www.achimbrueckner.de\/dxradio\/php\/wordpress\/?cat=1"},"img":{"alt_text":"","src":"","width":0,"height":0},"classes":[]},{"id":10903,"url":"https:\/\/www.achimbrueckner.de\/dxradio\/php\/wordpress\/?p=10903","url_meta":{"origin":25938,"position":4},"title":"MEDIENTAGE M\u00dcNCHEN 2016 TV-Journal: R\u00fcckblick auf die 30. Medientage","author":"Administrator","date":"October 31, 2016","format":false,"excerpt":"https:\/\/www.youtube.com\/watch?v=w980xaDmTdc","rel":"","context":"In &quot;Deutsch&quot;","block_context":{"text":"Deutsch","link":"https:\/\/www.achimbrueckner.de\/dxradio\/php\/wordpress\/?cat=1"},"img":{"alt_text":"","src":"","width":0,"height":0},"classes":[]},{"id":27058,"url":"https:\/\/www.achimbrueckner.de\/dxradio\/php\/wordpress\/?p=27058","url_meta":{"origin":25938,"position":5},"title":"FMK Jukebox","author":"Administrator","date":"February 7, 2020","format":false,"excerpt":"Hallo liebe Radiofreunde, am Sonntag h\u00f6rt ihr die 112.Ausgabe unseres Radiomagazins. Die Sendung ist randvoll mit aktuellen Beitr\u00e4gen und einer Fortsezung der Stationszeichensendereihe. Zu h\u00f6ren wie immer via laut.fm\/jukebox Samstag 08.02.2020 11:00-12:00 Uhr RMG Zeitzeugen - Radio Minsk Belarus 12:00-13:00 Uhr J\u00f6rn Kriegers - Ravin Rock (99) 13:00-15:00 Uhr SM\u2026","rel":"","context":"In &quot;Deutsch&quot;","block_context":{"text":"Deutsch","link":"https:\/\/www.achimbrueckner.de\/dxradio\/php\/wordpress\/?cat=1"},"img":{"alt_text":"","src":"","width":0,"height":0},"classes":[]}],"_links":{"self":[{"href":"https:\/\/www.achimbrueckner.de\/dxradio\/php\/wordpress\/index.php?rest_route=\/wp\/v2\/posts\/25938","targetHints":{"allow":["GET"]}}],"collection":[{"href":"https:\/\/www.achimbrueckner.de\/dxradio\/php\/wordpress\/index.php?rest_route=\/wp\/v2\/posts"}],"about":[{"href":"https:\/\/www.achimbrueckner.de\/dxradio\/php\/wordpress\/index.php?rest_route=\/wp\/v2\/types\/post"}],"author":[{"embeddable":true,"href":"https:\/\/www.achimbrueckner.de\/dxradio\/php\/wordpress\/index.php?rest_route=\/wp\/v2\/users\/1"}],"replies":[{"embeddable":true,"href":"https:\/\/www.achimbrueckner.de\/dxradio\/php\/wordpress\/index.php?rest_route=%2Fwp%2Fv2%2Fcomments&post=25938"}],"version-history":[{"count":0,"href":"https:\/\/www.achimbrueckner.de\/dxradio\/php\/wordpress\/index.php?rest_route=\/wp\/v2\/posts\/25938\/revisions"}],"wp:attachment":[{"href":"https:\/\/www.achimbrueckner.de\/dxradio\/php\/wordpress\/index.php?rest_route=%2Fwp%2Fv2%2Fmedia&parent=25938"}],"wp:term":[{"taxonomy":"category","embeddable":true,"href":"https:\/\/www.achimbrueckner.de\/dxradio\/php\/wordpress\/index.php?rest_route=%2Fwp%2Fv2%2Fcategories&post=25938"},{"taxonomy":"post_tag","embeddable":true,"href":"https:\/\/www.achimbrueckner.de\/dxradio\/php\/wordpress\/index.php?rest_route=%2Fwp%2Fv2%2Ftags&post=25938"}],"curies":[{"name":"wp","href":"https:\/\/api.w.org\/{rel}","templated":true}]}}