{"id":25958,"date":"2019-11-26T16:19:36","date_gmt":"2019-11-26T16:19:36","guid":{"rendered":"https:\/\/www.achimbrueckner.de\/dxradio\/php\/wordpress\/?p=25958"},"modified":"2019-11-26T16:19:36","modified_gmt":"2019-11-26T16:19:36","slug":"radionomy-gibt-zum-jahreswechsel-auf","status":"publish","type":"post","link":"https:\/\/www.achimbrueckner.de\/dxradio\/php\/wordpress\/?p=25958","title":{"rendered":"Radionomy gibt zum Jahreswechsel auf"},"content":{"rendered":"<p><a href=\"https:\/\/www.smartphonefan.de\/2019\/11\/26\/radionomy-gibt-zum-jahreswechsel-auf\/\" rel=\"noopener noreferrer\" target=\"_blank\">https:\/\/www.smartphonefan.de\/2019\/11\/26\/radionomy-gibt-zum-jahreswechsel-auf\/<\/a><\/p>\n","protected":false},"excerpt":{"rendered":"<p>https:\/\/www.smartphonefan.de\/2019\/11\/26\/radionomy-gibt-zum-jahreswechsel-auf\/<\/p>\n","protected":false},"author":1,"featured_media":0,"comment_status":"closed","ping_status":"open","sticky":false,"template":"","format":"standard","meta":{"_jetpack_memberships_contains_paid_content":false,"footnotes":"","jetpack_publicize_message":"","jetpack_publicize_feature_enabled":true,"jetpack_social_post_already_shared":true,"jetpack_social_options":{"image_generator_settings":{"template":"highway","default_image_id":0,"font":"","enabled":false},"version":2}},"categories":[1],"tags":[],"class_list":["post-25958","post","type-post","status-publish","format-standard","hentry","category-deutsch"],"jetpack_publicize_connections":[],"jetpack_featured_media_url":"","jetpack_sharing_enabled":true,"jetpack_shortlink":"https:\/\/wp.me\/p5CDmr-6KG","jetpack-related-posts":[{"id":43343,"url":"https:\/\/www.achimbrueckner.de\/dxradio\/php\/wordpress\/?p=43343","url_meta":{"origin":25958,"position":0},"title":"OAS: Zum Jahreswechsel neues Programm auf DAB+?","author":"Administrator","date":"July 21, 2025","format":false,"excerpt":"https:\/\/www.radioblog.eu\/2025\/07\/21\/oas-zum-jahreswechsel-neues-programm-auf-dab\/","rel":"","context":"In &quot;Deutsch&quot;","block_context":{"text":"Deutsch","link":"https:\/\/www.achimbrueckner.de\/dxradio\/php\/wordpress\/?cat=1"},"img":{"alt_text":"","src":"","width":0,"height":0},"classes":[]},{"id":38246,"url":"https:\/\/www.achimbrueckner.de\/dxradio\/php\/wordpress\/?p=38246","url_meta":{"origin":25958,"position":1},"title":"Classic Hits Radio Silvester 2022","author":"Administrator","date":"December 18, 2022","format":false,"excerpt":"Classic Hits Radio w\u00fcnscht allen H\u00f6rern einen sch\u00f6nen vierten Advent. Wir begleiten Euch mit Pop und Rock aus 60 Jahren Musikgeschichte durch die Adventszeit. An Silvester sind wir wieder live f\u00fcr Euch auf Sendung. Details zum Programm \u00fcber den Jahreswechsel gibt es demn\u00e4chst hier auf Facebook und Instagram. Ihr h\u00f6rt\u2026","rel":"","context":"In &quot;Deutsch&quot;","block_context":{"text":"Deutsch","link":"https:\/\/www.achimbrueckner.de\/dxradio\/php\/wordpress\/?cat=1"},"img":{"alt_text":"","src":"","width":0,"height":0},"classes":[]},{"id":42094,"url":"https:\/\/www.achimbrueckner.de\/dxradio\/php\/wordpress\/?p=42094","url_meta":{"origin":25958,"position":2},"title":"DAB+ &#038; UKW: Diese \u00c4nderungen gibt es zum Jahreswechsel","author":"Administrator","date":"January 2, 2025","format":false,"excerpt":"https:\/\/www.teltarif.de\/dabplus-radio-ukw\/news\/97458.html","rel":"","context":"In &quot;Deutsch&quot;","block_context":{"text":"Deutsch","link":"https:\/\/www.achimbrueckner.de\/dxradio\/php\/wordpress\/?cat=1"},"img":{"alt_text":"","src":"","width":0,"height":0},"classes":[]},{"id":40717,"url":"https:\/\/www.achimbrueckner.de\/dxradio\/php\/wordpress\/?p=40717","url_meta":{"origin":25958,"position":3},"title":"DAB+: Auf- und Abschaltungen zum Jahreswechsel","author":"Administrator","date":"January 2, 2024","format":false,"excerpt":"https:\/\/www.teltarif.de\/dabplus-radio-digitalradio\/news\/94163.html","rel":"","context":"In &quot;Deutsch&quot;","block_context":{"text":"Deutsch","link":"https:\/\/www.achimbrueckner.de\/dxradio\/php\/wordpress\/?cat=1"},"img":{"alt_text":"","src":"","width":0,"height":0},"classes":[]},{"id":38369,"url":"https:\/\/www.achimbrueckner.de\/dxradio\/php\/wordpress\/?p=38369","url_meta":{"origin":25958,"position":4},"title":"Berlin: DAB+-Programmvielfalt wird zum Jahreswechsel kleiner","author":"Administrator","date":"December 27, 2022","format":false,"excerpt":"https:\/\/www.radioblog.eu\/2022\/12\/27\/berlin-dab-programmvielfalt-wird-zum-jahreswechsel-kleiner\/","rel":"","context":"In &quot;Deutsch&quot;","block_context":{"text":"Deutsch","link":"https:\/\/www.achimbrueckner.de\/dxradio\/php\/wordpress\/?cat=1"},"img":{"alt_text":"","src":"","width":0,"height":0},"classes":[]},{"id":38367,"url":"https:\/\/www.achimbrueckner.de\/dxradio\/php\/wordpress\/?p=38367","url_meta":{"origin":25958,"position":5},"title":"Adieu les grandes ondes \/ Luxemburgs franz\u00f6sischsprachige Langwelle 234 kHz verabschiedet sich zum Jahreswechsel","author":"Administrator","date":"December 27, 2022","format":false,"excerpt":"https:\/\/www.tageblatt.lu\/headlines\/luxemburgs-franzoesischsprachige-langwelle-234-khz-verabschiedet-sich-zum-jahreswechsel\/","rel":"","context":"In &quot;Deutsch&quot;","block_context":{"text":"Deutsch","link":"https:\/\/www.achimbrueckner.de\/dxradio\/php\/wordpress\/?cat=1"},"img":{"alt_text":"","src":"","width":0,"height":0},"classes":[]}],"_links":{"self":[{"href":"https:\/\/www.achimbrueckner.de\/dxradio\/php\/wordpress\/index.php?rest_route=\/wp\/v2\/posts\/25958","targetHints":{"allow":["GET"]}}],"collection":[{"href":"https:\/\/www.achimbrueckner.de\/dxradio\/php\/wordpress\/index.php?rest_route=\/wp\/v2\/posts"}],"about":[{"href":"https:\/\/www.achimbrueckner.de\/dxradio\/php\/wordpress\/index.php?rest_route=\/wp\/v2\/types\/post"}],"author":[{"embeddable":true,"href":"https:\/\/www.achimbrueckner.de\/dxradio\/php\/wordpress\/index.php?rest_route=\/wp\/v2\/users\/1"}],"replies":[{"embeddable":true,"href":"https:\/\/www.achimbrueckner.de\/dxradio\/php\/wordpress\/index.php?rest_route=%2Fwp%2Fv2%2Fcomments&post=25958"}],"version-history":[{"count":0,"href":"https:\/\/www.achimbrueckner.de\/dxradio\/php\/wordpress\/index.php?rest_route=\/wp\/v2\/posts\/25958\/revisions"}],"wp:attachment":[{"href":"https:\/\/www.achimbrueckner.de\/dxradio\/php\/wordpress\/index.php?rest_route=%2Fwp%2Fv2%2Fmedia&parent=25958"}],"wp:term":[{"taxonomy":"category","embeddable":true,"href":"https:\/\/www.achimbrueckner.de\/dxradio\/php\/wordpress\/index.php?rest_route=%2Fwp%2Fv2%2Fcategories&post=25958"},{"taxonomy":"post_tag","embeddable":true,"href":"https:\/\/www.achimbrueckner.de\/dxradio\/php\/wordpress\/index.php?rest_route=%2Fwp%2Fv2%2Ftags&post=25958"}],"curies":[{"name":"wp","href":"https:\/\/api.w.org\/{rel}","templated":true}]}}