{"id":25959,"date":"2019-11-26T16:42:24","date_gmt":"2019-11-26T16:42:24","guid":{"rendered":"https:\/\/www.achimbrueckner.de\/dxradio\/php\/wordpress\/?p=25959"},"modified":"2019-11-26T16:42:24","modified_gmt":"2019-11-26T16:42:24","slug":"das-schicksal-der-zeitungen-mit-dummlicher-ignoranz-begleitet-medienprofessor-porksen-uber-die-krise-der-presse","status":"publish","type":"post","link":"https:\/\/www.achimbrueckner.de\/dxradio\/php\/wordpress\/?p=25959","title":{"rendered":"\u201cDas Schicksal der Zeitungen mit d\u00fcmmlicher Ignoranz begleitet\u201d \u2013 Medienprofessor P\u00f6rksen \u00fcber die Krise der Presse"},"content":{"rendered":"<p><a href=\"https:\/\/meedia.de\/2019\/11\/26\/das-schicksal-der-zeitungen-mit-duemmlicher-ignoranz-begleitet-medienprofessor-poerksen-ueber-die-krise-der-presse\/\" rel=\"noopener noreferrer\" target=\"_blank\">https:\/\/meedia.de\/2019\/11\/26\/das-schicksal-der-zeitungen-mit-duemmlicher-ignoranz-begleitet-medienprofessor-poerksen-ueber-die-krise-der-presse\/<\/a><\/p>\n","protected":false},"excerpt":{"rendered":"<p>https:\/\/meedia.de\/2019\/11\/26\/das-schicksal-der-zeitungen-mit-duemmlicher-ignoranz-begleitet-medienprofessor-poerksen-ueber-die-krise-der-presse\/<\/p>\n","protected":false},"author":1,"featured_media":0,"comment_status":"closed","ping_status":"open","sticky":false,"template":"","format":"standard","meta":{"_jetpack_memberships_contains_paid_content":false,"footnotes":"","jetpack_publicize_message":"","jetpack_publicize_feature_enabled":true,"jetpack_social_post_already_shared":true,"jetpack_social_options":{"image_generator_settings":{"template":"highway","default_image_id":0,"font":"","enabled":false},"version":2}},"categories":[1,15],"tags":[45],"class_list":["post-25959","post","type-post","status-publish","format-standard","hentry","category-deutsch","category-medien","tag-medien"],"jetpack_publicize_connections":[],"jetpack_featured_media_url":"","jetpack_sharing_enabled":true,"jetpack_shortlink":"https:\/\/wp.me\/p5CDmr-6KH","jetpack-related-posts":[{"id":16619,"url":"https:\/\/www.achimbrueckner.de\/dxradio\/php\/wordpress\/?p=16619","url_meta":{"origin":25959,"position":0},"title":"\u201eBei Audio kapituliert der kritische Verstand\u201c \u2013 Medienprofessor Bolz \u00fcber die Zukunft der Gattung Radio und auditiven Sex-Appeal","author":"Administrator","date":"February 23, 2018","format":false,"excerpt":"http:\/\/meedia.de\/2018\/02\/23\/bei-audio-kapituliert-unser-kritischer-verstand-medienprofessor-norbert-bolz-ueber-die-zukunft-der-gattung-radio-und-auditiven-sex-appeal\/","rel":"","context":"In &quot;audio&quot;","block_context":{"text":"audio","link":"https:\/\/www.achimbrueckner.de\/dxradio\/php\/wordpress\/?cat=47"},"img":{"alt_text":"","src":"","width":0,"height":0},"classes":[]},{"id":19919,"url":"https:\/\/www.achimbrueckner.de\/dxradio\/php\/wordpress\/?p=19919","url_meta":{"origin":25959,"position":1},"title":"WDR als \u201cganovenhafter Arbeitgeber\u201d \u2013 Medienprofessor rechnet mit dem System Scheinselbstst\u00e4ndigkeit im \u00f6ffentlichen Rundfunk ab","author":"Administrator","date":"November 5, 2018","format":false,"excerpt":"https:\/\/meedia.de\/2018\/11\/05\/wdr-als-ganovenhafter-arbeitgeber-medienprofessor-rechnet-mit-dem-system-scheinselbststaendigkeit-im-oeffentlichen-rundfunk-ab\/","rel":"","context":"In &quot;Deutsch&quot;","block_context":{"text":"Deutsch","link":"https:\/\/www.achimbrueckner.de\/dxradio\/php\/wordpress\/?cat=1"},"img":{"alt_text":"","src":"","width":0,"height":0},"classes":[]},{"id":14031,"url":"https:\/\/www.achimbrueckner.de\/dxradio\/php\/wordpress\/?p=14031","url_meta":{"origin":25959,"position":2},"title":"Einkommensabh\u00e4ngige Medienabgabe als \u00aboptimale L\u00f6sung\u00bb","author":"Administrator","date":"August 6, 2017","format":false,"excerpt":"https:\/\/www.nzz.ch\/feuilleton\/medien\/medienprofessor-manuel-puppis-zur-medienpolitik-einkommensabhaengige-medienabgabe-als-optimale-loesung-ld.1309029","rel":"","context":"In &quot;Deutsch&quot;","block_context":{"text":"Deutsch","link":"https:\/\/www.achimbrueckner.de\/dxradio\/php\/wordpress\/?cat=1"},"img":{"alt_text":"","src":"","width":0,"height":0},"classes":[]},{"id":24419,"url":"https:\/\/www.achimbrueckner.de\/dxradio\/php\/wordpress\/?p=24419","url_meta":{"origin":25959,"position":3},"title":"Log: BBC WS (neu f\u00fcr Kashmir)","author":"Administrator","date":"August 22, 2019","format":false,"excerpt":"Hallo a-dxer, die neu in die BBC Sendeliste aufgenommenden Sendungen f\u00fcr Kashmir k\u00f6nnen gut in Europa aufgenommen werden: 1800 UT 6040 UZB BBC WS O=3-4 1805 UT 7345 ARM BBC WS O=4 Ausf\u00fchrlich wird \u00fcber Deal\/No Deal, Johnson, Merkel berichtet. Ob das irgend jemand in der Krisenregion Kashmir interessiert? Denen\u2026","rel":"","context":"In &quot;Deutsch&quot;","block_context":{"text":"Deutsch","link":"https:\/\/www.achimbrueckner.de\/dxradio\/php\/wordpress\/?cat=1"},"img":{"alt_text":"","src":"","width":0,"height":0},"classes":[]},{"id":28074,"url":"https:\/\/www.achimbrueckner.de\/dxradio\/php\/wordpress\/?p=28074","url_meta":{"origin":25959,"position":4},"title":"Demokratie in der Corona-Krise: Welche Rolle spielen die Medien?","author":"Administrator","date":"April 9, 2020","format":false,"excerpt":"https:\/\/www.swr.de\/swraktuell\/radio\/demokratie-in-der-corona-krise-welche-rolle-spielen-die-medien-100.html","rel":"","context":"In &quot;Deutsch&quot;","block_context":{"text":"Deutsch","link":"https:\/\/www.achimbrueckner.de\/dxradio\/php\/wordpress\/?cat=1"},"img":{"alt_text":"","src":"","width":0,"height":0},"classes":[]},{"id":26611,"url":"https:\/\/www.achimbrueckner.de\/dxradio\/php\/wordpress\/?p=26611","url_meta":{"origin":25959,"position":5},"title":"\u00d6ffentlich-Rechtliche in der Krise Warum die Oma im H\u00fchnerstall Motorrad f\u00e4hrt","author":"Administrator","date":"January 10, 2020","format":false,"excerpt":"https:\/\/www.tagesspiegel.de\/gesellschaft\/medien\/oeffentlich-rechtliche-in-der-krise-warum-die-oma-im-huehnerstall-motorrad-faehrt\/25420954.html","rel":"","context":"In &quot;Deutsch&quot;","block_context":{"text":"Deutsch","link":"https:\/\/www.achimbrueckner.de\/dxradio\/php\/wordpress\/?cat=1"},"img":{"alt_text":"","src":"","width":0,"height":0},"classes":[]}],"_links":{"self":[{"href":"https:\/\/www.achimbrueckner.de\/dxradio\/php\/wordpress\/index.php?rest_route=\/wp\/v2\/posts\/25959","targetHints":{"allow":["GET"]}}],"collection":[{"href":"https:\/\/www.achimbrueckner.de\/dxradio\/php\/wordpress\/index.php?rest_route=\/wp\/v2\/posts"}],"about":[{"href":"https:\/\/www.achimbrueckner.de\/dxradio\/php\/wordpress\/index.php?rest_route=\/wp\/v2\/types\/post"}],"author":[{"embeddable":true,"href":"https:\/\/www.achimbrueckner.de\/dxradio\/php\/wordpress\/index.php?rest_route=\/wp\/v2\/users\/1"}],"replies":[{"embeddable":true,"href":"https:\/\/www.achimbrueckner.de\/dxradio\/php\/wordpress\/index.php?rest_route=%2Fwp%2Fv2%2Fcomments&post=25959"}],"version-history":[{"count":0,"href":"https:\/\/www.achimbrueckner.de\/dxradio\/php\/wordpress\/index.php?rest_route=\/wp\/v2\/posts\/25959\/revisions"}],"wp:attachment":[{"href":"https:\/\/www.achimbrueckner.de\/dxradio\/php\/wordpress\/index.php?rest_route=%2Fwp%2Fv2%2Fmedia&parent=25959"}],"wp:term":[{"taxonomy":"category","embeddable":true,"href":"https:\/\/www.achimbrueckner.de\/dxradio\/php\/wordpress\/index.php?rest_route=%2Fwp%2Fv2%2Fcategories&post=25959"},{"taxonomy":"post_tag","embeddable":true,"href":"https:\/\/www.achimbrueckner.de\/dxradio\/php\/wordpress\/index.php?rest_route=%2Fwp%2Fv2%2Ftags&post=25959"}],"curies":[{"name":"wp","href":"https:\/\/api.w.org\/{rel}","templated":true}]}}