{"id":26112,"date":"2019-12-09T19:25:18","date_gmt":"2019-12-09T19:25:18","guid":{"rendered":"https:\/\/www.achimbrueckner.de\/dxradio\/php\/wordpress\/?p=26112"},"modified":"2019-12-09T19:25:18","modified_gmt":"2019-12-09T19:25:18","slug":"jubilaum-30-jahre-deutschsprachiges-satellitenfernsehen-auf-astra-192-ost","status":"publish","type":"post","link":"https:\/\/www.achimbrueckner.de\/dxradio\/php\/wordpress\/?p=26112","title":{"rendered":"Jubil\u00e4um: 30 Jahre deutschsprachiges Satellitenfernsehen auf Astra 19,2\u00b0 Ost"},"content":{"rendered":"<p><a href=\"https:\/\/www.infosat.de\/digital-tv\/jubil-um-30-jahre-deutschsprachiges-satellitenfernsehen-auf-astra-192-ost\" rel=\"noopener noreferrer\" target=\"_blank\">https:\/\/www.infosat.de\/digital-tv\/jubil-um-30-jahre-deutschsprachiges-satellitenfernsehen-auf-astra-192-ost<\/a><\/p>\n","protected":false},"excerpt":{"rendered":"<p>https:\/\/www.infosat.de\/digital-tv\/jubil-um-30-jahre-deutschsprachiges-satellitenfernsehen-auf-astra-192-ost<\/p>\n","protected":false},"author":1,"featured_media":0,"comment_status":"closed","ping_status":"open","sticky":false,"template":"","format":"standard","meta":{"_jetpack_memberships_contains_paid_content":false,"footnotes":"","jetpack_publicize_message":"","jetpack_publicize_feature_enabled":true,"jetpack_social_post_already_shared":true,"jetpack_social_options":{"image_generator_settings":{"template":"highway","default_image_id":0,"font":"","enabled":false},"version":2}},"categories":[1],"tags":[],"class_list":["post-26112","post","type-post","status-publish","format-standard","hentry","category-deutsch"],"jetpack_publicize_connections":[],"jetpack_featured_media_url":"","jetpack_sharing_enabled":true,"jetpack_shortlink":"https:\/\/wp.me\/p5CDmr-6Na","jetpack-related-posts":[{"id":38086,"url":"https:\/\/www.achimbrueckner.de\/dxradio\/php\/wordpress\/?p=38086","url_meta":{"origin":26112,"position":0},"title":"Ist Satellitenfernsehen noch zeitgem\u00e4\u00df? DF-Interview mit Astra-Chef Christoph M\u00fchleib","author":"Administrator","date":"December 2, 2022","format":false,"excerpt":"https:\/\/www.digitalfernsehen.de\/news\/empfang\/satellit\/sat-tv-nterview-astra-chef-christoph-muehleib-955720\/","rel":"","context":"In &quot;Deutsch&quot;","block_context":{"text":"Deutsch","link":"https:\/\/www.achimbrueckner.de\/dxradio\/php\/wordpress\/?cat=1"},"img":{"alt_text":"","src":"","width":0,"height":0},"classes":[]},{"id":13013,"url":"https:\/\/www.achimbrueckner.de\/dxradio\/php\/wordpress\/?p=13013","url_meta":{"origin":26112,"position":1},"title":"SD-Abschaltung kommt auch bei Satellitenfernsehen","author":"Administrator","date":"April 29, 2017","format":false,"excerpt":"https:\/\/www.golem.de\/news\/sd-analogabschaltung-kommt-auch-bei-satellitenfernsehen-1704-127569.html","rel":"","context":"In &quot;Deutsch&quot;","block_context":{"text":"Deutsch","link":"https:\/\/www.achimbrueckner.de\/dxradio\/php\/wordpress\/?cat=1"},"img":{"alt_text":"","src":"","width":0,"height":0},"classes":[]},{"id":34851,"url":"https:\/\/www.achimbrueckner.de\/dxradio\/php\/wordpress\/?p=34851","url_meta":{"origin":26112,"position":2},"title":"Ukraina 24 International neu im Free TV auf Astra 5\u00b0 Ost","author":"Administrator","date":"March 4, 2022","format":false,"excerpt":"https:\/\/www.infosat.de\/digital-tv\/ukraina-24-international-neu-im-free-tv-auf-astra-5-ost","rel":"","context":"In &quot;Deutsch&quot;","block_context":{"text":"Deutsch","link":"https:\/\/www.achimbrueckner.de\/dxradio\/php\/wordpress\/?cat=1"},"img":{"alt_text":"","src":"","width":0,"height":0},"classes":[]},{"id":38541,"url":"https:\/\/www.achimbrueckner.de\/dxradio\/php\/wordpress\/?p=38541","url_meta":{"origin":26112,"position":3},"title":"Neuer Musiksender \u201eThat\u2019s 60s\u201c im Free-TV auf Astra 28,2\u00b0 Ost gestartet","author":"Administrator","date":"January 10, 2023","format":false,"excerpt":"https:\/\/www.infosat.de\/digital-tv\/neuer-musiksender-s-60s-im-free-tv-auf-astra-282-ost-gestartet","rel":"","context":"In &quot;Deutsch&quot;","block_context":{"text":"Deutsch","link":"https:\/\/www.achimbrueckner.de\/dxradio\/php\/wordpress\/?cat=1"},"img":{"alt_text":"","src":"","width":0,"height":0},"classes":[]},{"id":6355,"url":"https:\/\/www.achimbrueckner.de\/dxradio\/php\/wordpress\/?p=6355","url_meta":{"origin":26112,"position":4},"title":"Auslandskanal \u201eDeutsche Welle TV (DW)\u201c bereitet Sendestart auf Astra 28,2\u00b0 Ost vor","author":"Administrator","date":"October 28, 2015","format":false,"excerpt":"https:\/\/www.infosat.de\/digital-tv\/auslandskanal-deutsche-welle-tv-dw-bereitet-sendestart-auf-astra-282-ost-vor","rel":"","context":"In &quot;Deutsch&quot;","block_context":{"text":"Deutsch","link":"https:\/\/www.achimbrueckner.de\/dxradio\/php\/wordpress\/?cat=1"},"img":{"alt_text":"","src":"","width":0,"height":0},"classes":[]},{"id":22197,"url":"https:\/\/www.achimbrueckner.de\/dxradio\/php\/wordpress\/?p=22197","url_meta":{"origin":26112,"position":5},"title":"\u00dcbersicht: Deutschsprachiges Radio auf den Kanarischen Inseln","author":"Administrator","date":"March 17, 2019","format":false,"excerpt":"https:\/\/www.smartphonefan.de\/2019\/03\/17\/uebersicht-deutschsprachiges-radio-auf-den-kanarischen-inseln\/","rel":"","context":"In &quot;Deutsch&quot;","block_context":{"text":"Deutsch","link":"https:\/\/www.achimbrueckner.de\/dxradio\/php\/wordpress\/?cat=1"},"img":{"alt_text":"","src":"","width":0,"height":0},"classes":[]}],"_links":{"self":[{"href":"https:\/\/www.achimbrueckner.de\/dxradio\/php\/wordpress\/index.php?rest_route=\/wp\/v2\/posts\/26112","targetHints":{"allow":["GET"]}}],"collection":[{"href":"https:\/\/www.achimbrueckner.de\/dxradio\/php\/wordpress\/index.php?rest_route=\/wp\/v2\/posts"}],"about":[{"href":"https:\/\/www.achimbrueckner.de\/dxradio\/php\/wordpress\/index.php?rest_route=\/wp\/v2\/types\/post"}],"author":[{"embeddable":true,"href":"https:\/\/www.achimbrueckner.de\/dxradio\/php\/wordpress\/index.php?rest_route=\/wp\/v2\/users\/1"}],"replies":[{"embeddable":true,"href":"https:\/\/www.achimbrueckner.de\/dxradio\/php\/wordpress\/index.php?rest_route=%2Fwp%2Fv2%2Fcomments&post=26112"}],"version-history":[{"count":0,"href":"https:\/\/www.achimbrueckner.de\/dxradio\/php\/wordpress\/index.php?rest_route=\/wp\/v2\/posts\/26112\/revisions"}],"wp:attachment":[{"href":"https:\/\/www.achimbrueckner.de\/dxradio\/php\/wordpress\/index.php?rest_route=%2Fwp%2Fv2%2Fmedia&parent=26112"}],"wp:term":[{"taxonomy":"category","embeddable":true,"href":"https:\/\/www.achimbrueckner.de\/dxradio\/php\/wordpress\/index.php?rest_route=%2Fwp%2Fv2%2Fcategories&post=26112"},{"taxonomy":"post_tag","embeddable":true,"href":"https:\/\/www.achimbrueckner.de\/dxradio\/php\/wordpress\/index.php?rest_route=%2Fwp%2Fv2%2Ftags&post=26112"}],"curies":[{"name":"wp","href":"https:\/\/api.w.org\/{rel}","templated":true}]}}