{"id":26113,"date":"2019-12-10T16:35:09","date_gmt":"2019-12-10T16:35:09","guid":{"rendered":"https:\/\/www.achimbrueckner.de\/dxradio\/php\/wordpress\/?p=26113"},"modified":"2019-12-10T16:35:09","modified_gmt":"2019-12-10T16:35:09","slug":"ukw-frequenz-ist-da-das-freie-radio-neumunster-ist-auf-sendung","status":"publish","type":"post","link":"https:\/\/www.achimbrueckner.de\/dxradio\/php\/wordpress\/?p=26113","title":{"rendered":"UKW-FREQUENZ IST DA :Das Freie Radio Neum\u00fcnster ist auf Sendung"},"content":{"rendered":"<p><a href=\"https:\/\/www.shz.de\/lokales\/holsteinischer-courier\/das-freie-radio-neumuenster-ist-auf-sendung-id26636902.html\" rel=\"noopener noreferrer\" target=\"_blank\">https:\/\/www.shz.de\/lokales\/holsteinischer-courier\/das-freie-radio-neumuenster-ist-auf-sendung-id26636902.html<\/a><\/p>\n","protected":false},"excerpt":{"rendered":"<p>https:\/\/www.shz.de\/lokales\/holsteinischer-courier\/das-freie-radio-neumuenster-ist-auf-sendung-id26636902.html<\/p>\n","protected":false},"author":1,"featured_media":0,"comment_status":"closed","ping_status":"open","sticky":false,"template":"","format":"standard","meta":{"_jetpack_memberships_contains_paid_content":false,"footnotes":"","jetpack_publicize_message":"","jetpack_publicize_feature_enabled":true,"jetpack_social_post_already_shared":true,"jetpack_social_options":{"image_generator_settings":{"template":"highway","default_image_id":0,"font":"","enabled":false},"version":2}},"categories":[1],"tags":[27],"class_list":["post-26113","post","type-post","status-publish","format-standard","hentry","category-deutsch","tag-ukw"],"jetpack_publicize_connections":[],"jetpack_featured_media_url":"","jetpack_sharing_enabled":true,"jetpack_shortlink":"https:\/\/wp.me\/p5CDmr-6Nb","jetpack-related-posts":[{"id":36460,"url":"https:\/\/www.achimbrueckner.de\/dxradio\/php\/wordpress\/?p=36460","url_meta":{"origin":26113,"position":0},"title":"Radio DARC 6070 Khz 5. Juni 2022","author":"Administrator","date":"June 4, 2022","format":false,"excerpt":"Die n\u00e4chste Sendung Nummer 381 von Radio DARC wird erstmals morgen, Sonntag um 11 Uhr auf Kurzwelle 6070 kHz von Moosbrunn mit 100 kW ausgesendet. Die Themen Es wird f\u00fcr die meisten Menschen auf dieser Welt immer schwieriger, an freie und unzensierte Information zu kommen. Nach Angaben der US-Denkfabrik \"Freedom\u2026","rel":"","context":"In &quot;Deutsch&quot;","block_context":{"text":"Deutsch","link":"https:\/\/www.achimbrueckner.de\/dxradio\/php\/wordpress\/?cat=1"},"img":{"alt_text":"","src":"","width":0,"height":0},"classes":[]},{"id":12354,"url":"https:\/\/www.achimbrueckner.de\/dxradio\/php\/wordpress\/?p=12354","url_meta":{"origin":26113,"position":1},"title":"100. Sendung Radio DARC","author":"Administrator","date":"March 2, 2017","format":false,"excerpt":"Liebe YLs und OMs, am kommenden Sonntag,den 05. M\u00e4rz 2017 ist es soweit, die 100. Sendung von RADIO DARC geht \u00fcber die Antennen. Urspr\u00fcnglich als eine Serie von Sondersendungen anl\u00e4sslich des 65. Gr\u00fcndungsjubil\u00e4ums des Deutschen Amateur Radio Clubs e,V, gedacht, haben sich unsere w\u00f6chentlichen DX-Magazine zu einer festen Gr\u00f6\u00dfe entwickelt.\u2026","rel":"","context":"In &quot;Deutsch&quot;","block_context":{"text":"Deutsch","link":"https:\/\/www.achimbrueckner.de\/dxradio\/php\/wordpress\/?cat=1"},"img":{"alt_text":"","src":"","width":0,"height":0},"classes":[]},{"id":20403,"url":"https:\/\/www.achimbrueckner.de\/dxradio\/php\/wordpress\/?p=20403","url_meta":{"origin":26113,"position":2},"title":"RADIO DARC sendet seine 200. Sendung","author":"Administrator","date":"December 14, 2018","format":false,"excerpt":"Radiostimme des DARC e.V. RADIO DARC sendet seine 200. Sendung \"Die Sendung am kommenden Sonntag den 16.12.18 ist unser Jubil\u00e4um, es ist genau das 200. Programm\" so Chefredakteur Rainer Englert DF2NU. Gestartet am 22. M\u00e4rz 2015 hat sich der Deutsche Amateur Radio Club e.V. mit einen regelm\u00e4\u00dfigen Kurzwellen- und Funktechnik-Magazinen\u2026","rel":"","context":"In &quot;Deutsch&quot;","block_context":{"text":"Deutsch","link":"https:\/\/www.achimbrueckner.de\/dxradio\/php\/wordpress\/?cat=1"},"img":{"alt_text":"","src":"","width":0,"height":0},"classes":[]},{"id":39995,"url":"https:\/\/www.achimbrueckner.de\/dxradio\/php\/wordpress\/?p=39995","url_meta":{"origin":26113,"position":3},"title":"Ab 12. August auf UKW 92,9: LUX Radio geht live in Frankfurt auf Sendung","author":"Administrator","date":"August 9, 2023","format":false,"excerpt":"https:\/\/www.radiowoche.de\/ab-12-august-auf-ukw-929-lux-radio-geht-live-in-frankfurt-auf-sendung\/","rel":"","context":"In &quot;Deutsch&quot;","block_context":{"text":"Deutsch","link":"https:\/\/www.achimbrueckner.de\/dxradio\/php\/wordpress\/?cat=1"},"img":{"alt_text":"","src":"","width":0,"height":0},"classes":[]},{"id":353,"url":"https:\/\/www.achimbrueckner.de\/dxradio\/php\/wordpress\/?p=353","url_meta":{"origin":26113,"position":4},"title":"Neues Medienmagazin","author":"Administrator","date":"November 28, 2007","format":false,"excerpt":"Mike Anderson ist auf Radio Transsylvania International mit einem Medienmagazin am 02.12.07 von 15 bis 19 Uhr MEZ zu h\u00f6ren. Anla\u00df ist der 1 j\u00e4hrige Stationsgeburtstag. Ab 2008 soll monatlich eine zweist\u00fcndige Sendung ausgestrahlt werden. Sicherlich wird es einige sch\u00f6ne Mitschnitte geben. Quelle: Radioh\u00f6rerforum ukwtv.de","rel":"","context":"In &quot;Deutsch&quot;","block_context":{"text":"Deutsch","link":"https:\/\/www.achimbrueckner.de\/dxradio\/php\/wordpress\/?cat=1"},"img":{"alt_text":"","src":"","width":0,"height":0},"classes":[]},{"id":9054,"url":"https:\/\/www.achimbrueckner.de\/dxradio\/php\/wordpress\/?p=9054","url_meta":{"origin":26113,"position":5},"title":"Telstar Radio","author":"Administrator","date":"August 6, 2016","format":false,"excerpt":"Liebe Radiofreunde, im August 1986 habe ich erstmals mit einem UKW-Sender-Bausatz von Kemo experimentiert. Wenige Wochen sp\u00e4ter ging mit Radio Obertshausen International mein erstes Radioprojekt auf Sendung. Wer halbwegs gut im Kopfrechnen ist wird feststellen: Ich feiere in diesem Jahr mein 30-j\u00e4hriges Radiojubil\u00e4um. Wie es der Zufall will, findet im\u2026","rel":"","context":"In &quot;Deutsch&quot;","block_context":{"text":"Deutsch","link":"https:\/\/www.achimbrueckner.de\/dxradio\/php\/wordpress\/?cat=1"},"img":{"alt_text":"","src":"","width":0,"height":0},"classes":[]}],"_links":{"self":[{"href":"https:\/\/www.achimbrueckner.de\/dxradio\/php\/wordpress\/index.php?rest_route=\/wp\/v2\/posts\/26113","targetHints":{"allow":["GET"]}}],"collection":[{"href":"https:\/\/www.achimbrueckner.de\/dxradio\/php\/wordpress\/index.php?rest_route=\/wp\/v2\/posts"}],"about":[{"href":"https:\/\/www.achimbrueckner.de\/dxradio\/php\/wordpress\/index.php?rest_route=\/wp\/v2\/types\/post"}],"author":[{"embeddable":true,"href":"https:\/\/www.achimbrueckner.de\/dxradio\/php\/wordpress\/index.php?rest_route=\/wp\/v2\/users\/1"}],"replies":[{"embeddable":true,"href":"https:\/\/www.achimbrueckner.de\/dxradio\/php\/wordpress\/index.php?rest_route=%2Fwp%2Fv2%2Fcomments&post=26113"}],"version-history":[{"count":0,"href":"https:\/\/www.achimbrueckner.de\/dxradio\/php\/wordpress\/index.php?rest_route=\/wp\/v2\/posts\/26113\/revisions"}],"wp:attachment":[{"href":"https:\/\/www.achimbrueckner.de\/dxradio\/php\/wordpress\/index.php?rest_route=%2Fwp%2Fv2%2Fmedia&parent=26113"}],"wp:term":[{"taxonomy":"category","embeddable":true,"href":"https:\/\/www.achimbrueckner.de\/dxradio\/php\/wordpress\/index.php?rest_route=%2Fwp%2Fv2%2Fcategories&post=26113"},{"taxonomy":"post_tag","embeddable":true,"href":"https:\/\/www.achimbrueckner.de\/dxradio\/php\/wordpress\/index.php?rest_route=%2Fwp%2Fv2%2Ftags&post=26113"}],"curies":[{"name":"wp","href":"https:\/\/api.w.org\/{rel}","templated":true}]}}