{"id":26305,"date":"2019-12-22T14:42:40","date_gmt":"2019-12-22T14:42:40","guid":{"rendered":"https:\/\/www.achimbrueckner.de\/dxradio\/php\/wordpress\/?p=26305"},"modified":"2019-12-22T14:42:40","modified_gmt":"2019-12-22T14:42:40","slug":"guest-post-martin-visits-the-iconic-brasilia-tv-tower","status":"publish","type":"post","link":"https:\/\/www.achimbrueckner.de\/dxradio\/php\/wordpress\/?p=26305","title":{"rendered":"Guest Post: Martin visits the iconic Brasilia TV Tower"},"content":{"rendered":"<p><a href=\"https:\/\/swling.com\/blog\/2019\/12\/guest-post-the-brasilia-tv-tower-becomes-the-tallest-christmas-tree-in-brazil\/\" rel=\"noopener noreferrer\" target=\"_blank\">https:\/\/swling.com\/blog\/2019\/12\/guest-post-the-brasilia-tv-tower-becomes-the-tallest-christmas-tree-in-brazil\/<\/a><\/p>\n","protected":false},"excerpt":{"rendered":"<p>https:\/\/swling.com\/blog\/2019\/12\/guest-post-the-brasilia-tv-tower-becomes-the-tallest-christmas-tree-in-brazil\/<\/p>\n","protected":false},"author":1,"featured_media":0,"comment_status":"closed","ping_status":"open","sticky":false,"template":"","format":"standard","meta":{"_jetpack_memberships_contains_paid_content":false,"footnotes":"","jetpack_publicize_message":"","jetpack_publicize_feature_enabled":true,"jetpack_social_post_already_shared":true,"jetpack_social_options":{"image_generator_settings":{"template":"highway","default_image_id":0,"font":"","enabled":false},"version":2}},"categories":[2],"tags":[],"class_list":["post-26305","post","type-post","status-publish","format-standard","hentry","category-english"],"jetpack_publicize_connections":[],"jetpack_featured_media_url":"","jetpack_sharing_enabled":true,"jetpack_shortlink":"https:\/\/wp.me\/p5CDmr-6Qh","jetpack-related-posts":[{"id":10563,"url":"https:\/\/www.achimbrueckner.de\/dxradio\/php\/wordpress\/?p=10563","url_meta":{"origin":26305,"position":0},"title":"Why the Future of TV Isn\u2019t TV (Guest Blog)","author":"Administrator","date":"October 1, 2016","format":false,"excerpt":"http:\/\/www.thewrap.com\/why-the-future-of-tv-isnt-tv-guest-blog\/","rel":"","context":"In &quot;English&quot;","block_context":{"text":"English","link":"https:\/\/www.achimbrueckner.de\/dxradio\/php\/wordpress\/?cat=2"},"img":{"alt_text":"","src":"","width":0,"height":0},"classes":[]},{"id":12787,"url":"https:\/\/www.achimbrueckner.de\/dxradio\/php\/wordpress\/?p=12787","url_meta":{"origin":26305,"position":1},"title":"Kurzwelle Bras\u00edlia au\u00dfer Betrieb","author":"Administrator","date":"April 10, 2017","format":false,"excerpt":"https:\/\/www.radioeins.de\/programm\/sendungen\/medienmagazin\/radio_news\/beitraege\/2017\/brasilien.html","rel":"","context":"In &quot;Deutsch&quot;","block_context":{"text":"Deutsch","link":"https:\/\/www.achimbrueckner.de\/dxradio\/php\/wordpress\/?cat=1"},"img":{"alt_text":"","src":"","width":0,"height":0},"classes":[]},{"id":20280,"url":"https:\/\/www.achimbrueckner.de\/dxradio\/php\/wordpress\/?p=20280","url_meta":{"origin":26305,"position":2},"title":"Kurzwellenanlage Bras\u00edlia ist repariert","author":"Administrator","date":"December 6, 2018","format":false,"excerpt":"https:\/\/www.radioeins.de\/programm\/sendungen\/medienmagazin\/radio_news\/beitraege\/2017\/brasilien.html","rel":"","context":"In &quot;Deutsch&quot;","block_context":{"text":"Deutsch","link":"https:\/\/www.achimbrueckner.de\/dxradio\/php\/wordpress\/?cat=1"},"img":{"alt_text":"","src":"","width":0,"height":0},"classes":[]},{"id":38132,"url":"https:\/\/www.achimbrueckner.de\/dxradio\/php\/wordpress\/?p=38132","url_meta":{"origin":26305,"position":3},"title":"Brasilien R\u00e1dio Nacional da Amaz\u00f4nia","author":"Administrator","date":"December 6, 2022","format":false,"excerpt":"Brasilien R\u00e1dio Nacional da Amaz\u00f4nia aus Bras\u00edlia ist mit guter Signalst\u00e4rke gegen 2140 UT auf 6180 kHz zu h\u00f6ren. Danke an OM Ewald f\u00fcr den Hinweis in unserer A-DX Mailingliste. Info via Facebook","rel":"","context":"In &quot;Deutsch&quot;","block_context":{"text":"Deutsch","link":"https:\/\/www.achimbrueckner.de\/dxradio\/php\/wordpress\/?cat=1"},"img":{"alt_text":"","src":"","width":0,"height":0},"classes":[]},{"id":29292,"url":"https:\/\/www.achimbrueckner.de\/dxradio\/php\/wordpress\/?p=29292","url_meta":{"origin":26305,"position":4},"title":"TURKEY: FURTHER DELAYS FOR THE TV RADIO TOWER IN ISTANBUL","author":"Administrator","date":"July 2, 2020","format":false,"excerpt":"https:\/\/blog.radioreporter.org\/turkey-further-delays-for-the-tv-radio-tower-in-istanbul","rel":"","context":"In &quot;English&quot;","block_context":{"text":"English","link":"https:\/\/www.achimbrueckner.de\/dxradio\/php\/wordpress\/?cat=2"},"img":{"alt_text":"","src":"","width":0,"height":0},"classes":[]},{"id":25185,"url":"https:\/\/www.achimbrueckner.de\/dxradio\/php\/wordpress\/?p=25185","url_meta":{"origin":26305,"position":5},"title":"Iconic Berlin TV Tower turns 50","author":"Administrator","date":"October 7, 2019","format":false,"excerpt":"https:\/\/swling.com\/blog\/2019\/10\/iconic-berlin-tv-tower-turns-50\/","rel":"","context":"In &quot;English&quot;","block_context":{"text":"English","link":"https:\/\/www.achimbrueckner.de\/dxradio\/php\/wordpress\/?cat=2"},"img":{"alt_text":"","src":"","width":0,"height":0},"classes":[]}],"_links":{"self":[{"href":"https:\/\/www.achimbrueckner.de\/dxradio\/php\/wordpress\/index.php?rest_route=\/wp\/v2\/posts\/26305","targetHints":{"allow":["GET"]}}],"collection":[{"href":"https:\/\/www.achimbrueckner.de\/dxradio\/php\/wordpress\/index.php?rest_route=\/wp\/v2\/posts"}],"about":[{"href":"https:\/\/www.achimbrueckner.de\/dxradio\/php\/wordpress\/index.php?rest_route=\/wp\/v2\/types\/post"}],"author":[{"embeddable":true,"href":"https:\/\/www.achimbrueckner.de\/dxradio\/php\/wordpress\/index.php?rest_route=\/wp\/v2\/users\/1"}],"replies":[{"embeddable":true,"href":"https:\/\/www.achimbrueckner.de\/dxradio\/php\/wordpress\/index.php?rest_route=%2Fwp%2Fv2%2Fcomments&post=26305"}],"version-history":[{"count":0,"href":"https:\/\/www.achimbrueckner.de\/dxradio\/php\/wordpress\/index.php?rest_route=\/wp\/v2\/posts\/26305\/revisions"}],"wp:attachment":[{"href":"https:\/\/www.achimbrueckner.de\/dxradio\/php\/wordpress\/index.php?rest_route=%2Fwp%2Fv2%2Fmedia&parent=26305"}],"wp:term":[{"taxonomy":"category","embeddable":true,"href":"https:\/\/www.achimbrueckner.de\/dxradio\/php\/wordpress\/index.php?rest_route=%2Fwp%2Fv2%2Fcategories&post=26305"},{"taxonomy":"post_tag","embeddable":true,"href":"https:\/\/www.achimbrueckner.de\/dxradio\/php\/wordpress\/index.php?rest_route=%2Fwp%2Fv2%2Ftags&post=26305"}],"curies":[{"name":"wp","href":"https:\/\/api.w.org\/{rel}","templated":true}]}}