{"id":26357,"date":"2019-12-26T09:21:07","date_gmt":"2019-12-26T09:21:07","guid":{"rendered":"https:\/\/www.achimbrueckner.de\/dxradio\/php\/wordpress\/?p=26357"},"modified":"2019-12-26T09:21:07","modified_gmt":"2019-12-26T09:21:07","slug":"kiwisdr-mit-drm","status":"publish","type":"post","link":"https:\/\/www.achimbrueckner.de\/dxradio\/php\/wordpress\/?p=26357","title":{"rendered":"KiwiSDR mit DRM"},"content":{"rendered":"<p>Ein Software-Update bringt einen integrierten DRM-Empf\u00e4nger (Digital Radio Mondiale) auf Basis von Dream 2.1.1 in alle KiwiSDRs. BeagleBone-Gr\u00fcn\/Schwarz basierte Kiwis unterst\u00fctzen einen<br \/>\nDRM-Kanal, BeagleBone-AI Kiwis unterst\u00fctzen vier. Die Entwicklungsarbeit geht weiter, meldet KiwiSDR auf Twitter am &#8220;Boxing Day&#8221;.(Y)<\/p>\n<p>In der discord-HF-Gruppe war zu lesen:<br \/>\n&#8220;&#8230;..but they now have DRM and SAM is coming too&#8230;oh crap the DRM mode uses ALL the kiwi resources&#8230; only ONE user!&#8230;&#8221;<\/p>\n<p>Info via <a href=\"http:\/\/www.ratzer.at\" rel=\"noopener noreferrer\" target=\"_blank\">Facebook<\/a><\/p>\n","protected":false},"excerpt":{"rendered":"<p>Ein Software-Update bringt einen integrierten DRM-Empf\u00e4nger (Digital Radio Mondiale) auf Basis von Dream 2.1.1 in alle KiwiSDRs. BeagleBone-Gr\u00fcn\/Schwarz basierte Kiwis unterst\u00fctzen einen DRM-Kanal, BeagleBone-AI Kiwis unterst\u00fctzen vier. Die Entwicklungsarbeit geht weiter, meldet KiwiSDR auf Twitter am &#8220;Boxing Day&#8221;.(Y) In der discord-HF-Gruppe war zu lesen: &#8220;&#8230;..but they now have DRM and SAM is coming too&#8230;oh crap &hellip; <a href=\"https:\/\/www.achimbrueckner.de\/dxradio\/php\/wordpress\/?p=26357\" class=\"more-link\">Continue reading <span class=\"screen-reader-text\">KiwiSDR mit DRM<\/span><\/a><\/p>\n","protected":false},"author":1,"featured_media":0,"comment_status":"closed","ping_status":"open","sticky":false,"template":"","format":"standard","meta":{"_jetpack_memberships_contains_paid_content":false,"footnotes":"","jetpack_publicize_message":"","jetpack_publicize_feature_enabled":true,"jetpack_social_post_already_shared":true,"jetpack_social_options":{"image_generator_settings":{"template":"highway","default_image_id":0,"font":"","enabled":false},"version":2}},"categories":[1],"tags":[24,33],"class_list":["post-26357","post","type-post","status-publish","format-standard","hentry","category-deutsch","tag-am","tag-empfanger"],"jetpack_publicize_connections":[],"jetpack_featured_media_url":"","jetpack_sharing_enabled":true,"jetpack_shortlink":"https:\/\/wp.me\/p5CDmr-6R7","jetpack-related-posts":[{"id":26369,"url":"https:\/\/www.achimbrueckner.de\/dxradio\/php\/wordpress\/?p=26369","url_meta":{"origin":26357,"position":0},"title":"KiwiSDR update brings integrated DRM reception!","author":"Administrator","date":"December 26, 2019","format":false,"excerpt":"https:\/\/swling.com\/blog\/2019\/12\/kiwisdr-update-brings-integrated-drm-reception\/","rel":"","context":"In &quot;English&quot;","block_context":{"text":"English","link":"https:\/\/www.achimbrueckner.de\/dxradio\/php\/wordpress\/?cat=2"},"img":{"alt_text":"","src":"","width":0,"height":0},"classes":[]},{"id":337,"url":"https:\/\/www.achimbrueckner.de\/dxradio\/php\/wordpress\/?p=337","url_meta":{"origin":26357,"position":1},"title":"Digitalradio auf Mittelwelle und Kurzwelle","author":"Administrator","date":"August 20, 2007","format":false,"excerpt":"Bei teltarif.de ist ein Artikel zu DRM mit dem Titel \"Letzte Chance f\u00fcr Digitalradio auf Mittelwelle und Kurzwelle ?\" erschienen. Er gibt einen guten \u00dcberblick \u00fcber den DRM-Empf\u00e4ngermarkt und die Problematik bei DRM.","rel":"","context":"In &quot;links&quot;","block_context":{"text":"links","link":"https:\/\/www.achimbrueckner.de\/dxradio\/php\/wordpress\/?cat=7"},"img":{"alt_text":"","src":"","width":0,"height":0},"classes":[]},{"id":128,"url":"https:\/\/www.achimbrueckner.de\/dxradio\/php\/wordpress\/?p=128","url_meta":{"origin":26357,"position":2},"title":"Digitaler DRM-Kurzwellenempf\u00e4nger im Test","author":"Administrator","date":"October 15, 2006","format":false,"excerpt":"Markus Weidner testete den ersten digitalen DRM-Kurzwellenempf\u00e4nger auf http:\/\/www.teltarif.de. Es ist der Morphy-Richards-Empf\u00e4nger, der demn\u00e4chst f\u00fcr 199 Euro erh\u00e4ltlich sein soll. Fazit abwarten, der Empf\u00e4nger hat doch einige Macken.","rel":"","context":"In &quot;links&quot;","block_context":{"text":"links","link":"https:\/\/www.achimbrueckner.de\/dxradio\/php\/wordpress\/?cat=7"},"img":{"alt_text":"","src":"","width":0,"height":0},"classes":[]},{"id":551,"url":"https:\/\/www.achimbrueckner.de\/dxradio\/php\/wordpress\/?p=551","url_meta":{"origin":26357,"position":3},"title":"DRM-Empf\u00e4nger UniWave","author":"Administrator","date":"September 29, 2009","format":false,"excerpt":"Rein-H\u00f6ren hat den DRM-Empf\u00e4nger von UniWave getestet: http:\/\/www.rein-h\u00f6ren.de\/?q=content\/uniwave-drm-radio-getestet Info via A-DX","rel":"","context":"In &quot;Deutsch&quot;","block_context":{"text":"Deutsch","link":"https:\/\/www.achimbrueckner.de\/dxradio\/php\/wordpress\/?cat=1"},"img":{"alt_text":"","src":"","width":0,"height":0},"classes":[]},{"id":306,"url":"https:\/\/www.achimbrueckner.de\/dxradio\/php\/wordpress\/?p=306","url_meta":{"origin":26357,"position":4},"title":"RMRC Oster DX-Camp Langenselbold","author":"Administrator","date":"March 30, 2007","format":false,"excerpt":"Kurze Erinnerung an das RMRC Oster DX-Camp in Langenselbold 2.4.-8.4.07 im Naturfreundehaus, also ab Montag, wie immer eine ganze Woche lang mit sensationellen Highlights . Mo-Do ist Grasnarben DX angesagt mit verschiedenen Antennen, Antennenverteiler Fr. Vorf\u00fchrung und Test des SDR-Receivers Elad FDM 77 vom Elad-Chef pers\u00f6nlich, ein Empf\u00e4nger mit einigen\u2026","rel":"","context":"In &quot;camps&quot;","block_context":{"text":"camps","link":"https:\/\/www.achimbrueckner.de\/dxradio\/php\/wordpress\/?cat=5"},"img":{"alt_text":"","src":"","width":0,"height":0},"classes":[]},{"id":682,"url":"https:\/\/www.achimbrueckner.de\/dxradio\/php\/wordpress\/?p=682","url_meta":{"origin":26357,"position":5},"title":"SoDiRa","author":"Administrator","date":"November 9, 2009","format":false,"excerpt":"Bernd Reiser hat eine neue Version seines Software Radios ins Netz gestellt. Besonders die DRM-Empfangsstabilit\u00e4t ist in dieser Version sp\u00fcrbar verbessert worden. Modulationsarten: AM H\u00fcllkurve, AM synchron, AM stereo, LSB, USB, FM, FM UKW mono, FM UKW stereo, DRM. Dekodierung von AMSS, DCF77, RDS. Das Programm l\u00e4uft nur unter Windows.\u2026","rel":"","context":"In &quot;Deutsch&quot;","block_context":{"text":"Deutsch","link":"https:\/\/www.achimbrueckner.de\/dxradio\/php\/wordpress\/?cat=1"},"img":{"alt_text":"","src":"","width":0,"height":0},"classes":[]}],"_links":{"self":[{"href":"https:\/\/www.achimbrueckner.de\/dxradio\/php\/wordpress\/index.php?rest_route=\/wp\/v2\/posts\/26357","targetHints":{"allow":["GET"]}}],"collection":[{"href":"https:\/\/www.achimbrueckner.de\/dxradio\/php\/wordpress\/index.php?rest_route=\/wp\/v2\/posts"}],"about":[{"href":"https:\/\/www.achimbrueckner.de\/dxradio\/php\/wordpress\/index.php?rest_route=\/wp\/v2\/types\/post"}],"author":[{"embeddable":true,"href":"https:\/\/www.achimbrueckner.de\/dxradio\/php\/wordpress\/index.php?rest_route=\/wp\/v2\/users\/1"}],"replies":[{"embeddable":true,"href":"https:\/\/www.achimbrueckner.de\/dxradio\/php\/wordpress\/index.php?rest_route=%2Fwp%2Fv2%2Fcomments&post=26357"}],"version-history":[{"count":0,"href":"https:\/\/www.achimbrueckner.de\/dxradio\/php\/wordpress\/index.php?rest_route=\/wp\/v2\/posts\/26357\/revisions"}],"wp:attachment":[{"href":"https:\/\/www.achimbrueckner.de\/dxradio\/php\/wordpress\/index.php?rest_route=%2Fwp%2Fv2%2Fmedia&parent=26357"}],"wp:term":[{"taxonomy":"category","embeddable":true,"href":"https:\/\/www.achimbrueckner.de\/dxradio\/php\/wordpress\/index.php?rest_route=%2Fwp%2Fv2%2Fcategories&post=26357"},{"taxonomy":"post_tag","embeddable":true,"href":"https:\/\/www.achimbrueckner.de\/dxradio\/php\/wordpress\/index.php?rest_route=%2Fwp%2Fv2%2Ftags&post=26357"}],"curies":[{"name":"wp","href":"https:\/\/api.w.org\/{rel}","templated":true}]}}