{"id":26384,"date":"2019-12-27T12:11:35","date_gmt":"2019-12-27T12:11:35","guid":{"rendered":"https:\/\/www.achimbrueckner.de\/dxradio\/php\/wordpress\/?p=26384"},"modified":"2019-12-27T12:11:35","modified_gmt":"2019-12-27T12:11:35","slug":"360-reality-audio-raumliches-audioformat-fur-musik","status":"publish","type":"post","link":"https:\/\/www.achimbrueckner.de\/dxradio\/php\/wordpress\/?p=26384","title":{"rendered":"360 Reality Audio: R\u00e4umliches Audioformat f\u00fcr Musik"},"content":{"rendered":"<p><a href=\"https:\/\/www.teltarif.de\/sony-360-reality-audio-surround-format-musik-streaming\/news\/79107.html\" rel=\"noopener noreferrer\" target=\"_blank\">https:\/\/www.teltarif.de\/sony-360-reality-audio-surround-format-musik-streaming\/news\/79107.html<\/a><\/p>\n","protected":false},"excerpt":{"rendered":"<p>https:\/\/www.teltarif.de\/sony-360-reality-audio-surround-format-musik-streaming\/news\/79107.html<\/p>\n","protected":false},"author":1,"featured_media":0,"comment_status":"closed","ping_status":"open","sticky":false,"template":"","format":"standard","meta":{"_jetpack_memberships_contains_paid_content":false,"footnotes":"","jetpack_publicize_message":"","jetpack_publicize_feature_enabled":true,"jetpack_social_post_already_shared":true,"jetpack_social_options":{"image_generator_settings":{"template":"highway","default_image_id":0,"font":"","enabled":false},"version":2}},"categories":[47,1],"tags":[24,19],"class_list":["post-26384","post","type-post","status-publish","format-standard","hentry","category-audio","category-deutsch","tag-am","tag-audio"],"jetpack_publicize_connections":[],"jetpack_featured_media_url":"","jetpack_sharing_enabled":true,"jetpack_shortlink":"https:\/\/wp.me\/p5CDmr-6Ry","jetpack-related-posts":[{"id":23690,"url":"https:\/\/www.achimbrueckner.de\/dxradio\/php\/wordpress\/?p=23690","url_meta":{"origin":26384,"position":0},"title":"Sieben von zehn Deutschen streamen Musik","author":"Administrator","date":"July 8, 2019","format":false,"excerpt":"https:\/\/www.teltarif.de\/audio-streaming-musik-radio-umfrage\/news\/77216.html","rel":"","context":"In &quot;audio&quot;","block_context":{"text":"audio","link":"https:\/\/www.achimbrueckner.de\/dxradio\/php\/wordpress\/?cat=47"},"img":{"alt_text":"","src":"","width":0,"height":0},"classes":[]},{"id":26422,"url":"https:\/\/www.achimbrueckner.de\/dxradio\/php\/wordpress\/?p=26422","url_meta":{"origin":26384,"position":1},"title":"Musik-Streaming: Neues Audioformat verspricht exakteres H\u00f6rerlebnis","author":"Administrator","date":"December 28, 2019","format":false,"excerpt":"https:\/\/www.rnd.de\/digital\/musik-streaming-neues-audioformat-verspricht-exakteres-horerlebnis-EUZWQQM3D6SBM4Z7BY3ZMSQZXE.html","rel":"","context":"In &quot;audio&quot;","block_context":{"text":"audio","link":"https:\/\/www.achimbrueckner.de\/dxradio\/php\/wordpress\/?cat=47"},"img":{"alt_text":"","src":"","width":0,"height":0},"classes":[]},{"id":32279,"url":"https:\/\/www.achimbrueckner.de\/dxradio\/php\/wordpress\/?p=32279","url_meta":{"origin":26384,"position":2},"title":"ARD Audiothek: App erh\u00e4lt mehr Musik und neue Funktionen","author":"Administrator","date":"March 15, 2021","format":false,"excerpt":"https:\/\/www.onlinekosten.de\/news\/ard-audiothek-app-erhaelt-mehr-musik-und-neue-funktionen_224579.html","rel":"","context":"In &quot;audio&quot;","block_context":{"text":"audio","link":"https:\/\/www.achimbrueckner.de\/dxradio\/php\/wordpress\/?cat=47"},"img":{"alt_text":"","src":"","width":0,"height":0},"classes":[]},{"id":8149,"url":"https:\/\/www.achimbrueckner.de\/dxradio\/php\/wordpress\/?p=8149","url_meta":{"origin":26384,"position":3},"title":"MediaSurfer 2015: Grundschule Warteberg aus Kassel mit dem Audioprojekt \u201eRadio ist mehr als Musik\u201c","author":"Administrator","date":"April 28, 2016","format":false,"excerpt":"http:\/\/www.mediathek-hessen.de\/medienview_13695_LPR-Hessen-MediaSurfer-2015-Grundschule-Warteberg-aus-Kassel-mit-dem-Audioprojekt-%E2%80%9ERadio-ist-mehr-als-Musik%E2%80%9C.html","rel":"","context":"In &quot;audio&quot;","block_context":{"text":"audio","link":"https:\/\/www.achimbrueckner.de\/dxradio\/php\/wordpress\/?cat=47"},"img":{"alt_text":"","src":"","width":0,"height":0},"classes":[]},{"id":43471,"url":"https:\/\/www.achimbrueckner.de\/dxradio\/php\/wordpress\/?p=43471","url_meta":{"origin":26384,"position":4},"title":"Audio Von Null auf Hundert: Wie TikTok die Musik ver\u00e4ndert","author":"Administrator","date":"August 1, 2025","format":false,"excerpt":"https:\/\/www.tagesschau.de\/multimedia\/podcast\/11km\/podcast-11km-2860.html","rel":"","context":"In &quot;Deutsch&quot;","block_context":{"text":"Deutsch","link":"https:\/\/www.achimbrueckner.de\/dxradio\/php\/wordpress\/?cat=1"},"img":{"alt_text":"","src":"","width":0,"height":0},"classes":[]},{"id":26167,"url":"https:\/\/www.achimbrueckner.de\/dxradio\/php\/wordpress\/?p=26167","url_meta":{"origin":26384,"position":5},"title":"Mehr Geld f\u00fcr Audio: Medienanstalt NRW f\u00f6rdert k\u00fcnftig Audio-Innovationen","author":"Administrator","date":"December 13, 2019","format":false,"excerpt":"http:\/\/www.radiowoche.de\/mehr-geld-fuer-audio-medienanstalt-nrw-foerdert-kuenftig-audio-innovationen\/","rel":"","context":"In &quot;audio&quot;","block_context":{"text":"audio","link":"https:\/\/www.achimbrueckner.de\/dxradio\/php\/wordpress\/?cat=47"},"img":{"alt_text":"","src":"","width":0,"height":0},"classes":[]}],"_links":{"self":[{"href":"https:\/\/www.achimbrueckner.de\/dxradio\/php\/wordpress\/index.php?rest_route=\/wp\/v2\/posts\/26384","targetHints":{"allow":["GET"]}}],"collection":[{"href":"https:\/\/www.achimbrueckner.de\/dxradio\/php\/wordpress\/index.php?rest_route=\/wp\/v2\/posts"}],"about":[{"href":"https:\/\/www.achimbrueckner.de\/dxradio\/php\/wordpress\/index.php?rest_route=\/wp\/v2\/types\/post"}],"author":[{"embeddable":true,"href":"https:\/\/www.achimbrueckner.de\/dxradio\/php\/wordpress\/index.php?rest_route=\/wp\/v2\/users\/1"}],"replies":[{"embeddable":true,"href":"https:\/\/www.achimbrueckner.de\/dxradio\/php\/wordpress\/index.php?rest_route=%2Fwp%2Fv2%2Fcomments&post=26384"}],"version-history":[{"count":0,"href":"https:\/\/www.achimbrueckner.de\/dxradio\/php\/wordpress\/index.php?rest_route=\/wp\/v2\/posts\/26384\/revisions"}],"wp:attachment":[{"href":"https:\/\/www.achimbrueckner.de\/dxradio\/php\/wordpress\/index.php?rest_route=%2Fwp%2Fv2%2Fmedia&parent=26384"}],"wp:term":[{"taxonomy":"category","embeddable":true,"href":"https:\/\/www.achimbrueckner.de\/dxradio\/php\/wordpress\/index.php?rest_route=%2Fwp%2Fv2%2Fcategories&post=26384"},{"taxonomy":"post_tag","embeddable":true,"href":"https:\/\/www.achimbrueckner.de\/dxradio\/php\/wordpress\/index.php?rest_route=%2Fwp%2Fv2%2Ftags&post=26384"}],"curies":[{"name":"wp","href":"https:\/\/api.w.org\/{rel}","templated":true}]}}