{"id":2646,"date":"2013-09-08T07:25:47","date_gmt":"2013-09-08T07:25:47","guid":{"rendered":"https:\/\/www.achimbrueckner.de\/dxradio\/php\/wordpress\/?p=2646"},"modified":"2013-09-08T07:25:47","modified_gmt":"2013-09-08T07:25:47","slug":"abwehrschlachten-im-ather-das-deutsche-programm-von-radio-damaskus","status":"publish","type":"post","link":"https:\/\/www.achimbrueckner.de\/dxradio\/php\/wordpress\/?p=2646","title":{"rendered":"Abwehrschlachten im \u00c4ther Das deutsche Programm von Radio Damaskus"},"content":{"rendered":"<p><a href=\"http:\/\/www.dradio.de\/dlf\/sendungen\/marktundmedien\/2243573\/\" target=\"_blank\">http:\/\/www.dradio.de\/dlf\/sendungen\/marktundmedien\/2243573\/<\/a><\/p>\n","protected":false},"excerpt":{"rendered":"<p>http:\/\/www.dradio.de\/dlf\/sendungen\/marktundmedien\/2243573\/<\/p>\n","protected":false},"author":1,"featured_media":0,"comment_status":"open","ping_status":"open","sticky":false,"template":"","format":"standard","meta":{"_jetpack_memberships_contains_paid_content":false,"footnotes":"","jetpack_publicize_message":"","jetpack_publicize_feature_enabled":true,"jetpack_social_post_already_shared":false,"jetpack_social_options":{"image_generator_settings":{"template":"highway","default_image_id":0,"font":"","enabled":false},"version":2}},"categories":[1],"tags":[24,45],"class_list":["post-2646","post","type-post","status-publish","format-standard","hentry","category-deutsch","tag-am","tag-medien"],"jetpack_publicize_connections":[],"jetpack_featured_media_url":"","jetpack_sharing_enabled":true,"jetpack_shortlink":"https:\/\/wp.me\/p5CDmr-GG","jetpack-related-posts":[{"id":2054,"url":"https:\/\/www.achimbrueckner.de\/dxradio\/php\/wordpress\/?p=2054","url_meta":{"origin":2646,"position":0},"title":"Die fr\u00f6hliche Floridawelle","author":"Administrator","date":"December 22, 2011","format":false,"excerpt":"Die fr\u00f6hliche Floridawelle Deutschsprachige Radioprogramme rund um die Welt http:\/\/www.dradio.de\/dlf\/sendungen\/marktundmedien\/1631371\/","rel":"","context":"In &quot;Deutsch&quot;","block_context":{"text":"Deutsch","link":"https:\/\/www.achimbrueckner.de\/dxradio\/php\/wordpress\/?cat=1"},"img":{"alt_text":"","src":"","width":0,"height":0},"classes":[]},{"id":1746,"url":"https:\/\/www.achimbrueckner.de\/dxradio\/php\/wordpress\/?p=1746","url_meta":{"origin":2646,"position":1},"title":"Programmtip DLF &#8211; Soldatensender Belgrad","author":"Administrator","date":"August 17, 2011","format":false,"excerpt":"ein Programmtip f\u00fcr Donnertstag, den 18. August: Deutschlandfunk, 7.05 UTC\/ 9.05h, auch Deutschlanradio Kultur: 3.45 UTC\/ 5:45 Uhr und 7.55 UTC\/ 9.55 h * Vor 70 Jahren: Der deutsche Soldatensender Belgrad sendet zum ersten Mal den Schlager \"Lili Marleen\" Anschlie\u00dfend wird man das Manuskript lesen k\u00f6nnen unter: http:\/\/www.dradio.de\/dlf\/sendungen\/kalenderblatt\/ Info via\u2026","rel":"","context":"In &quot;Deutsch&quot;","block_context":{"text":"Deutsch","link":"https:\/\/www.achimbrueckner.de\/dxradio\/php\/wordpress\/?cat=1"},"img":{"alt_text":"","src":"","width":0,"height":0},"classes":[]},{"id":1149,"url":"https:\/\/www.achimbrueckner.de\/dxradio\/php\/wordpress\/?p=1149","url_meta":{"origin":2646,"position":2},"title":"H\u00f6rspiel \/ Feature Tipp: Hier spricht Dein liebster Feind","author":"Administrator","date":"September 18, 2010","format":false,"excerpt":"Deutschlandradio Kultur, 22.09.2010 um 00:05 MESZ Hier spricht dein liebster Feind Und: Der Laubfrosch hat die Farbe gewechselt Von Robert Weber und Falko Hennig \"Station D.E.B.U.N.K.T.\", \"Gerrys Front\", \"Gustav Siegfried Eins\" oder \"Radio Humanit\u00c3\u00a9\" - im II. Weltkrieg wurde erstmals ein Krieg im \u00c4ther gef\u00fchrt. Ein Milit\u00e4rhistoriker, ein Ohrenzeuge und\u2026","rel":"","context":"In &quot;Deutsch&quot;","block_context":{"text":"Deutsch","link":"https:\/\/www.achimbrueckner.de\/dxradio\/php\/wordpress\/?cat=1"},"img":{"alt_text":"","src":"","width":0,"height":0},"classes":[]},{"id":4280,"url":"https:\/\/www.achimbrueckner.de\/dxradio\/php\/wordpress\/?p=4280","url_meta":{"origin":2646,"position":3},"title":"Kurzwellensender Damaskus abgerissen","author":"Administrator","date":"March 25, 2015","format":false,"excerpt":"http:\/\/www.radioeins.de\/programm\/sendungen\/medienmagazin\/radio_news\/beitraege\/2015\/damaskus.html Info via A-DX","rel":"","context":"In &quot;Deutsch&quot;","block_context":{"text":"Deutsch","link":"https:\/\/www.achimbrueckner.de\/dxradio\/php\/wordpress\/?cat=1"},"img":{"alt_text":"","src":"","width":0,"height":0},"classes":[]},{"id":951,"url":"https:\/\/www.achimbrueckner.de\/dxradio\/php\/wordpress\/?p=951","url_meta":{"origin":2646,"position":4},"title":"Noch zehn Sekunden","author":"Administrator","date":"March 9, 2010","format":false,"excerpt":"Noch zehn Sekunden Die amerikanische Radiopionierin Elsa Knight Thompson DLF, 09. M\u00e4rz 2010 1905 MEZ http:\/\/www.dradio.de\/dlf\/sendungen\/dasfeature\/1103151\/ Info via Net-Radio","rel":"","context":"In &quot;Deutsch&quot;","block_context":{"text":"Deutsch","link":"https:\/\/www.achimbrueckner.de\/dxradio\/php\/wordpress\/?cat=1"},"img":{"alt_text":"","src":"","width":0,"height":0},"classes":[]},{"id":465,"url":"https:\/\/www.achimbrueckner.de\/dxradio\/php\/wordpress\/?p=465","url_meta":{"origin":2646,"position":5},"title":"Warum Herr Maszkowski Radio Maryja h\u00f6rt","author":"Administrator","date":"June 24, 2009","format":false,"excerpt":"DLF 10. Juli 20.10 MESZ Das Feature Warum Herr Maszkowski Radio Maryja h\u00f6rt. 24 Stunden Mitscheiden, un die besten L\u00fcgen von R Maryja in Internet zu stellen. http:\/\/www.dradio.de\/dlf\/programmtipp\/dasfeature\/972082\/ Info via A-DX","rel":"","context":"In &quot;Deutsch&quot;","block_context":{"text":"Deutsch","link":"https:\/\/www.achimbrueckner.de\/dxradio\/php\/wordpress\/?cat=1"},"img":{"alt_text":"","src":"","width":0,"height":0},"classes":[]}],"_links":{"self":[{"href":"https:\/\/www.achimbrueckner.de\/dxradio\/php\/wordpress\/index.php?rest_route=\/wp\/v2\/posts\/2646","targetHints":{"allow":["GET"]}}],"collection":[{"href":"https:\/\/www.achimbrueckner.de\/dxradio\/php\/wordpress\/index.php?rest_route=\/wp\/v2\/posts"}],"about":[{"href":"https:\/\/www.achimbrueckner.de\/dxradio\/php\/wordpress\/index.php?rest_route=\/wp\/v2\/types\/post"}],"author":[{"embeddable":true,"href":"https:\/\/www.achimbrueckner.de\/dxradio\/php\/wordpress\/index.php?rest_route=\/wp\/v2\/users\/1"}],"replies":[{"embeddable":true,"href":"https:\/\/www.achimbrueckner.de\/dxradio\/php\/wordpress\/index.php?rest_route=%2Fwp%2Fv2%2Fcomments&post=2646"}],"version-history":[{"count":0,"href":"https:\/\/www.achimbrueckner.de\/dxradio\/php\/wordpress\/index.php?rest_route=\/wp\/v2\/posts\/2646\/revisions"}],"wp:attachment":[{"href":"https:\/\/www.achimbrueckner.de\/dxradio\/php\/wordpress\/index.php?rest_route=%2Fwp%2Fv2%2Fmedia&parent=2646"}],"wp:term":[{"taxonomy":"category","embeddable":true,"href":"https:\/\/www.achimbrueckner.de\/dxradio\/php\/wordpress\/index.php?rest_route=%2Fwp%2Fv2%2Fcategories&post=2646"},{"taxonomy":"post_tag","embeddable":true,"href":"https:\/\/www.achimbrueckner.de\/dxradio\/php\/wordpress\/index.php?rest_route=%2Fwp%2Fv2%2Ftags&post=2646"}],"curies":[{"name":"wp","href":"https:\/\/api.w.org\/{rel}","templated":true}]}}