{"id":2647,"date":"2013-09-09T14:50:22","date_gmt":"2013-09-09T14:50:22","guid":{"rendered":"https:\/\/www.achimbrueckner.de\/dxradio\/php\/wordpress\/?p=2647"},"modified":"2013-09-09T14:50:22","modified_gmt":"2013-09-09T14:50:22","slug":"a-quest-to-save-am-before-its-lost-in-the-static","status":"publish","type":"post","link":"https:\/\/www.achimbrueckner.de\/dxradio\/php\/wordpress\/?p=2647","title":{"rendered":"A Quest to Save AM Before It\u2019s Lost in the Static"},"content":{"rendered":"<p><a href=\"http:\/\/www.nytimes.com\/2013\/09\/09\/us\/a-quest-to-save-am-radio-before-its-lost-in-the-static.html?pagewanted=all&#038;_r=3&#038;\" target=\"_blank\">http:\/\/www.nytimes.com\/2013\/09\/09\/us\/a-quest-to-save-am-radio-before-its-lost-in-the-static.html?pagewanted=all&#038;_r=3&#038;<\/a><\/p>\n<p>Info via <a href=\"http:\/\/www.ratzer.at\" target=\"_blank\">A-DX<\/a><\/p>\n","protected":false},"excerpt":{"rendered":"<p>http:\/\/www.nytimes.com\/2013\/09\/09\/us\/a-quest-to-save-am-radio-before-its-lost-in-the-static.html?pagewanted=all&#038;_r=3&#038; Info via A-DX<\/p>\n","protected":false},"author":1,"featured_media":0,"comment_status":"open","ping_status":"open","sticky":false,"template":"","format":"standard","meta":{"_jetpack_memberships_contains_paid_content":false,"footnotes":"","jetpack_publicize_message":"","jetpack_publicize_feature_enabled":true,"jetpack_social_post_already_shared":false,"jetpack_social_options":{"image_generator_settings":{"template":"highway","default_image_id":0,"font":"","enabled":false},"version":2}},"categories":[2],"tags":[24,40],"class_list":["post-2647","post","type-post","status-publish","format-standard","hentry","category-english","tag-am","tag-dx"],"jetpack_publicize_connections":[],"jetpack_featured_media_url":"","jetpack_sharing_enabled":true,"jetpack_shortlink":"https:\/\/wp.me\/p5CDmr-GH","jetpack-related-posts":[{"id":11473,"url":"https:\/\/www.achimbrueckner.de\/dxradio\/php\/wordpress\/?p=11473","url_meta":{"origin":2647,"position":0},"title":"YOUTUBE PLEAS TO ABC &#8211; SAVE SHORTWAVE","author":"Administrator","date":"December 21, 2016","format":false,"excerpt":"http:\/\/medxr.blogspot.de\/2016\/12\/youtube-pleas-to-abc-save-shortwave.html","rel":"","context":"In &quot;dx&quot;","block_context":{"text":"dx","link":"https:\/\/www.achimbrueckner.de\/dxradio\/php\/wordpress\/?cat=14"},"img":{"alt_text":"","src":"","width":0,"height":0},"classes":[]},{"id":4426,"url":"https:\/\/www.achimbrueckner.de\/dxradio\/php\/wordpress\/?p=4426","url_meta":{"origin":2647,"position":1},"title":"Ham radio could save lives in times of emergency","author":"Administrator","date":"April 20, 2015","format":false,"excerpt":"http:\/\/www.dxzone.com\/ham-radio-could-save-lives-in-times-of-emergency\/","rel":"","context":"In &quot;dx&quot;","block_context":{"text":"dx","link":"https:\/\/www.achimbrueckner.de\/dxradio\/php\/wordpress\/?cat=14"},"img":{"alt_text":"","src":"","width":0,"height":0},"classes":[]},{"id":22057,"url":"https:\/\/www.achimbrueckner.de\/dxradio\/php\/wordpress\/?p=22057","url_meta":{"origin":2647,"position":2},"title":"Save the Date: Eifeler Radiotage 2019","author":"Administrator","date":"March 10, 2019","format":false,"excerpt":"Liebe Radiofreunde und -freundinnen, aus der im letzten Jahr geborenen Idee zum 70sten Geburtstags der Radios ein Event zu machen, ist zwischenzeitlich etwas konkretes geworden. Am Wochenende 06. und 07. Juli 2019 gibt es in der Gemeinde Kall die \"Eifeler Radiotage\". In den n\u00e4chsten Tagen wird die Webseite https:\/\/www.eifeler-radiotage.de\/ freigeschaltet.\u2026","rel":"","context":"In &quot;camps&quot;","block_context":{"text":"camps","link":"https:\/\/www.achimbrueckner.de\/dxradio\/php\/wordpress\/?cat=5"},"img":{"alt_text":"","src":"","width":0,"height":0},"classes":[]},{"id":41316,"url":"https:\/\/www.achimbrueckner.de\/dxradio\/php\/wordpress\/?p=41316","url_meta":{"origin":2647,"position":3},"title":"Walchum &#8211; Mutma\u00dflich kaputter Sender l\u00f6st Gro\u00dfeinsatz aus","author":"Administrator","date":"June 1, 2024","format":false,"excerpt":"https:\/\/www.presseportal.de\/blaulicht\/pm\/104234\/5791592 Info via A-DX","rel":"","context":"In &quot;Deutsch&quot;","block_context":{"text":"Deutsch","link":"https:\/\/www.achimbrueckner.de\/dxradio\/php\/wordpress\/?cat=1"},"img":{"alt_text":"","src":"","width":0,"height":0},"classes":[]},{"id":327,"url":"https:\/\/www.achimbrueckner.de\/dxradio\/php\/wordpress\/?p=327","url_meta":{"origin":2647,"position":4},"title":"Lost dxers","author":"Administrator","date":"May 21, 2007","format":false,"excerpt":"A forum and some online web receivers can be found at www.lost-dxers.info. The headline says \"A Forum for the Admins and users of the now extinct DxTuners Portal plus general info about online shortwave radio listening\". Info via Radioforum ukwtv.de","rel":"","context":"In &quot;links&quot;","block_context":{"text":"links","link":"https:\/\/www.achimbrueckner.de\/dxradio\/php\/wordpress\/?cat=7"},"img":{"alt_text":"","src":"","width":0,"height":0},"classes":[]},{"id":30663,"url":"https:\/\/www.achimbrueckner.de\/dxradio\/php\/wordpress\/?p=30663","url_meta":{"origin":2647,"position":5},"title":"Asian DX Review &#8211; November edition","author":"Administrator","date":"November 1, 2020","format":false,"excerpt":"Asian DX Review - November edition now available for download from Indian DX Club International's Website Download Link https:\/\/idxci.in\/wp-content\/uploads\/2020\/11\/ADXR-Volume-38-No-553-November-2020.pdf Asian DX Review [ADXR] monthly newsletter from Indian DX Club International is published monthly in digital format and distributed free. Info via Facebook","rel":"","context":"In &quot;dx&quot;","block_context":{"text":"dx","link":"https:\/\/www.achimbrueckner.de\/dxradio\/php\/wordpress\/?cat=14"},"img":{"alt_text":"","src":"","width":0,"height":0},"classes":[]}],"_links":{"self":[{"href":"https:\/\/www.achimbrueckner.de\/dxradio\/php\/wordpress\/index.php?rest_route=\/wp\/v2\/posts\/2647","targetHints":{"allow":["GET"]}}],"collection":[{"href":"https:\/\/www.achimbrueckner.de\/dxradio\/php\/wordpress\/index.php?rest_route=\/wp\/v2\/posts"}],"about":[{"href":"https:\/\/www.achimbrueckner.de\/dxradio\/php\/wordpress\/index.php?rest_route=\/wp\/v2\/types\/post"}],"author":[{"embeddable":true,"href":"https:\/\/www.achimbrueckner.de\/dxradio\/php\/wordpress\/index.php?rest_route=\/wp\/v2\/users\/1"}],"replies":[{"embeddable":true,"href":"https:\/\/www.achimbrueckner.de\/dxradio\/php\/wordpress\/index.php?rest_route=%2Fwp%2Fv2%2Fcomments&post=2647"}],"version-history":[{"count":0,"href":"https:\/\/www.achimbrueckner.de\/dxradio\/php\/wordpress\/index.php?rest_route=\/wp\/v2\/posts\/2647\/revisions"}],"wp:attachment":[{"href":"https:\/\/www.achimbrueckner.de\/dxradio\/php\/wordpress\/index.php?rest_route=%2Fwp%2Fv2%2Fmedia&parent=2647"}],"wp:term":[{"taxonomy":"category","embeddable":true,"href":"https:\/\/www.achimbrueckner.de\/dxradio\/php\/wordpress\/index.php?rest_route=%2Fwp%2Fv2%2Fcategories&post=2647"},{"taxonomy":"post_tag","embeddable":true,"href":"https:\/\/www.achimbrueckner.de\/dxradio\/php\/wordpress\/index.php?rest_route=%2Fwp%2Fv2%2Ftags&post=2647"}],"curies":[{"name":"wp","href":"https:\/\/api.w.org\/{rel}","templated":true}]}}