{"id":265,"date":"2007-02-14T15:49:14","date_gmt":"2007-02-14T15:49:14","guid":{"rendered":"https:\/\/www.achimbrueckner.de\/dxradio\/php\/wordpress\/?p=265"},"modified":"2007-02-14T15:49:14","modified_gmt":"2007-02-14T15:49:14","slug":"wolfram-hes","status":"publish","type":"post","link":"https:\/\/www.achimbrueckner.de\/dxradio\/php\/wordpress\/?p=265","title":{"rendered":"Wolfram He\u00df"},"content":{"rendered":"<p>Wolfram He\u00df ist am 9. Februar 2007 verstorben. Er war Mitinitiator des Programms DX-Aktuell auf Deutschlandradio Berlin und pr\u00e4sentierte die Meldungen mit einen schmunzelnden Unterton und in kurzweiliger Form. Die Sendungen Anfang der 90er Jahre waren ein echtes Highlight der deutschsprachigen DX-Programme, leider habe ich die alten Tapes alle \u00fcberspielt.<br \/>\nZuletzt arbeitete er f\u00fcr die Deutsche Welle mit World DX Meeting und der englischsprachigen H\u00f6rerpostecke. Au\u00dferdem hat er sich mit den Ionosph\u00e4renvorhersagen f\u00fcr den DARC einen Namen gemacht. Einige Ausgaben des World DX Meeting sind noch anh\u00f6rbar unter <a href=\"http:\/\/www.dw-world.de\/dw\/0,2142,9542,00.html\">http:\/\/www.dw-world.de\/dw\/0,2142,9542,00.html<\/a>.<\/p>\n<p>Info via Harald Kuhl auf <a href=\"http:\/\/www.ratzer.at\">A-DX Liste<\/a><\/p>\n","protected":false},"excerpt":{"rendered":"<p>Wolfram He\u00df ist am 9. Februar 2007 verstorben. Er war Mitinitiator des Programms DX-Aktuell auf Deutschlandradio Berlin und pr\u00e4sentierte die Meldungen mit einen schmunzelnden Unterton und in kurzweiliger Form. Die Sendungen Anfang der 90er Jahre waren ein echtes Highlight der deutschsprachigen DX-Programme, leider habe ich die alten Tapes alle \u00fcberspielt. Zuletzt arbeitete er f\u00fcr die &hellip; <a href=\"https:\/\/www.achimbrueckner.de\/dxradio\/php\/wordpress\/?p=265\" class=\"more-link\">Continue reading <span class=\"screen-reader-text\">Wolfram He\u00df<\/span><\/a><\/p>\n","protected":false},"author":1,"featured_media":0,"comment_status":"open","ping_status":"open","sticky":false,"template":"","format":"standard","meta":{"_jetpack_memberships_contains_paid_content":false,"footnotes":"","jetpack_publicize_message":"","jetpack_publicize_feature_enabled":true,"jetpack_social_post_already_shared":false,"jetpack_social_options":{"image_generator_settings":{"template":"highway","default_image_id":0,"font":"","enabled":false},"version":2}},"categories":[1],"tags":[24,40],"class_list":["post-265","post","type-post","status-publish","format-standard","hentry","category-deutsch","tag-am","tag-dx"],"jetpack_publicize_connections":[],"jetpack_featured_media_url":"","jetpack_sharing_enabled":true,"jetpack_shortlink":"https:\/\/wp.me\/p5CDmr-4h","jetpack-related-posts":[{"id":374,"url":"https:\/\/www.achimbrueckner.de\/dxradio\/php\/wordpress\/?p=374","url_meta":{"origin":265,"position":0},"title":"40. DX-Camp Langenselbold","author":"Administrator","date":"March 3, 2008","format":false,"excerpt":"Unser 40. DX Camp findet vom Mo. 17. bis So. 23.3.08 im Naturfreundehaus in Langenselbold bei Hanau statt. DXer und Radiofreunde sind herzlich eingeladen. Die H\u00f6hepunkte: Die ersten Tage sind wie immer vorwiegend zum H\u00f6ren. Erstmalig haben wir jetzt auch **DSL-Anschlu\u00df **f\u00fcr jedermann \u00fcber einen WLAN-Zugang. Und wir haben eine\u2026","rel":"","context":"In &quot;camps&quot;","block_context":{"text":"camps","link":"https:\/\/www.achimbrueckner.de\/dxradio\/php\/wordpress\/?cat=5"},"img":{"alt_text":"","src":"","width":0,"height":0},"classes":[]},{"id":28048,"url":"https:\/\/www.achimbrueckner.de\/dxradio\/php\/wordpress\/?p=28048","url_meta":{"origin":265,"position":1},"title":"RADIO DARC Sondersendung zu Ostern 2020","author":"Administrator","date":"April 8, 2020","format":false,"excerpt":"RADIO DARC Sondersendung zu Ostern In der diesj\u00e4hrigen Ostersendung von RADIO DARC am Sonntag, den 12. April um 11 Uhr MESZ wird live \u00fcber IRIDIUM Satelliten-Telefon zu Dr. J\u00f6rg Hofmann, DJ\u00d8HO, an Bord des Forschungsschiffes \u201ePolarstern\u201c geschaltet. J\u00f6rg ist Mitglied der MOSAIC-Expedition und befindet sich derzeit in der N\u00e4he des\u2026","rel":"","context":"In &quot;Deutsch&quot;","block_context":{"text":"Deutsch","link":"https:\/\/www.achimbrueckner.de\/dxradio\/php\/wordpress\/?cat=1"},"img":{"alt_text":"","src":"","width":0,"height":0},"classes":[]},{"id":7722,"url":"https:\/\/www.achimbrueckner.de\/dxradio\/php\/wordpress\/?p=7722","url_meta":{"origin":265,"position":2},"title":"ADDX: Mittelwellen-Spezial-Club &#8211; Skala","author":"Administrator","date":"March 1, 2016","format":false,"excerpt":"25 Euro die sich f\u00fcr Mittelwellenfreunde sicher lohnen, wieder ein toller Service der ADDX. 1977 gr\u00fcndete sich in K\u00f6ln der \u201eMittelwellen-Spezial-Club\u201c \u2013 kurz \u201eMWSC\u201c. Zehn Jahre lang ver\u00f6ffentlichte er die Fachzeitschrift \u201eSkala\u201c, die fundiert \u00fcber alle interessanten Aspekte des Mittelwellenempfangs berichtete: Technik, Programme, Highlights und Hintergr\u00fcndiges. Der ADDX ist es\u2026","rel":"","context":"In &quot;Deutsch&quot;","block_context":{"text":"Deutsch","link":"https:\/\/www.achimbrueckner.de\/dxradio\/php\/wordpress\/?cat=1"},"img":{"alt_text":"","src":"","width":0,"height":0},"classes":[]},{"id":8915,"url":"https:\/\/www.achimbrueckner.de\/dxradio\/php\/wordpress\/?p=8915","url_meta":{"origin":265,"position":3},"title":"IFA-Radiotreffen 2016","author":"Administrator","date":"July 23, 2016","format":false,"excerpt":"IFA-Radiotreffen 2016 Das traditionelle Radiotreffen zur Internationalen Funkausstellung in Berlin (IFA) findet in diesem Jahr am Samstag, den 3. September 2016 statt. Es richtet sich an DX-er, Funkamateure, SWLs oder allgemein radiointeressierte Hobbyfreunde. Wie schon in fr\u00fcheren Jahren nutzen wir dazu die R\u00e4ume des Preu\u00dfischen Landwirtshauses gleich in der N\u00e4he\u2026","rel":"","context":"In &quot;camps&quot;","block_context":{"text":"camps","link":"https:\/\/www.achimbrueckner.de\/dxradio\/php\/wordpress\/?cat=5"},"img":{"alt_text":"","src":"","width":0,"height":0},"classes":[]},{"id":1133,"url":"https:\/\/www.achimbrueckner.de\/dxradio\/php\/wordpress\/?p=1133","url_meta":{"origin":265,"position":4},"title":"46. DX Camp des Rhein-Main-Radio-Clubs","author":"Administrator","date":"September 8, 2010","format":false,"excerpt":"Einladung zum 46. DX Camp des Rhein-Main-Radio-Clubs Das mittlerweile 46. RMRC - DX - Camp findet traditionell im Naturfreundehaus auf dem Wingertskippel in 63505 Langenselbold bei Hanau vom 27.September bis zum 3.Oktober 2010 statt. Die ersten Camp-Tage sind wie immer vorwiegend zum H\u00f6ren. Hier gibt es Grasnarben DX mit unterschiedlichen\u2026","rel":"","context":"In &quot;camps&quot;","block_context":{"text":"camps","link":"https:\/\/www.achimbrueckner.de\/dxradio\/php\/wordpress\/?cat=5"},"img":{"alt_text":"","src":"","width":0,"height":0},"classes":[]},{"id":5458,"url":"https:\/\/www.achimbrueckner.de\/dxradio\/php\/wordpress\/?p=5458","url_meta":{"origin":265,"position":5},"title":"IFA Radiotreffen 5 September 2015","author":"Administrator","date":"August 6, 2015","format":false,"excerpt":"Das traditionelle Radiotreffen zur Internationalen Funkausstellung in Berlin (IFA) findet in diesem Jahr am Samstag, den 5. September 2015 statt. Es richtet sich an DX-er, Funkamateure, SWLs oder allgemein radiointeressierte Hobbyfreunde. Wie schon in fr\u00fcheren Jahren nutzen wir dazu die R\u00e4ume des Preu\u00dfischen Landwirtshauses gleich in der N\u00e4he des Messegel\u00e4ndes\u2026","rel":"","context":"In &quot;camps&quot;","block_context":{"text":"camps","link":"https:\/\/www.achimbrueckner.de\/dxradio\/php\/wordpress\/?cat=5"},"img":{"alt_text":"","src":"","width":0,"height":0},"classes":[]}],"_links":{"self":[{"href":"https:\/\/www.achimbrueckner.de\/dxradio\/php\/wordpress\/index.php?rest_route=\/wp\/v2\/posts\/265","targetHints":{"allow":["GET"]}}],"collection":[{"href":"https:\/\/www.achimbrueckner.de\/dxradio\/php\/wordpress\/index.php?rest_route=\/wp\/v2\/posts"}],"about":[{"href":"https:\/\/www.achimbrueckner.de\/dxradio\/php\/wordpress\/index.php?rest_route=\/wp\/v2\/types\/post"}],"author":[{"embeddable":true,"href":"https:\/\/www.achimbrueckner.de\/dxradio\/php\/wordpress\/index.php?rest_route=\/wp\/v2\/users\/1"}],"replies":[{"embeddable":true,"href":"https:\/\/www.achimbrueckner.de\/dxradio\/php\/wordpress\/index.php?rest_route=%2Fwp%2Fv2%2Fcomments&post=265"}],"version-history":[{"count":0,"href":"https:\/\/www.achimbrueckner.de\/dxradio\/php\/wordpress\/index.php?rest_route=\/wp\/v2\/posts\/265\/revisions"}],"wp:attachment":[{"href":"https:\/\/www.achimbrueckner.de\/dxradio\/php\/wordpress\/index.php?rest_route=%2Fwp%2Fv2%2Fmedia&parent=265"}],"wp:term":[{"taxonomy":"category","embeddable":true,"href":"https:\/\/www.achimbrueckner.de\/dxradio\/php\/wordpress\/index.php?rest_route=%2Fwp%2Fv2%2Fcategories&post=265"},{"taxonomy":"post_tag","embeddable":true,"href":"https:\/\/www.achimbrueckner.de\/dxradio\/php\/wordpress\/index.php?rest_route=%2Fwp%2Fv2%2Ftags&post=265"}],"curies":[{"name":"wp","href":"https:\/\/api.w.org\/{rel}","templated":true}]}}