{"id":26526,"date":"2020-01-04T13:33:04","date_gmt":"2020-01-04T13:33:04","guid":{"rendered":"https:\/\/www.achimbrueckner.de\/dxradio\/php\/wordpress\/?p=26526"},"modified":"2020-01-04T13:33:04","modified_gmt":"2020-01-04T13:33:04","slug":"medien-ovp-und-grune-wollen-orf-unabhangig-finanzieren","status":"publish","type":"post","link":"https:\/\/www.achimbrueckner.de\/dxradio\/php\/wordpress\/?p=26526","title":{"rendered":"Medien: \u00d6VP und Gr\u00fcne wollen ORF &#8220;unabh\u00e4ngig&#8221; finanzieren"},"content":{"rendered":"<p><a href=\"https:\/\/www.derstandard.de\/story\/2000112850974\/medien-oevp-und-gruene-wollen-orf-unabhaengig-finanzieren\" rel=\"noopener noreferrer\" target=\"_blank\">https:\/\/www.derstandard.de\/story\/2000112850974\/medien-oevp-und-gruene-wollen-orf-unabhaengig-finanzieren<\/a><\/p>\n","protected":false},"excerpt":{"rendered":"<p>https:\/\/www.derstandard.de\/story\/2000112850974\/medien-oevp-und-gruene-wollen-orf-unabhaengig-finanzieren<\/p>\n","protected":false},"author":1,"featured_media":0,"comment_status":"closed","ping_status":"open","sticky":false,"template":"","format":"standard","meta":{"_jetpack_memberships_contains_paid_content":false,"footnotes":"","jetpack_publicize_message":"","jetpack_publicize_feature_enabled":true,"jetpack_social_post_already_shared":true,"jetpack_social_options":{"image_generator_settings":{"template":"highway","default_image_id":0,"font":"","enabled":false},"version":2}},"categories":[1,15],"tags":[45],"class_list":["post-26526","post","type-post","status-publish","format-standard","hentry","category-deutsch","category-medien","tag-medien"],"jetpack_publicize_connections":[],"jetpack_featured_media_url":"","jetpack_sharing_enabled":true,"jetpack_shortlink":"https:\/\/wp.me\/p5CDmr-6TQ","jetpack-related-posts":[{"id":18071,"url":"https:\/\/www.achimbrueckner.de\/dxradio\/php\/wordpress\/?p=18071","url_meta":{"origin":26526,"position":0},"title":"Die ORF-Medien: \u00d6sterreich in Fernsehen, Radio und Digital","author":"Administrator","date":"June 5, 2018","format":false,"excerpt":"https:\/\/medianet.at\/news\/marketing-and-media\/die-orf-medien-oesterreich-in-fernsehen-radio-und-digital-20725.html","rel":"","context":"In &quot;Deutsch&quot;","block_context":{"text":"Deutsch","link":"https:\/\/www.achimbrueckner.de\/dxradio\/php\/wordpress\/?cat=1"},"img":{"alt_text":"","src":"","width":0,"height":0},"classes":[]},{"id":7408,"url":"https:\/\/www.achimbrueckner.de\/dxradio\/php\/wordpress\/?p=7408","url_meta":{"origin":26526,"position":1},"title":"Radiotest: F\u00fcnf Mio. h\u00f6ren ORF und 2,2, Mio. Private","author":"Administrator","date":"January 30, 2016","format":false,"excerpt":"http:\/\/diepresse.com\/home\/kultur\/medien\/4913762\/Radiotest_Funf-Mio-horen-ORF-und-22-Mio-Private?from=rss","rel":"","context":"In &quot;Deutsch&quot;","block_context":{"text":"Deutsch","link":"https:\/\/www.achimbrueckner.de\/dxradio\/php\/wordpress\/?cat=1"},"img":{"alt_text":"","src":"","width":0,"height":0},"classes":[]},{"id":21916,"url":"https:\/\/www.achimbrueckner.de\/dxradio\/php\/wordpress\/?p=21916","url_meta":{"origin":26526,"position":2},"title":"ORF warnt vor Verstaatlichung des Rundfunks in \u00d6sterreich","author":"Administrator","date":"March 1, 2019","format":false,"excerpt":"https:\/\/www.handelsblatt.com\/unternehmen\/it-medien\/plaene-von-fpoe-und-oevp-orf-warnt-vor-verstaatlichung-des-rundfunks-in-oesterreich\/24051354.html?ticket=ST-1867898-fYsA74Q5n9MnqL9yaJ2Q-ap2","rel":"","context":"In &quot;Deutsch&quot;","block_context":{"text":"Deutsch","link":"https:\/\/www.achimbrueckner.de\/dxradio\/php\/wordpress\/?cat=1"},"img":{"alt_text":"","src":"","width":0,"height":0},"classes":[]},{"id":13656,"url":"https:\/\/www.achimbrueckner.de\/dxradio\/php\/wordpress\/?p=13656","url_meta":{"origin":26526,"position":3},"title":"\u00d6sterreichs gr\u00f6\u00dfte Medienh\u00e4user: ORF weit vor allen Verlagen und Privatsendern","author":"Administrator","date":"July 9, 2017","format":false,"excerpt":"http:\/\/derstandard.at\/2000060594731\/Oesterreichs-groesste-Medienhaeuser-ORF-weit-vor-allen-Verlagen-und-Privatsendern","rel":"","context":"In &quot;Deutsch&quot;","block_context":{"text":"Deutsch","link":"https:\/\/www.achimbrueckner.de\/dxradio\/php\/wordpress\/?cat=1"},"img":{"alt_text":"","src":"","width":0,"height":0},"classes":[]},{"id":38979,"url":"https:\/\/www.achimbrueckner.de\/dxradio\/php\/wordpress\/?p=38979","url_meta":{"origin":26526,"position":4},"title":"RTL gr\u00fcndet Venture Fond und will Startups finanzieren","author":"Administrator","date":"March 3, 2023","format":false,"excerpt":"https:\/\/www.meedia.de\/medien\/rtl-gruendet-venture-fond-und-will-startups-finanzieren-16e650baf1f428ec396973ae092a1d7b","rel":"","context":"In &quot;Deutsch&quot;","block_context":{"text":"Deutsch","link":"https:\/\/www.achimbrueckner.de\/dxradio\/php\/wordpress\/?cat=1"},"img":{"alt_text":"","src":"","width":0,"height":0},"classes":[]},{"id":9000,"url":"https:\/\/www.achimbrueckner.de\/dxradio\/php\/wordpress\/?p=9000","url_meta":{"origin":26526,"position":5},"title":"Politischer Machtkampf um den ORF","author":"Administrator","date":"August 1, 2016","format":false,"excerpt":"http:\/\/www.handelsblatt.com\/unternehmen\/it-medien\/medienkommissar\/der-medien-kommissar-politischer-machtkampf-um-den-orf\/13953172.html","rel":"","context":"In &quot;Deutsch&quot;","block_context":{"text":"Deutsch","link":"https:\/\/www.achimbrueckner.de\/dxradio\/php\/wordpress\/?cat=1"},"img":{"alt_text":"","src":"","width":0,"height":0},"classes":[]}],"_links":{"self":[{"href":"https:\/\/www.achimbrueckner.de\/dxradio\/php\/wordpress\/index.php?rest_route=\/wp\/v2\/posts\/26526","targetHints":{"allow":["GET"]}}],"collection":[{"href":"https:\/\/www.achimbrueckner.de\/dxradio\/php\/wordpress\/index.php?rest_route=\/wp\/v2\/posts"}],"about":[{"href":"https:\/\/www.achimbrueckner.de\/dxradio\/php\/wordpress\/index.php?rest_route=\/wp\/v2\/types\/post"}],"author":[{"embeddable":true,"href":"https:\/\/www.achimbrueckner.de\/dxradio\/php\/wordpress\/index.php?rest_route=\/wp\/v2\/users\/1"}],"replies":[{"embeddable":true,"href":"https:\/\/www.achimbrueckner.de\/dxradio\/php\/wordpress\/index.php?rest_route=%2Fwp%2Fv2%2Fcomments&post=26526"}],"version-history":[{"count":0,"href":"https:\/\/www.achimbrueckner.de\/dxradio\/php\/wordpress\/index.php?rest_route=\/wp\/v2\/posts\/26526\/revisions"}],"wp:attachment":[{"href":"https:\/\/www.achimbrueckner.de\/dxradio\/php\/wordpress\/index.php?rest_route=%2Fwp%2Fv2%2Fmedia&parent=26526"}],"wp:term":[{"taxonomy":"category","embeddable":true,"href":"https:\/\/www.achimbrueckner.de\/dxradio\/php\/wordpress\/index.php?rest_route=%2Fwp%2Fv2%2Fcategories&post=26526"},{"taxonomy":"post_tag","embeddable":true,"href":"https:\/\/www.achimbrueckner.de\/dxradio\/php\/wordpress\/index.php?rest_route=%2Fwp%2Fv2%2Ftags&post=26526"}],"curies":[{"name":"wp","href":"https:\/\/api.w.org\/{rel}","templated":true}]}}