{"id":26569,"date":"2020-01-06T18:14:57","date_gmt":"2020-01-06T18:14:57","guid":{"rendered":"https:\/\/www.achimbrueckner.de\/dxradio\/php\/wordpress\/?p=26569"},"modified":"2020-01-06T18:14:57","modified_gmt":"2020-01-06T18:14:57","slug":"vue-js-tutorial-schritt-fur-schritt-zur-eigenen-app","status":"publish","type":"post","link":"https:\/\/www.achimbrueckner.de\/dxradio\/php\/wordpress\/?p=26569","title":{"rendered":"Vue.js Tutorial: Schritt f\u00fcr Schritt zur eigenen App"},"content":{"rendered":"<p><a href=\"https:\/\/www.df.eu\/blog\/vue-js-tutorial-schritt-fuer-schritt-zur-eigenen-app\/\" rel=\"noopener noreferrer\" target=\"_blank\">https:\/\/www.df.eu\/blog\/vue-js-tutorial-schritt-fuer-schritt-zur-eigenen-app\/<\/a><\/p>\n","protected":false},"excerpt":{"rendered":"<p>https:\/\/www.df.eu\/blog\/vue-js-tutorial-schritt-fuer-schritt-zur-eigenen-app\/<\/p>\n","protected":false},"author":1,"featured_media":0,"comment_status":"closed","ping_status":"open","sticky":false,"template":"","format":"standard","meta":{"_jetpack_memberships_contains_paid_content":false,"footnotes":"","jetpack_publicize_message":"","jetpack_publicize_feature_enabled":true,"jetpack_social_post_already_shared":true,"jetpack_social_options":{"image_generator_settings":{"template":"highway","default_image_id":0,"font":"","enabled":false},"version":2}},"categories":[1],"tags":[],"class_list":["post-26569","post","type-post","status-publish","format-standard","hentry","category-deutsch"],"jetpack_publicize_connections":[],"jetpack_featured_media_url":"","jetpack_sharing_enabled":true,"jetpack_shortlink":"https:\/\/wp.me\/p5CDmr-6Ux","jetpack-related-posts":[{"id":10991,"url":"https:\/\/www.achimbrueckner.de\/dxradio\/php\/wordpress\/?p=10991","url_meta":{"origin":26569,"position":0},"title":"Belgien macht den n\u00e4chsten Schritt zur UKW-Abschaltung","author":"Administrator","date":"November 10, 2016","format":false,"excerpt":"http:\/\/www.radioempfang.digital\/news\/belgien-macht-den-naechsten-schritt-zur-ukw-abschaltung\/","rel":"","context":"In &quot;Deutsch&quot;","block_context":{"text":"Deutsch","link":"https:\/\/www.achimbrueckner.de\/dxradio\/php\/wordpress\/?cat=1"},"img":{"alt_text":"","src":"","width":0,"height":0},"classes":[]},{"id":6512,"url":"https:\/\/www.achimbrueckner.de\/dxradio\/php\/wordpress\/?p=6512","url_meta":{"origin":26569,"position":1},"title":"News-Dauerschleife als erster Schritt zur Abstumpfung: der mediale Overkill nach dem Terror in Paris","author":"Administrator","date":"November 16, 2015","format":false,"excerpt":"http:\/\/meedia.de\/2015\/11\/16\/news-dauerschleife-als-erster-schritt-zur-abstumpfung-der-mediale-overkill-nach-dem-terror-in-paris\/","rel":"","context":"In &quot;Deutsch&quot;","block_context":{"text":"Deutsch","link":"https:\/\/www.achimbrueckner.de\/dxradio\/php\/wordpress\/?cat=1"},"img":{"alt_text":"","src":"","width":0,"height":0},"classes":[]},{"id":2790,"url":"https:\/\/www.achimbrueckner.de\/dxradio\/php\/wordpress\/?p=2790","url_meta":{"origin":26569,"position":2},"title":"Empfang &#038; Decodierung von Utility-Sendung in STANAG4285","author":"Administrator","date":"December 15, 2013","format":false,"excerpt":"Moin, moin - f\u00fcr Empfang & Decodierung von Utility-Sendung in STANAG4285 habe ich ein kleines Paper mit Schritt-f\u00fcr-Schritt-Anleitung geschrieben, die \"betreffsgegenst\u00e4ndliche\" Empf\u00e4nge t\u00e4glich m\u00f6glich machen: http:\/\/www.udxf.nl\/Somes%20Notes%20on%20STANAG%204285.pdf Die Sache ist mit 24 Screenshots eing\u00e4ngig illustriert und visualisiert - meines Wissens erstmals in der Hobbyliteratur - auch die Wirkung des \"Equalizers\". Zudem\u2026","rel":"","context":"In &quot;Deutsch&quot;","block_context":{"text":"Deutsch","link":"https:\/\/www.achimbrueckner.de\/dxradio\/php\/wordpress\/?cat=1"},"img":{"alt_text":"","src":"","width":0,"height":0},"classes":[]},{"id":26407,"url":"https:\/\/www.achimbrueckner.de\/dxradio\/php\/wordpress\/?p=26407","url_meta":{"origin":26569,"position":3},"title":"WDR sorgt mit Kinderchor-Video f\u00fcr Wut \u2013 \u201eWie erb\u00e4rmlich ist das denn?\u201c Sender geht drastischen Schritt","author":"Administrator","date":"December 28, 2019","format":false,"excerpt":"https:\/\/www.derwesten.de\/region\/wdr-sorgt-mit-diesem-video-fuer-wut-wie-erbaermlich-ist-das-denn-sender-geht-drastischen-schritt-id228009701.html","rel":"","context":"In &quot;Deutsch&quot;","block_context":{"text":"Deutsch","link":"https:\/\/www.achimbrueckner.de\/dxradio\/php\/wordpress\/?cat=1"},"img":{"alt_text":"","src":"","width":0,"height":0},"classes":[]},{"id":22801,"url":"https:\/\/www.achimbrueckner.de\/dxradio\/php\/wordpress\/?p=22801","url_meta":{"origin":26569,"position":4},"title":"Schritt ins Digitale","author":"Administrator","date":"April 18, 2019","format":false,"excerpt":"https:\/\/www.sueddeutsche.de\/medien\/radio-schritt-ins-digitale-1.4407490","rel":"","context":"In &quot;Deutsch&quot;","block_context":{"text":"Deutsch","link":"https:\/\/www.achimbrueckner.de\/dxradio\/php\/wordpress\/?cat=1"},"img":{"alt_text":"","src":"","width":0,"height":0},"classes":[]},{"id":16888,"url":"https:\/\/www.achimbrueckner.de\/dxradio\/php\/wordpress\/?p=16888","url_meta":{"origin":26569,"position":5},"title":"Mit der Digitalisierung Schritt halten","author":"Administrator","date":"March 13, 2018","format":false,"excerpt":"https:\/\/www.berchtesgadener-anzeiger.de\/startseite_artikel,-mit-der-digitalisierung-schritt-halten-_arid,395496.html","rel":"","context":"In &quot;Deutsch&quot;","block_context":{"text":"Deutsch","link":"https:\/\/www.achimbrueckner.de\/dxradio\/php\/wordpress\/?cat=1"},"img":{"alt_text":"","src":"","width":0,"height":0},"classes":[]}],"_links":{"self":[{"href":"https:\/\/www.achimbrueckner.de\/dxradio\/php\/wordpress\/index.php?rest_route=\/wp\/v2\/posts\/26569","targetHints":{"allow":["GET"]}}],"collection":[{"href":"https:\/\/www.achimbrueckner.de\/dxradio\/php\/wordpress\/index.php?rest_route=\/wp\/v2\/posts"}],"about":[{"href":"https:\/\/www.achimbrueckner.de\/dxradio\/php\/wordpress\/index.php?rest_route=\/wp\/v2\/types\/post"}],"author":[{"embeddable":true,"href":"https:\/\/www.achimbrueckner.de\/dxradio\/php\/wordpress\/index.php?rest_route=\/wp\/v2\/users\/1"}],"replies":[{"embeddable":true,"href":"https:\/\/www.achimbrueckner.de\/dxradio\/php\/wordpress\/index.php?rest_route=%2Fwp%2Fv2%2Fcomments&post=26569"}],"version-history":[{"count":0,"href":"https:\/\/www.achimbrueckner.de\/dxradio\/php\/wordpress\/index.php?rest_route=\/wp\/v2\/posts\/26569\/revisions"}],"wp:attachment":[{"href":"https:\/\/www.achimbrueckner.de\/dxradio\/php\/wordpress\/index.php?rest_route=%2Fwp%2Fv2%2Fmedia&parent=26569"}],"wp:term":[{"taxonomy":"category","embeddable":true,"href":"https:\/\/www.achimbrueckner.de\/dxradio\/php\/wordpress\/index.php?rest_route=%2Fwp%2Fv2%2Fcategories&post=26569"},{"taxonomy":"post_tag","embeddable":true,"href":"https:\/\/www.achimbrueckner.de\/dxradio\/php\/wordpress\/index.php?rest_route=%2Fwp%2Fv2%2Ftags&post=26569"}],"curies":[{"name":"wp","href":"https:\/\/api.w.org\/{rel}","templated":true}]}}