{"id":26588,"date":"2020-01-07T18:37:54","date_gmt":"2020-01-07T18:37:54","guid":{"rendered":"https:\/\/www.achimbrueckner.de\/dxradio\/php\/wordpress\/?p=26588"},"modified":"2020-01-07T18:37:54","modified_gmt":"2020-01-07T18:37:54","slug":"funf-jahre-danach-literaturkritiker-charlie-hebdo-attentat-hat-franzosische-literatur-gepragt","status":"publish","type":"post","link":"https:\/\/www.achimbrueckner.de\/dxradio\/php\/wordpress\/?p=26588","title":{"rendered":"F\u00fcnf Jahre danach Literaturkritiker: \u201eCharlie Hebdo\u201c-Attentat hat franz\u00f6sische Literatur gepr\u00e4gt"},"content":{"rendered":"<p><a href=\"https:\/\/www.deutschlandfunk.de\/fuenf-jahre-danach-literaturkritiker-charlie-hebdo-attentat.691.de.html?dram:article_id=467329\" rel=\"noopener noreferrer\" target=\"_blank\">https:\/\/www.deutschlandfunk.de\/fuenf-jahre-danach-literaturkritiker-charlie-hebdo-attentat.691.de.html?dram:article_id=467329<\/a><\/p>\n","protected":false},"excerpt":{"rendered":"<p>https:\/\/www.deutschlandfunk.de\/fuenf-jahre-danach-literaturkritiker-charlie-hebdo-attentat.691.de.html?dram:article_id=467329<\/p>\n","protected":false},"author":1,"featured_media":0,"comment_status":"closed","ping_status":"open","sticky":false,"template":"","format":"standard","meta":{"_jetpack_memberships_contains_paid_content":false,"footnotes":"","jetpack_publicize_message":"","jetpack_publicize_feature_enabled":true,"jetpack_social_post_already_shared":true,"jetpack_social_options":{"image_generator_settings":{"template":"highway","default_image_id":0,"font":"","enabled":false},"version":2}},"categories":[1],"tags":[24],"class_list":["post-26588","post","type-post","status-publish","format-standard","hentry","category-deutsch","tag-am"],"jetpack_publicize_connections":[],"jetpack_featured_media_url":"","jetpack_sharing_enabled":true,"jetpack_shortlink":"https:\/\/wp.me\/p5CDmr-6UQ","jetpack-related-posts":[{"id":13723,"url":"https:\/\/www.achimbrueckner.de\/dxradio\/php\/wordpress\/?p=13723","url_meta":{"origin":26588,"position":0},"title":"Muslim FM radio station broadcast 25 hours of Al Qaeda speeches calling for a holy war &#8216;by mistake&#8217;","author":"Administrator","date":"July 13, 2017","format":false,"excerpt":"http:\/\/www.dailymail.co.uk\/news\/article-4676424\/Muslim-FM-radio-station-broadcast-25-hours-hate-speech.html http:\/\/www.independent.co.uk\/news\/uk\/home-news\/iman-fc-muslim-radio-station-sheffield-al-qaeda-anwar-al-awlaki-charlie-hebdo-hate-speech-jihadi-a7830256.html","rel":"","context":"In &quot;English&quot;","block_context":{"text":"English","link":"https:\/\/www.achimbrueckner.de\/dxradio\/php\/wordpress\/?cat=2"},"img":{"alt_text":"","src":"","width":0,"height":0},"classes":[]},{"id":37154,"url":"https:\/\/www.achimbrueckner.de\/dxradio\/php\/wordpress\/?p=37154","url_meta":{"origin":26588,"position":1},"title":"\u201eGeheimakte 1972\u201d: ANTENNE BAYERN ver\u00f6ffentlicht Podcast \u00fcber das Olympia-Attentat in M\u00fcnchen","author":"Administrator","date":"August 1, 2022","format":false,"excerpt":"https:\/\/www.radiowoche.de\/geheimakte-1972-antenne-bayern-veroeffentlicht-podcast-ueber-das-olympia-attentat-in-muenchen\/","rel":"","context":"In &quot;Deutsch&quot;","block_context":{"text":"Deutsch","link":"https:\/\/www.achimbrueckner.de\/dxradio\/php\/wordpress\/?cat=1"},"img":{"alt_text":"","src":"","width":0,"height":0},"classes":[]},{"id":25393,"url":"https:\/\/www.achimbrueckner.de\/dxradio\/php\/wordpress\/?p=25393","url_meta":{"origin":26588,"position":2},"title":"Halle-Attentat: Innenminister wollen Facebook und Twitch zur Rechenschaft ziehen","author":"Administrator","date":"October 19, 2019","format":false,"excerpt":"https:\/\/www.heise.de\/newsticker\/meldung\/Halle-Attentat-Innenminister-wollen-Facebook-und-Twitch-zur-Rechenschaft-ziehen-4560959.html","rel":"","context":"In &quot;Deutsch&quot;","block_context":{"text":"Deutsch","link":"https:\/\/www.achimbrueckner.de\/dxradio\/php\/wordpress\/?cat=1"},"img":{"alt_text":"","src":"","width":0,"height":0},"classes":[]},{"id":27306,"url":"https:\/\/www.achimbrueckner.de\/dxradio\/php\/wordpress\/?p=27306","url_meta":{"origin":26588,"position":3},"title":"Attentat in Hanau Der perfekte Verschw\u00f6rungstheoretiker","author":"Administrator","date":"February 24, 2020","format":false,"excerpt":"https:\/\/netzpolitik.org\/2020\/der-perfekte-verschwoerungstheoretiker-hanau-whatsapp-sprachnachrichten\/","rel":"","context":"In &quot;Deutsch&quot;","block_context":{"text":"Deutsch","link":"https:\/\/www.achimbrueckner.de\/dxradio\/php\/wordpress\/?cat=1"},"img":{"alt_text":"","src":"","width":0,"height":0},"classes":[]},{"id":1241,"url":"https:\/\/www.achimbrueckner.de\/dxradio\/php\/wordpress\/?p=1241","url_meta":{"origin":26588,"position":4},"title":"John F. Kennedy &#8211; historische Aufnahmen","author":"Administrator","date":"November 22, 2010","format":false,"excerpt":"heute vor 47 Jahren wurde in Dallas der damalige US-Pr\u00e4sident John F. Kennedy ermordet. Ein Mann, der sich \"David von Pein\" nennt, hat Aufzeichungen der Berichterstattung \u00fcber das Attentat zusammengetragen und auf Youtube ver\u00f6ffentlicht. Eine \u00dcbersicht findet sich hier: http:\/\/kennedy-videos.blogspot.com Info via Net-Radio","rel":"","context":"In &quot;links&quot;","block_context":{"text":"links","link":"https:\/\/www.achimbrueckner.de\/dxradio\/php\/wordpress\/?cat=7"},"img":{"alt_text":"","src":"","width":0,"height":0},"classes":[]},{"id":8535,"url":"https:\/\/www.achimbrueckner.de\/dxradio\/php\/wordpress\/?p=8535","url_meta":{"origin":26588,"position":5},"title":"Einladung zum H\u00f6rertreffen R\u00d6I \/ Freundestreffen DokuFunk \/ A-DX Treffen","author":"Administrator","date":"June 18, 2016","format":false,"excerpt":"Einladung zum H\u00f6rertreffen R\u00d6I \/ Freundestreffen DokuFunk \/ A-DX Treffen auf der HAM RADIO in Friedrichshafen. Samstag, 25.06.2016, 12 Uhr auf der HAM Radio Messe - Konferenz-Zentrum West, Raum Liechtenstein. \"Amateurfunk unter, auf und \u00fcber der Erde\" ist der Vortrag von Wolf Harranth. Danach wird Christoph Ratzer von \"Analogen Fernempfang\u2026","rel":"","context":"In &quot;camps&quot;","block_context":{"text":"camps","link":"https:\/\/www.achimbrueckner.de\/dxradio\/php\/wordpress\/?cat=5"},"img":{"alt_text":"","src":"","width":0,"height":0},"classes":[]}],"_links":{"self":[{"href":"https:\/\/www.achimbrueckner.de\/dxradio\/php\/wordpress\/index.php?rest_route=\/wp\/v2\/posts\/26588","targetHints":{"allow":["GET"]}}],"collection":[{"href":"https:\/\/www.achimbrueckner.de\/dxradio\/php\/wordpress\/index.php?rest_route=\/wp\/v2\/posts"}],"about":[{"href":"https:\/\/www.achimbrueckner.de\/dxradio\/php\/wordpress\/index.php?rest_route=\/wp\/v2\/types\/post"}],"author":[{"embeddable":true,"href":"https:\/\/www.achimbrueckner.de\/dxradio\/php\/wordpress\/index.php?rest_route=\/wp\/v2\/users\/1"}],"replies":[{"embeddable":true,"href":"https:\/\/www.achimbrueckner.de\/dxradio\/php\/wordpress\/index.php?rest_route=%2Fwp%2Fv2%2Fcomments&post=26588"}],"version-history":[{"count":0,"href":"https:\/\/www.achimbrueckner.de\/dxradio\/php\/wordpress\/index.php?rest_route=\/wp\/v2\/posts\/26588\/revisions"}],"wp:attachment":[{"href":"https:\/\/www.achimbrueckner.de\/dxradio\/php\/wordpress\/index.php?rest_route=%2Fwp%2Fv2%2Fmedia&parent=26588"}],"wp:term":[{"taxonomy":"category","embeddable":true,"href":"https:\/\/www.achimbrueckner.de\/dxradio\/php\/wordpress\/index.php?rest_route=%2Fwp%2Fv2%2Fcategories&post=26588"},{"taxonomy":"post_tag","embeddable":true,"href":"https:\/\/www.achimbrueckner.de\/dxradio\/php\/wordpress\/index.php?rest_route=%2Fwp%2Fv2%2Ftags&post=26588"}],"curies":[{"name":"wp","href":"https:\/\/api.w.org\/{rel}","templated":true}]}}